{"id":127689,"date":"2024-10-10T19:10:11","date_gmt":"2024-10-10T22:10:11","guid":{"rendered":"https:\/\/cdnoticias.com\/?p=127689"},"modified":"2024-10-10T19:10:13","modified_gmt":"2024-10-10T22:10:13","slug":"uxp-en-olavarria-el-pro-y-los-libertarios-tambien-votaron-contra-las-universidades","status":"publish","type":"post","link":"https:\/\/cdnoticias.com\/index.php\/2024\/10\/10\/uxp-en-olavarria-el-pro-y-los-libertarios-tambien-votaron-contra-las-universidades\/","title":{"rendered":"UxP: \u201cEn Olavarr\u00eda, el PRO y los libertarios tambi\u00e9n votaron contra las universidades\u201d"},"content":{"rendered":"\n<p>El bloque oficialista present\u00f3 un proyecto de preocupaci\u00f3n y rechazo por el veto de Javier Milei a la Ley de Financiamiento Universitario ratificado por el Congreso y emiti\u00f3 un comunicado explicitando el rechazo del Pro y La Libertad Avanza.<\/p>\n\n\n\n<hr class=\"wp-block-separator aligncenter has-alpha-channel-opacity\"\/>\n\n\n\n<p>Luego del <strong>tratamiento de un proyecto en el HCD impulsado por Uni\u00f3n por la Patria para mostrar \u201cpreocupaci\u00f3n\u201d y \u201crechazo\u201d por el veto de Javier Milei a la Ley de Financiamiento Universitario <\/strong>que fue ratificado por la C\u00e1mara de Diputados, <strong>el oficialismo acus\u00f3 al Pro y los bloques libertarios de \u201cvotar contra las universidades\u201d al igual que en el Congreso.<\/strong><\/p>\n\n\n\n<p><strong>El proyecto fue aprobado por mayor\u00eda, pero el presidente del HCD, Guillermo Santell\u00e1n, debi\u00f3 hacer uso de su voto doble<\/strong> ya que los concejales del PRO y los tres bloques libertarios lo rechazaron.<\/p>\n\n\n\n<p>En un comunicado emitido este jueves, el oficialismo destac\u00f3 que<em> \u201clo que m\u00e1s llam\u00f3 la atenci\u00f3n fue la incongruencia entre el discurso de la presidenta del bloque PRO, Guillermina Amespil, en defensa del financiamiento universitario y la posterior votaci\u00f3n negativa de todos los concejales del espacio\u201d.<\/em><\/p>\n\n\n\n<p>&#8220;<em><strong>Muchos somos hijos de la universidad p\u00fablica, no deber\u00eda haber debate&#8221;<\/strong><\/em>, asegur\u00f3 Amespil y agreg\u00f3:<em> &#8220;La universidad p\u00fablica tiene que seguir, tiene que mejorar y tiene que estar financiada&#8221;.<\/em><\/p>\n\n\n\n<p>Sin embargo, <strong>cuando se llev\u00f3 a cabo la votaci\u00f3n del proyecto de comunicaci\u00f3n, el PRO vot\u00f3 en forma negativa junto a los bloques La Libertad Avanza, Cimientos de Libertad y Libertad Olavarr\u00eda.<\/strong><\/p>\n\n\n\n<p><em><strong>&#8220;Nosotros seguiremos acompa\u00f1ando como siempre la defensa por la educaci\u00f3n p\u00fablica y el reclamo de la comunidad universitaria. Lo que sucedi\u00f3 ayer es muy triste pero la lucha seguir\u00e1 creciendo y toda la comunidad deber\u00eda acompa\u00f1arla&#8221;<\/strong><\/em>, manifest\u00f3 la concejal Bel\u00e9n Abraham.<\/p>\n\n\n\n<p>Por su parte, el radical <strong>Francisco Gonz\u00e1lez<\/strong> opin\u00f3:<em><strong> &#8220;Muchos concejales de este recinto son recibidos en esta universidad p\u00fablica al igual que muchos diputados que ayer votaron en contra. Fue muy triste haber visto diputados celebrando el veto y escuchar a algunos diciendo que el problema era votar con el kirchnerismo. Sinceramente, si defiendo mis ideales me importa muy poco con qui\u00e9n estoy votando&#8221;.<\/strong><\/em><\/p>\n","protected":false},"excerpt":{"rendered":"<p>El bloque oficialista present\u00f3 un proyecto de preocupaci\u00f3n y rechazo por el veto de Javier Milei a la Ley de<\/p>\n","protected":false},"author":2,"featured_media":127693,"comment_status":"closed","ping_status":"closed","sticky":false,"template":"","format":"standard","meta":{"_jetpack_memberships_contains_paid_content":false,"footnotes":""},"categories":[4,1],"tags":[],"class_list":["post-127689","post","type-post","status-publish","format-standard","has-post-thumbnail","hentry","category-politica","category-portada"],"jetpack_featured_media_url":"https:\/\/i0.wp.com\/cdnoticias.com\/wp-content\/uploads\/2024\/10\/WhatsApp-Image-2024-10-10-at-11.20.35.jpeg?fit=1280%2C818&ssl=1","jetpack_sharing_enabled":true,"_links":{"self":[{"href":"https:\/\/cdnoticias.com\/index.php\/wp-json\/wp\/v2\/posts\/127689","targetHints":{"allow":["GET"]}}],"collection":[{"href":"https:\/\/cdnoticias.com\/index.php\/wp-json\/wp\/v2\/posts"}],"about":[{"href":"https:\/\/cdnoticias.com\/index.php\/wp-json\/wp\/v2\/types\/post"}],"author":[{"embeddable":true,"href":"https:\/\/cdnoticias.com\/index.php\/wp-json\/wp\/v2\/users\/2"}],"replies":[{"embeddable":true,"href":"https:\/\/cdnoticias.com\/index.php\/wp-json\/wp\/v2\/comments?post=127689"}],"version-history":[{"count":0,"href":"https:\/\/cdnoticias.com\/index.php\/wp-json\/wp\/v2\/posts\/127689\/revisions"}],"wp:featuredmedia":[{"embeddable":true,"href":"https:\/\/cdnoticias.com\/index.php\/wp-json\/wp\/v2\/media\/127693"}],"wp:attachment":[{"href":"https:\/\/cdnoticias.com\/index.php\/wp-json\/wp\/v2\/media?parent=127689"}],"wp:term":[{"taxonomy":"category","embeddable":true,"href":"https:\/\/cdnoticias.com\/index.php\/wp-json\/wp\/v2\/categories?post=127689"},{"taxonomy":"post_tag","embeddable":true,"href":"https:\/\/cdnoticias.com\/index.php\/wp-json\/wp\/v2\/tags?post=127689"}],"curies":[{"name":"wp","href":"https:\/\/api.w.org\/{rel}","templated":true}]}}