{"id":127634,"date":"2024-10-10T15:45:39","date_gmt":"2024-10-10T18:45:39","guid":{"rendered":"https:\/\/cdnoticias.com\/?p=127634"},"modified":"2024-10-10T19:00:26","modified_gmt":"2024-10-10T22:00:26","slug":"femeba-en-olavarria-no-somos-intermediarios-nosotros-somos-los-medicos","status":"publish","type":"post","link":"https:\/\/cdnoticias.com\/index.php\/2024\/10\/10\/femeba-en-olavarria-no-somos-intermediarios-nosotros-somos-los-medicos\/","title":{"rendered":"FEMEBA en Olavarr\u00eda: \u201cNo somos intermediarios, nosotros somos los m\u00e9dicos\u201d"},"content":{"rendered":"<p>Lo dijo el presidente de la Federaci\u00f3n, Guillermo Cobi\u00e1n, quien habl\u00f3 con los medios sobre la relaci\u00f3n con IOMA: \u201cno hay una soluci\u00f3n a la vista porque no hay di\u00e1logo\u201d dijo. Apunt\u00f3 a Homero Giles y busca dialogar con Kicillof. Dudas sobre la prestaci\u00f3n de COCEBA.<!--more--><\/p>\n<hr \/>\n<p><strong>Este jueves estuvieron en Olavarr\u00eda autoridades de la Federaci\u00f3n M\u00e9dica de la provincia de Buenos Aires (FEMEBA)<\/strong> quienes encabezaron una <strong>reuni\u00f3n con autoridades de los C\u00edrculos M\u00e9dicos<\/strong> de la regi\u00f3n donde, <a href=\"https:\/\/cdnoticias.com\/index.php\/2024\/09\/27\/ioma-prescinde-de-los-servicios-de-femeba-en-olavarria\/\" target=\"_blank\" rel=\"noopener\">desde este mes, IOMA cort\u00f3 convenio por sus servicios<\/a>.<\/p>\n<p>El<strong> presidente de FEMEBA, Guillermo Cobian<\/strong>, brind\u00f3 una conferencia de prensa en ese marco en la <strong>sede del C\u00edrculo M\u00e9dico de Olavarr\u00eda<\/strong> donde tambi\u00e9n lo acompa\u00f1\u00f3<em> Sandro Scaffati, vicepresidente de la entidad<\/em>. Se plante\u00f3<strong> un escenario \u201cdif\u00edcil\u201d<\/strong> ante la<strong> falta de di\u00e1logo<\/strong>, con <strong>cr\u00edticas a Homero Giles y al Ministerio de Salud provincial<\/strong>. Tambi\u00e9n con dudas sobre la capacidad de<strong> COCEBA<\/strong> de convocar a profesionales: <strong>\u201cno nos parece muy transparente\u201d<\/strong>.<\/p>\n<blockquote><p>\u201cEl escenario es dif\u00edcil porque es un escenario de conflicto creciente, sin mucha voluntad de di\u00e1logo y que involucra cada vez a m\u00e1s beneficiarios de IOMA y m\u00e1s m\u00e9dicos de la Federaci\u00f3n M\u00e9dica. No es un conflicto al que se le vea una soluci\u00f3n r\u00e1pida, salvo que el Gobernador asuma su responsabilidad sobre la salud de tantos miles de beneficiaros e intervenga. De otra manera parece bastante dif\u00edcil llegar a un arreglo porque directamente no hay di\u00e1logo. Los contactos se dan m\u00e1s a trav\u00e9s de los medios, van subiendo en agresividad, inclusive leo algunos comentarios de IOMA que son ins\u00f3litos en cuanto a la veracidad de lo que se dice. El conflicto es muy serio\u201d present\u00f3 Cobian el contexto del encuentro en Olavarr\u00eda.<\/p><\/blockquote>\n<p>En cuanto al di\u00e1logo con los directivos de los c\u00edrculos de profesionales distritales se\u00f1al\u00f3 que <strong>\u201cla reuni\u00f3n ha sido satisfactoria. Por supuesto, la conclusi\u00f3n es seguir tratando de encontrar una soluci\u00f3n<\/strong> que redunde en la buena atenci\u00f3n m\u00e9dica de todos los beneficiarios del IOMA y que esto no siga creciendo. Y en que los m\u00e9dicos de Olavarr\u00eda y de la regi\u00f3n puedan reencontrarse con sus pacientes\u201d.<\/p>\n<blockquote class=\"instagram-media\" style=\"background: #FFF; border: 0; border-radius: 3px; box-shadow: 0 0 1px 0 rgba(0,0,0,0.5),0 1px 10px 0 rgba(0,0,0,0.15); margin: 1px; max-width: 540px; min-width: 326px; padding: 0; width: calc(100% - 2px);\" data-instgrm-permalink=\"https:\/\/www.instagram.com\/reel\/DA85-x1vHjA\/?utm_source=ig_embed&amp;utm_campaign=loading\" data-instgrm-version=\"14\">\n<div style=\"padding: 16px;\">\n<div style=\"display: flex; flex-direction: row; align-items: center;\">\n<div style=\"background-color: #f4f4f4; border-radius: 50%; flex-grow: 0; height: 40px; margin-right: 14px; width: 40px;\"><\/div>\n<div style=\"display: flex; flex-direction: column; flex-grow: 1; justify-content: center;\">\n<div style=\"background-color: #f4f4f4; border-radius: 4px; flex-grow: 0; height: 14px; margin-bottom: 6px; width: 100px;\"><\/div>\n<div style=\"background-color: #f4f4f4; border-radius: 4px; flex-grow: 0; height: 14px; width: 60px;\"><\/div>\n<\/div>\n<\/div>\n<div style=\"padding: 19% 0;\"><\/div>\n<div style=\"display: block; height: 50px; margin: 0 auto 12px; width: 50px;\"><\/div>\n<div style=\"padding-top: 8px;\">\n<div style=\"color: #3897f0; font-family: Arial,sans-serif; font-size: 14px; font-style: normal; font-weight: 550; line-height: 18px;\">Ver esta publicaci\u00f3n en Instagram<\/div>\n<\/div>\n<div style=\"padding: 12.5% 0;\"><\/div>\n<div style=\"display: flex; flex-direction: row; margin-bottom: 14px; align-items: center;\">\n<div>\n<div style=\"background-color: #f4f4f4; border-radius: 50%; height: 12.5px; width: 12.5px; transform: translateX(0px) translateY(7px);\"><\/div>\n<div style=\"background-color: #f4f4f4; height: 12.5px; transform: rotate(-45deg) translateX(3px) translateY(1px); width: 12.5px; flex-grow: 0; margin-right: 14px; margin-left: 2px;\"><\/div>\n<div style=\"background-color: #f4f4f4; border-radius: 50%; height: 12.5px; width: 12.5px; transform: translateX(9px) translateY(-18px);\"><\/div>\n<\/div>\n<div style=\"margin-left: 8px;\">\n<div style=\"background-color: #f4f4f4; border-radius: 50%; flex-grow: 0; height: 20px; width: 20px;\"><\/div>\n<div style=\"width: 0; height: 0; border-top: 2px solid transparent; border-left: 6px solid #f4f4f4; border-bottom: 2px solid transparent; transform: translateX(16px) translateY(-4px) rotate(30deg);\"><\/div>\n<\/div>\n<div style=\"margin-left: auto;\">\n<div style=\"width: 0px; border-top: 8px solid #F4F4F4; border-right: 8px solid transparent; transform: translateY(16px);\"><\/div>\n<div style=\"background-color: #f4f4f4; flex-grow: 0; height: 12px; width: 16px; transform: translateY(-4px);\"><\/div>\n<div style=\"width: 0; height: 0; border-top: 8px solid #F4F4F4; border-left: 8px solid transparent; transform: translateY(-4px) translateX(8px);\"><\/div>\n<\/div>\n<\/div>\n<div style=\"display: flex; flex-direction: column; flex-grow: 1; justify-content: center; margin-bottom: 24px;\">\n<div style=\"background-color: #f4f4f4; border-radius: 4px; flex-grow: 0; height: 14px; margin-bottom: 6px; width: 224px;\"><\/div>\n<div style=\"background-color: #f4f4f4; border-radius: 4px; flex-grow: 0; height: 14px; width: 144px;\"><\/div>\n<\/div>\n<p style=\"color: #c9c8cd; font-family: Arial,sans-serif; font-size: 14px; line-height: 17px; margin-bottom: 0; margin-top: 8px; overflow: hidden; padding: 8px 0 7px; text-align: center; text-overflow: ellipsis; white-space: nowrap;\"><a style=\"color: #c9c8cd; font-family: Arial,sans-serif; font-size: 14px; font-style: normal; font-weight: normal; line-height: 17px; text-decoration: none;\" href=\"https:\/\/www.instagram.com\/reel\/DA85-x1vHjA\/?utm_source=ig_embed&amp;utm_campaign=loading\" target=\"_blank\" rel=\"noopener\">Una publicaci\u00f3n compartida por Central de Noticias Olavarr\u00eda (@cdnolavarria)<\/a><\/p>\n<\/div>\n<\/blockquote>\n<p><script async src=\"\/\/www.instagram.com\/embed.js\"><\/script><\/p>\n<h3>Sin di\u00e1logo<\/h3>\n<blockquote><p>\u201cNo hay una soluci\u00f3n a la vista porque no hay di\u00e1logo para llegar a esa soluci\u00f3n. No hay una voluntad de di\u00e1logo de IOMA. Yo, por ejemplo, no lo veo al presidente IOMA desde hace m\u00e1s de tres a\u00f1os\u201d dijo el titular de FEMEBA, quien se\u00f1al\u00f3 que el escenario es parecido para otras entidades del mismo tipo que tambi\u00e9n representan profesionales de la salud en la provincia.<\/p><\/blockquote>\n<p>\u201cEn medio del conflicto no hay ninguna chance y ninguna capacidad de di\u00e1logo. Por lo tanto,<strong> no sabemos c\u00f3mo vamos a llegar a una soluci\u00f3n, pero para nosotros es acuciante<\/strong> porque hay un mont\u00f3n de gente en el medio. Son 157 mil beneficiarios\u201d.<\/p>\n<p>Ante la consulta, Cobian respondi\u00f3: <strong>\u201c\u00bfPor qu\u00e9 se produce el conflicto? Eso lo sabe solamente Homero Giles<\/strong>. No lo s\u00e9. \u00bfPor qu\u00e9 no se puede avanzar? Falta de di\u00e1logo. No hay ninguna voluntad de di\u00e1logo\u201d. Luego respondi\u00f3 que <strong>\u201c11 veces\u201d desde FEMEBA se pidi\u00f3 reuni\u00f3n con IOMA<\/strong> y no se dio respuesta.<\/p>\n<figure id=\"attachment_127627\" aria-describedby=\"caption-attachment-127627\" style=\"width: 800px\" class=\"wp-caption aligncenter\"><img data-recalc-dims=\"1\" loading=\"lazy\" decoding=\"async\" class=\"wp-image-127627 size-large\" src=\"https:\/\/i0.wp.com\/cdnoticias.com\/wp-content\/uploads\/2024\/10\/femeba-olavarria3.jpg?resize=800%2C445&#038;ssl=1\" alt=\"\" width=\"800\" height=\"445\" srcset=\"https:\/\/i0.wp.com\/cdnoticias.com\/wp-content\/uploads\/2024\/10\/femeba-olavarria3.jpg?resize=1024%2C570&amp;ssl=1 1024w, https:\/\/i0.wp.com\/cdnoticias.com\/wp-content\/uploads\/2024\/10\/femeba-olavarria3.jpg?resize=300%2C167&amp;ssl=1 300w, https:\/\/i0.wp.com\/cdnoticias.com\/wp-content\/uploads\/2024\/10\/femeba-olavarria3.jpg?resize=768%2C428&amp;ssl=1 768w, https:\/\/i0.wp.com\/cdnoticias.com\/wp-content\/uploads\/2024\/10\/femeba-olavarria3.jpg?resize=800%2C445&amp;ssl=1 800w, https:\/\/i0.wp.com\/cdnoticias.com\/wp-content\/uploads\/2024\/10\/femeba-olavarria3.jpg?w=1072&amp;ssl=1 1072w\" sizes=\"auto, (max-width: 800px) 100vw, 800px\" \/><figcaption id=\"caption-attachment-127627\" class=\"wp-caption-text\">Guillermo Bianco, presidente de FEMEBA.<\/figcaption><\/figure>\n<blockquote><p>Acerca de la intenci\u00f3n de llegar a dialogar con el Gobernador Axel Kicillof, el presidente de la Federaci\u00f3n consider\u00f3 posible que desde IOMA \u201cle han vendido una versi\u00f3n cambiada\u201d al mandatario, \u201caunque \u00faltimamente empezamos a sospechar de que no es tan as\u00ed porque esto es algo que ha llegado a los medios nacionales, que est\u00e1 demasiado p\u00fablico como para que no se haya interiorizado mejor. Pero creemos que tanto el Ministro de Salud, que tiene muchas responsabilidades de este conflicto (tal vez m\u00e1s que el presidente de IOMA) y el mismo presidente de IOMA, le hicieron un diario especial para \u00e9l\u201d.<\/p><\/blockquote>\n<h3>Cr\u00edticas a la gesti\u00f3n<\/h3>\n<p>El titular de FEMEBA expres\u00f3:<strong> \u201cnosotros entendemos que gestionamos en forma transparente y muy bien los recursos que nos da IOMA<\/strong>. Cuando IOMA sale a decir que nosotros nos quedamos con el 30% del dinero, por supuesto que tiene clar\u00edsimo que no es as\u00ed y tiene clar\u00edsimo que hasta el \u00faltimo centavo llega a los m\u00e9dicos. Segundo, <strong>nosotros no somos intermediarios, nosotros somos los m\u00e9dicos\u201d<\/strong>.<\/p>\n<p>En ese punto volvi\u00f3 con cr\u00edticas al presidente de IOMA:<strong> \u201cHomero Giles tambi\u00e9n niega una deuda. Nosotros tenemos 8.000 millones de pesos en deudas<\/strong> y tenemos la documentaci\u00f3n, tenemos todas las facturas aceptadas por IOMA. Y sin embargo, \u00e9l sale a los medios a decir que no nos debe nada. Es muy dif\u00edcil discutir cuando ese es el nivel de debate. Pero <strong>nosotros s\u00ed tenemos un problema y es el problema de los copagos\u201d<\/strong>.<\/p>\n<figure id=\"attachment_127622\" aria-describedby=\"caption-attachment-127622\" style=\"width: 800px\" class=\"wp-caption aligncenter\"><img data-recalc-dims=\"1\" loading=\"lazy\" decoding=\"async\" class=\"wp-image-127622 size-large\" src=\"https:\/\/i0.wp.com\/cdnoticias.com\/wp-content\/uploads\/2024\/10\/femeba-circulomedico-olavarria.jpg?resize=800%2C445&#038;ssl=1\" alt=\"\" width=\"800\" height=\"445\" srcset=\"https:\/\/i0.wp.com\/cdnoticias.com\/wp-content\/uploads\/2024\/10\/femeba-circulomedico-olavarria.jpg?resize=1024%2C570&amp;ssl=1 1024w, https:\/\/i0.wp.com\/cdnoticias.com\/wp-content\/uploads\/2024\/10\/femeba-circulomedico-olavarria.jpg?resize=300%2C167&amp;ssl=1 300w, https:\/\/i0.wp.com\/cdnoticias.com\/wp-content\/uploads\/2024\/10\/femeba-circulomedico-olavarria.jpg?resize=768%2C428&amp;ssl=1 768w, https:\/\/i0.wp.com\/cdnoticias.com\/wp-content\/uploads\/2024\/10\/femeba-circulomedico-olavarria.jpg?resize=800%2C445&amp;ssl=1 800w, https:\/\/i0.wp.com\/cdnoticias.com\/wp-content\/uploads\/2024\/10\/femeba-circulomedico-olavarria.jpg?w=1072&amp;ssl=1 1072w\" sizes=\"auto, (max-width: 800px) 100vw, 800px\" \/><figcaption id=\"caption-attachment-127622\" class=\"wp-caption-text\">Autoridades de FEMEBA se reunieron con miembros de los c\u00edrculos m\u00e9dicos de la regi\u00f3n en Olavarr\u00eda.<\/figcaption><\/figure>\n<p>Explic\u00f3 que existen distintos tipo de copagos, algunos de los cuales est\u00e1n previstos y son regulares para las prestaciones. Em referencia a los que no est\u00e1n regularizados, dijo:<strong> \u201cnosotros no defendemos esos cobros. Nosotros tampoco perseguimos esos cobros porque IOMA tiene la herramienta para eso.<\/strong> Cuando IOMA detecta un cobro indebido puede bajar a ese m\u00e9dico, y de hecho lo hace. Cuando lo hace jam\u00e1s recibi\u00f3 una queja nuestra. IOMA no los baja porque es consciente de que con lo que paga, que de bolsillo a un m\u00e9dico de categor\u00eda no debe llegar a dos mil pesos, sabe que es imposible que el m\u00e9dico lo atienda. Sabe que si lo quiere echar los tiene que echar a todos\u201d.<\/p>\n<blockquote><p>\u201cSi hay alguna autocr\u00edtica que tengamos que hacer es primero confiar en esta gesti\u00f3n que de entrada era una gesti\u00f3n poco confiable y hacerle una serie de concesiones que despu\u00e9s se revirtieron\u201d subray\u00f3 Cobian.<\/p><\/blockquote>\n<h3>La respuesta de los profesionales<\/h3>\n<p><strong>El presidente de FEMEBA expres\u00f3 sentirse \u201cgratamente sorprendido por la conducta de los m\u00e9dicos y por la actitud de las entidades m\u00e9dicas que componen la Federaci\u00f3n\u201d<\/strong> una vez declarado el conflicto. <em>Reconoci\u00f3 que \u201cen general que los m\u00e9dicos no est\u00e1n conformes con FEMEBA, en general los m\u00e9dicos est\u00e1n disconformes.<\/em> Pero est\u00e1n disconformes con los honorarios que consiguen, con que FEMEBA le acepte a IOMA que pague esos honorarios. Pero esta conducta se debe a que <strong>los m\u00e9dicos saben muy bien qui\u00e9n es Homero Giles y qui\u00e9n es IOMA. Entonces a FEMEBA no la quieren mucho. Pero no la cambian por IOMA ni por casualidad\u201d<\/strong>.<\/p>\n<figure id=\"attachment_127624\" aria-describedby=\"caption-attachment-127624\" style=\"width: 800px\" class=\"wp-caption aligncenter\"><img data-recalc-dims=\"1\" loading=\"lazy\" decoding=\"async\" class=\"wp-image-127624 size-large\" src=\"https:\/\/i0.wp.com\/cdnoticias.com\/wp-content\/uploads\/2024\/10\/femeba-olavarria.jpg?resize=800%2C445&#038;ssl=1\" alt=\"\" width=\"800\" height=\"445\" srcset=\"https:\/\/i0.wp.com\/cdnoticias.com\/wp-content\/uploads\/2024\/10\/femeba-olavarria.jpg?resize=1024%2C570&amp;ssl=1 1024w, https:\/\/i0.wp.com\/cdnoticias.com\/wp-content\/uploads\/2024\/10\/femeba-olavarria.jpg?resize=300%2C167&amp;ssl=1 300w, https:\/\/i0.wp.com\/cdnoticias.com\/wp-content\/uploads\/2024\/10\/femeba-olavarria.jpg?resize=768%2C428&amp;ssl=1 768w, https:\/\/i0.wp.com\/cdnoticias.com\/wp-content\/uploads\/2024\/10\/femeba-olavarria.jpg?resize=800%2C445&amp;ssl=1 800w, https:\/\/i0.wp.com\/cdnoticias.com\/wp-content\/uploads\/2024\/10\/femeba-olavarria.jpg?w=1072&amp;ssl=1 1072w\" sizes=\"auto, (max-width: 800px) 100vw, 800px\" \/><figcaption id=\"caption-attachment-127624\" class=\"wp-caption-text\">Sandro Scaffati (vicepresidente) y Guillermo Cobian (presidente), titulares de FEMEBA.<\/figcaption><\/figure>\n<p>El titular de la entidad indic\u00f3 que <strong>de las 111 entidades que componen FEMEBA, representando a 120 municipios, \u201cun solo Partido ha dicho que va a firmar -no firm\u00f3 a\u00fan- con IOMA. Es el C\u00edrculo M\u00e9dico de Jun\u00edn<\/strong>. Ha tenido una asamblea donde participaron 25% de los socios, ah\u00ed decidieron que iban a firmar un convenio transitorio con IOMA que todav\u00eda no ha sido suscripto\u201d.<\/p>\n<p>M\u00e1s adelante, fue consultado por las expresiones de Giles acerca de un posible acuerdo con COCEBA para las prestaciones de IOMA en la regi\u00f3n.<strong> \u201cNosotros lo conocemos a COCEBA desde hace mucho tiempo<\/strong>. Sabemos c\u00f3mo naci\u00f3, sabemos que fue una concesi\u00f3n en su momento de algunos intendentes de la regi\u00f3n y que despu\u00e9s se agrand\u00f3. Y <strong>sabemos tambi\u00e9n qui\u00e9nes est\u00e1n en la conducci\u00f3n. Conocemos sus antecedentes penales, sus antecedentes en las demandas que tienen<\/strong> y dem\u00e1s\u201d.<\/p>\n<blockquote><p>En ese marco apunt\u00f3 a la \u201cefectividad\u201d de la prestaci\u00f3n. Afirm\u00f3: \u201cno nos parece muy transparente pero b\u00e1sicamente creemos que el COCEBA, a veces por necesidad pol\u00edtica y a veces por necesidad econ\u00f3mica, va a estar predispuesto a firmar. Lo que no sabemos es c\u00f3mo le van a responder los m\u00e9dicos en cada lugar\u201d.<\/p><\/blockquote>\n<figure id=\"attachment_127626\" aria-describedby=\"caption-attachment-127626\" style=\"width: 800px\" class=\"wp-caption aligncenter\"><img data-recalc-dims=\"1\" loading=\"lazy\" decoding=\"async\" class=\"wp-image-127626 size-large\" src=\"https:\/\/i0.wp.com\/cdnoticias.com\/wp-content\/uploads\/2024\/10\/femeba-olavarria2.jpg?resize=800%2C445&#038;ssl=1\" alt=\"\" width=\"800\" height=\"445\" srcset=\"https:\/\/i0.wp.com\/cdnoticias.com\/wp-content\/uploads\/2024\/10\/femeba-olavarria2.jpg?resize=1024%2C570&amp;ssl=1 1024w, https:\/\/i0.wp.com\/cdnoticias.com\/wp-content\/uploads\/2024\/10\/femeba-olavarria2.jpg?resize=300%2C167&amp;ssl=1 300w, https:\/\/i0.wp.com\/cdnoticias.com\/wp-content\/uploads\/2024\/10\/femeba-olavarria2.jpg?resize=768%2C428&amp;ssl=1 768w, https:\/\/i0.wp.com\/cdnoticias.com\/wp-content\/uploads\/2024\/10\/femeba-olavarria2.jpg?resize=800%2C445&amp;ssl=1 800w, https:\/\/i0.wp.com\/cdnoticias.com\/wp-content\/uploads\/2024\/10\/femeba-olavarria2.jpg?w=1072&amp;ssl=1 1072w\" sizes=\"auto, (max-width: 800px) 100vw, 800px\" \/><figcaption id=\"caption-attachment-127626\" class=\"wp-caption-text\">Cobian: &#8220;No sabemos c\u00f3mo vamos a llegar a una soluci\u00f3n, pero para nosotros es acuciante&#8221;.<\/figcaption><\/figure>\n<h4>\u201cConsecuencias pol\u00edticas\u201d<\/h4>\n<blockquote><p>Cobian estim\u00f3 que \u201cel que obtenga una victoria ac\u00e1 va a ser a lo pirro. FEMEBA a\u00fan ganando va a salir lastimada de todo esto. IOMA seguramente va a salir perdiendo. Me da mucha pena por IOMA porque m\u00e1s all\u00e1 de esta gesti\u00f3n, IOMA como instituci\u00f3n es una buena obra social. Da cobertura a mucha gente, por ah\u00ed no es eficiente desde el punto de vista administrativo, pero a la hora de dar respuesta de verdad siempre dio respuesta. Reci\u00e9n con esta gesti\u00f3n es que no hacen reintegros, no se consiguen los oncol\u00f3gicos, no tienen buen descuento en medicamentos\u201d.<\/p><\/blockquote>\n<p>Sostuvo que <strong>el resultado de esta situaci\u00f3n tendr\u00e1 \u201cconsecuencias pol\u00edticas<\/strong>. As\u00ed que, si bien la Federaci\u00f3n M\u00e9dica es una entidad que tiene mucho que ver con la formaci\u00f3n m\u00e9dica, con la calidad de la atenci\u00f3n m\u00e9dica, que le brinda servicios a los m\u00e9dicos y dem\u00e1s, b\u00e1sicamente<strong> el factor aglutinante es que FEMEBA es una entidad que brinda trabajo<\/strong>, es el nexo para que los m\u00e9dicos puedan trabajar. Y IOMA es gran parte de ese trabajo. Entonces, <strong>el hecho de perder IOMA significa perder una parte importante de la principal funci\u00f3n de la Federaci\u00f3n\u201d.<\/strong><\/p>\n","protected":false},"excerpt":{"rendered":"<p>Lo dijo el presidente de la Federaci\u00f3n, Guillermo Cobi\u00e1n, quien habl\u00f3 con los medios sobre la relaci\u00f3n con IOMA: \u201cno<\/p>\n","protected":false},"author":4,"featured_media":127623,"comment_status":"closed","ping_status":"closed","sticky":false,"template":"","format":"standard","meta":{"_jetpack_memberships_contains_paid_content":false,"footnotes":""},"categories":[4,1],"tags":[],"class_list":["post-127634","post","type-post","status-publish","format-standard","has-post-thumbnail","hentry","category-politica","category-portada"],"jetpack_featured_media_url":"https:\/\/i0.wp.com\/cdnoticias.com\/wp-content\/uploads\/2024\/10\/femeba-circulomedico-olavarria1.jpg?fit=1072%2C596&ssl=1","jetpack_sharing_enabled":true,"_links":{"self":[{"href":"https:\/\/cdnoticias.com\/index.php\/wp-json\/wp\/v2\/posts\/127634","targetHints":{"allow":["GET"]}}],"collection":[{"href":"https:\/\/cdnoticias.com\/index.php\/wp-json\/wp\/v2\/posts"}],"about":[{"href":"https:\/\/cdnoticias.com\/index.php\/wp-json\/wp\/v2\/types\/post"}],"author":[{"embeddable":true,"href":"https:\/\/cdnoticias.com\/index.php\/wp-json\/wp\/v2\/users\/4"}],"replies":[{"embeddable":true,"href":"https:\/\/cdnoticias.com\/index.php\/wp-json\/wp\/v2\/comments?post=127634"}],"version-history":[{"count":0,"href":"https:\/\/cdnoticias.com\/index.php\/wp-json\/wp\/v2\/posts\/127634\/revisions"}],"wp:featuredmedia":[{"embeddable":true,"href":"https:\/\/cdnoticias.com\/index.php\/wp-json\/wp\/v2\/media\/127623"}],"wp:attachment":[{"href":"https:\/\/cdnoticias.com\/index.php\/wp-json\/wp\/v2\/media?parent=127634"}],"wp:term":[{"taxonomy":"category","embeddable":true,"href":"https:\/\/cdnoticias.com\/index.php\/wp-json\/wp\/v2\/categories?post=127634"},{"taxonomy":"post_tag","embeddable":true,"href":"https:\/\/cdnoticias.com\/index.php\/wp-json\/wp\/v2\/tags?post=127634"}],"curies":[{"name":"wp","href":"https:\/\/api.w.org\/{rel}","templated":true}]}}