{"id":127594,"date":"2024-10-10T08:39:57","date_gmt":"2024-10-10T11:39:57","guid":{"rendered":"https:\/\/cdnoticias.com\/?p=127594"},"modified":"2024-10-10T08:39:59","modified_gmt":"2024-10-10T11:39:59","slug":"uxp-presentara-un-proyecto-de-preocupacion-y-rechazo-al-veto-del-financiamiento-universitario","status":"publish","type":"post","link":"https:\/\/cdnoticias.com\/index.php\/2024\/10\/10\/uxp-presentara-un-proyecto-de-preocupacion-y-rechazo-al-veto-del-financiamiento-universitario\/","title":{"rendered":"UxP presentar\u00e1 un proyecto de \u201cpreocupaci\u00f3n y rechazo\u201d al veto del financiamiento universitario"},"content":{"rendered":"\n<p>Se tratar\u00e1 en la sesi\u00f3n del HCD de este jueves. \u201cPedimos a todos los concejales que acompa\u00f1en este proyecto y nos ayuden con su voto a sentar una postura pol\u00edtica un\u00edvoca de todo el arco pol\u00edtico de Olavarr\u00eda\u201d indicaron.<\/p>\n\n\n\n<hr class=\"wp-block-separator aligncenter has-alpha-channel-opacity\"\/>\n\n\n\n<p>Tras conocerse la ratificaci\u00f3n al veto del Presidente Milei de la Ley de Financiamiento Universitario<strong>, el bloque de Uni\u00f3n por la Patria en el Concejo Deliberante pidi\u00f3 \u201cdefender a nuestra universidad\u201d y present\u00f3 un proyecto de \u201cpreocupaci\u00f3n y rechazo\u201d a la medida del Presidente ratificada por el Congreso.<\/strong><\/p>\n\n\n\n<p><em>\u201cDesde el bloque de concejales de Uni\u00f3n por la Patria de Olavarr\u00eda repudiamos el veto a la Ley de Financiamiento conseguido por el gobierno nacional en acuerdo con el PRO\u201d <\/em>indicaron en un comunicado.<\/p>\n\n\n\n<p>Tambi\u00e9n expresaron apoyo<strong><em> \u201ca docentes y trabajadores de las universidades nacionales que convocaron a un paro total de actividades y ratificamos nuestro acompa\u00f1amiento a la lucha en defensa de la educaci\u00f3n p\u00fablica en todos sus niveles\u201d.<\/em><\/strong><\/p>\n\n\n\n<p>En simult\u00e1neo con el paro nacional \u201c<em><strong>el HCD tratar\u00e1 en sesi\u00f3n ordinaria un proyecto de nuestra autor\u00eda pidiendo que el cuerpo exprese su preocupaci\u00f3n y rechazo por el veto de Javier Milei, ahora ratificado por este grupo de 85 diputados que defraud\u00f3 la voluntad popular de proteger la universidad p\u00fablica\u201d.<\/strong><\/em><\/p>\n\n\n\n<blockquote class=\"wp-block-quote is-layout-flow wp-block-quote-is-layout-flow\">\n<p>Pidieron a los concejales <em>\u201cque acompa\u00f1en este proyecto y nos ayuden con su voto a sentar una postura pol\u00edtica un\u00edvoca de todo el arco pol\u00edtico de Olavarr\u00eda en defensa de uno de los m\u00e1ximos emblemas de nuestro pa\u00eds y principal herramienta para la movilidad social ascendente\u201d.<\/em><\/p>\n<\/blockquote>\n\n\n\n<p><em>\u201cA 50 a\u00f1os de la creaci\u00f3n de la Universidad Nacional del Centro (UNICEN), ratificamos su importancia como un actor fundamental de nuestra regi\u00f3n y llamamos a no permanecer inactivos ante las pol\u00edticas que ponen en riesgo su continuidad<\/em>\u201d cerraron.<\/p>\n","protected":false},"excerpt":{"rendered":"<p>Se tratar\u00e1 en la sesi\u00f3n del HCD de este jueves. \u201cPedimos a todos los concejales que acompa\u00f1en este proyecto y<\/p>\n","protected":false},"author":2,"featured_media":127034,"comment_status":"closed","ping_status":"closed","sticky":false,"template":"","format":"standard","meta":{"_jetpack_memberships_contains_paid_content":false,"footnotes":""},"categories":[4,1],"tags":[],"class_list":["post-127594","post","type-post","status-publish","format-standard","has-post-thumbnail","hentry","category-politica","category-portada"],"jetpack_featured_media_url":"https:\/\/i0.wp.com\/cdnoticias.com\/wp-content\/uploads\/2024\/10\/hcd-sesion-especial-calle-lomanegra-06.jpg?fit=800%2C445&ssl=1","jetpack_sharing_enabled":true,"_links":{"self":[{"href":"https:\/\/cdnoticias.com\/index.php\/wp-json\/wp\/v2\/posts\/127594","targetHints":{"allow":["GET"]}}],"collection":[{"href":"https:\/\/cdnoticias.com\/index.php\/wp-json\/wp\/v2\/posts"}],"about":[{"href":"https:\/\/cdnoticias.com\/index.php\/wp-json\/wp\/v2\/types\/post"}],"author":[{"embeddable":true,"href":"https:\/\/cdnoticias.com\/index.php\/wp-json\/wp\/v2\/users\/2"}],"replies":[{"embeddable":true,"href":"https:\/\/cdnoticias.com\/index.php\/wp-json\/wp\/v2\/comments?post=127594"}],"version-history":[{"count":0,"href":"https:\/\/cdnoticias.com\/index.php\/wp-json\/wp\/v2\/posts\/127594\/revisions"}],"wp:featuredmedia":[{"embeddable":true,"href":"https:\/\/cdnoticias.com\/index.php\/wp-json\/wp\/v2\/media\/127034"}],"wp:attachment":[{"href":"https:\/\/cdnoticias.com\/index.php\/wp-json\/wp\/v2\/media?parent=127594"}],"wp:term":[{"taxonomy":"category","embeddable":true,"href":"https:\/\/cdnoticias.com\/index.php\/wp-json\/wp\/v2\/categories?post=127594"},{"taxonomy":"post_tag","embeddable":true,"href":"https:\/\/cdnoticias.com\/index.php\/wp-json\/wp\/v2\/tags?post=127594"}],"curies":[{"name":"wp","href":"https:\/\/api.w.org\/{rel}","templated":true}]}}