{"id":127573,"date":"2024-10-09T20:41:28","date_gmt":"2024-10-09T23:41:28","guid":{"rendered":"https:\/\/cdnoticias.com\/?p=127573"},"modified":"2024-10-09T20:41:30","modified_gmt":"2024-10-09T23:41:30","slug":"como-estara-el-tiempo-para-olavarria-este-jueves-10-de-octubre","status":"publish","type":"post","link":"https:\/\/cdnoticias.com\/index.php\/2024\/10\/09\/como-estara-el-tiempo-para-olavarria-este-jueves-10-de-octubre\/","title":{"rendered":"C\u00f3mo estar\u00e1 el tiempo para Olavarr\u00eda este jueves 10 de octubre"},"content":{"rendered":"\n<p>Habr\u00e1 una jornada variable, con un aumento significativo en la temperatura, t\u00edpico de la transici\u00f3n primaveral. A continuaci\u00f3n, el detalle del pron\u00f3stico.<\/p>\n\n\n\n<hr class=\"wp-block-separator aligncenter has-alpha-channel-opacity\"\/>\n\n\n\n<p>Durante la madrugada,<strong> el cielo estar\u00e1 mayormente nublado, con una temperatura m\u00ednima de 6\u00b0C.<\/strong> El viento soplar\u00e1 desde el norte con una intensidad de entre 13 y 22 km\/h, generando un ambiente <strong>fresco pero estable.<\/strong><\/p>\n\n\n\n<p><strong>En la ma\u00f1ana, las condiciones continuar\u00e1n similares, con cielos mayormente nublados y una temperatura que ascender\u00e1 a 15\u00b0C.<\/strong> El viento mantendr\u00e1 su direcci\u00f3n predominante del norte, soplando a la misma velocidad, lo que ayudar\u00e1 a moderar la sensaci\u00f3n t\u00e9rmica.<\/p>\n\n\n\n<p>Por la tarde, <strong>se espera que el cielo se despeje parcialmente, permitiendo la llegada de los rayos de sol. La temperatura alcanzar\u00e1 su m\u00e1ximo de 24\u00b0C,<\/strong> creando un ambiente mucho m\u00e1s c\u00e1lido, mientras que el viento seguir\u00e1 del norte con intensidades de entre 13 y 22 km\/h.<\/p>\n\n\n\n<p>Al llegar la noche, <strong>el cielo volver\u00e1 a nublarse mayormente, con una temperatura de 18\u00b0C. El viento persistir\u00e1 en direcci\u00f3n norte, sin grandes cambios en su velocidad.<\/strong><\/p>\n\n\n\n<p><strong>Este jueves promete temperaturas agradables, especialmente por la tarde, ideales para actividades al aire libre<\/strong>. Sin embargo, el cielo mayormente nublado a lo largo del d\u00eda podr\u00eda limitar la exposici\u00f3n solar.<\/p>\n","protected":false},"excerpt":{"rendered":"<p>Habr\u00e1 una jornada variable, con un aumento significativo en la temperatura, t\u00edpico de la transici\u00f3n primaveral. A continuaci\u00f3n, el detalle<\/p>\n","protected":false},"author":2,"featured_media":118742,"comment_status":"closed","ping_status":"closed","sticky":false,"template":"","format":"standard","meta":{"_jetpack_memberships_contains_paid_content":false,"footnotes":""},"categories":[5],"tags":[],"class_list":["post-127573","post","type-post","status-publish","format-standard","has-post-thumbnail","hentry","category-informacion-general"],"jetpack_featured_media_url":"https:\/\/i0.wp.com\/cdnoticias.com\/wp-content\/uploads\/2024\/06\/olavarria-ciudad-clima-nublado-atardecer-00.jpg?fit=1000%2C556&ssl=1","jetpack_sharing_enabled":true,"_links":{"self":[{"href":"https:\/\/cdnoticias.com\/index.php\/wp-json\/wp\/v2\/posts\/127573","targetHints":{"allow":["GET"]}}],"collection":[{"href":"https:\/\/cdnoticias.com\/index.php\/wp-json\/wp\/v2\/posts"}],"about":[{"href":"https:\/\/cdnoticias.com\/index.php\/wp-json\/wp\/v2\/types\/post"}],"author":[{"embeddable":true,"href":"https:\/\/cdnoticias.com\/index.php\/wp-json\/wp\/v2\/users\/2"}],"replies":[{"embeddable":true,"href":"https:\/\/cdnoticias.com\/index.php\/wp-json\/wp\/v2\/comments?post=127573"}],"version-history":[{"count":0,"href":"https:\/\/cdnoticias.com\/index.php\/wp-json\/wp\/v2\/posts\/127573\/revisions"}],"wp:featuredmedia":[{"embeddable":true,"href":"https:\/\/cdnoticias.com\/index.php\/wp-json\/wp\/v2\/media\/118742"}],"wp:attachment":[{"href":"https:\/\/cdnoticias.com\/index.php\/wp-json\/wp\/v2\/media?parent=127573"}],"wp:term":[{"taxonomy":"category","embeddable":true,"href":"https:\/\/cdnoticias.com\/index.php\/wp-json\/wp\/v2\/categories?post=127573"},{"taxonomy":"post_tag","embeddable":true,"href":"https:\/\/cdnoticias.com\/index.php\/wp-json\/wp\/v2\/tags?post=127573"}],"curies":[{"name":"wp","href":"https:\/\/api.w.org\/{rel}","templated":true}]}}