{"id":127568,"date":"2024-10-29T17:14:20","date_gmt":"2024-10-29T20:14:20","guid":{"rendered":"https:\/\/cdnoticias.com\/?p=127568"},"modified":"2024-10-29T17:14:38","modified_gmt":"2024-10-29T20:14:38","slug":"__trashed-2","status":"publish","type":"post","link":"https:\/\/cdnoticias.com\/index.php\/2024\/10\/29\/__trashed-2\/","title":{"rendered":"Katopodis llama a un \u201capag\u00f3n nacional\u201d para protestar contra los tarifazos"},"content":{"rendered":"\n<p>La convocatoria fue hecha en el marco del Foro Multisectorial Contra los Tarifazos para el pr\u00f3ximo 31 de octubre a las 21 horas.<\/p>\n\n\n\n<hr class=\"wp-block-separator aligncenter has-alpha-channel-opacity\"\/>\n\n\n\n<p>El ministro de Infraestructura y Servicios P\u00fablicos bonaerense, <strong>Gabriel Katopodis, convoc\u00f3 a trav\u00e9s de las redes sociales a un \u201capag\u00f3n nacional\u201d para el pr\u00f3ximo 31 de octubre a las 21 horas,<\/strong> con el objetivo de <strong>protestar contra los tarifazos del gobierno de Javier Milei.<\/strong><\/p>\n\n\n\n<p><\/p>\n\n\n\n<p>La convocatoria de Katopodis surge en el marco del <strong>Foro Multisectorial Contra los Tarifazos. <\/strong>El mismo, se\u00f1al\u00f3 el ministro, llama \u201ca todos los argentinos y argentinas a apagar la luz en rechazo al tarifazo de Milei y Caputo, que no se puede seguir aguantando\u201d.<\/p>\n\n\n\n<p><\/p>\n\n\n\n<p><strong>\u201cEsta es una mesa representativa de asociaciones de PyMEs, usuarios, consumidores, comerciantes, jubilados, sindicatos, inquilinos, universidades, clubes de barrio, cooperativas, clubes de f\u00fatbol, espacios culturales y referentes sociales de todo el pa\u00eds que expresan un plan de acci\u00f3n frente a este aumento irracional\u201d,<\/strong> explic\u00f3 Katopodis.<\/p>\n\n\n\n<p><\/p>\n\n\n\n<p>El funcionario de Axel Kicillof sostuvo que <strong>de los tarifazos \u201cno se salva nadie\u201d<\/strong> y que los mismos son \u201c<strong>un golpe final para millones de familias que tienen que enfrentar todo con un solo bolsillo\u201d.<\/strong><\/p>\n\n\n\n<p><\/p>\n\n\n\n<blockquote class=\"wp-block-quote is-layout-flow wp-block-quote-is-layout-flow\">\n<p>\u201cLo \u00fanico que no vamos a hacer todos los que estamos ac\u00e1, en representaci\u00f3n de un sector muy diverso de la sociedad, es quedarnos de brazos cruzados\u201d, asegur\u00f3.<\/p>\n<\/blockquote>\n\n\n\n<p><\/p>\n\n\n\n<p>Asimismo, en di\u00e1logo con Radio Provincia dijo que <strong><em>\u201cMilei dijo que el esfuerzo lo iban a hacer los ricos, no fue as\u00ed, nos enga\u00f1\u00f3 a todos\u201d.<\/em><\/strong><\/p>\n\n\n\n<p><\/p>\n\n\n\n<p>\u201cVamos a seguir exigiendo y peticionando al Gobierno nacional para que congele las tarifas de los servicios p\u00fablicos, de transporte y que haga las inversiones necesarias para que la calidad de esos servicios sean las que merecen los usuarios y consumido\u201d cerr\u00f3.<\/p>\n\n\n\n<p><\/p>\n\n\n\n<p><em>Fuente: DIB<\/em><\/p>\n","protected":false},"excerpt":{"rendered":"<p>La convocatoria fue hecha en el marco del Foro Multisectorial Contra los Tarifazos para el pr\u00f3ximo 31 de octubre a<\/p>\n","protected":false},"author":6,"featured_media":127569,"comment_status":"closed","ping_status":"closed","sticky":false,"template":"","format":"standard","meta":{"_jetpack_memberships_contains_paid_content":false,"footnotes":""},"categories":[6,1],"tags":[],"class_list":["post-127568","post","type-post","status-publish","format-standard","has-post-thumbnail","hentry","category-nacionales","category-portada"],"jetpack_featured_media_url":"https:\/\/i0.wp.com\/cdnoticias.com\/wp-content\/uploads\/2024\/10\/FORO-CONTRA-LOS-TARIFAZOS-696x410-1.jpg?fit=696%2C410&ssl=1","jetpack_sharing_enabled":true,"_links":{"self":[{"href":"https:\/\/cdnoticias.com\/index.php\/wp-json\/wp\/v2\/posts\/127568","targetHints":{"allow":["GET"]}}],"collection":[{"href":"https:\/\/cdnoticias.com\/index.php\/wp-json\/wp\/v2\/posts"}],"about":[{"href":"https:\/\/cdnoticias.com\/index.php\/wp-json\/wp\/v2\/types\/post"}],"author":[{"embeddable":true,"href":"https:\/\/cdnoticias.com\/index.php\/wp-json\/wp\/v2\/users\/6"}],"replies":[{"embeddable":true,"href":"https:\/\/cdnoticias.com\/index.php\/wp-json\/wp\/v2\/comments?post=127568"}],"version-history":[{"count":0,"href":"https:\/\/cdnoticias.com\/index.php\/wp-json\/wp\/v2\/posts\/127568\/revisions"}],"wp:featuredmedia":[{"embeddable":true,"href":"https:\/\/cdnoticias.com\/index.php\/wp-json\/wp\/v2\/media\/127569"}],"wp:attachment":[{"href":"https:\/\/cdnoticias.com\/index.php\/wp-json\/wp\/v2\/media?parent=127568"}],"wp:term":[{"taxonomy":"category","embeddable":true,"href":"https:\/\/cdnoticias.com\/index.php\/wp-json\/wp\/v2\/categories?post=127568"},{"taxonomy":"post_tag","embeddable":true,"href":"https:\/\/cdnoticias.com\/index.php\/wp-json\/wp\/v2\/tags?post=127568"}],"curies":[{"name":"wp","href":"https:\/\/api.w.org\/{rel}","templated":true}]}}