{"id":127561,"date":"2024-10-09T19:58:15","date_gmt":"2024-10-09T22:58:15","guid":{"rendered":"https:\/\/cdnoticias.com\/?p=127561"},"modified":"2024-10-09T19:58:17","modified_gmt":"2024-10-09T22:58:17","slug":"wesner-participo-de-una-jornada-regional-con-estudiantes-de-7o-ano-de-escuelas-agrarias","status":"publish","type":"post","link":"https:\/\/cdnoticias.com\/index.php\/2024\/10\/09\/wesner-participo-de-una-jornada-regional-con-estudiantes-de-7o-ano-de-escuelas-agrarias\/","title":{"rendered":"Wesner particip\u00f3 de una jornada regional con estudiantes de 7\u00ba a\u00f1o de Escuelas Agrarias"},"content":{"rendered":"\n<p>\u201cEs importante sostener y valorizar estos establecimientos educativos t\u00e9cnicos, donde los j\u00f3venes aprenden un oficio o una profesi\u00f3n\u201d indic\u00f3 el Intendente.<\/p>\n\n\n\n<hr class=\"wp-block-separator aligncenter has-alpha-channel-opacity\"\/>\n\n\n\n<p>Este mi\u00e9rcoles, el<strong> intendente Maximiliano Wesner<\/strong> particip\u00f3 de un encuentro que realizaron los s\u00e9ptimos grados de las <strong>Escuelas Agrarias de la Regi\u00f3n 24 y 25.<\/strong><\/p>\n\n\n\n<p><\/p>\n\n\n\n<p>La actividad se llev\u00f3 a cabo en la sede de la <strong>Escuela Agraria de Olavarr\u00eda<\/strong> y en la oportunidad los estudiantes y el cuerpo de profesores de los distintos establecimientos dialogaron e intercambiaron experiencias sobre la <strong>evaluaci\u00f3n de proyectos de integraci\u00f3n curricular y elaboraci\u00f3n de propuesta t\u00e9cnicas de los entornos formativos.<\/strong><\/p>\n\n\n\n<p><\/p>\n\n\n\n<p>Primeramente la convocatoria tuvo lugar en el sal\u00f3n comedor del establecimiento y fue encabezada por el intendente Wesner, la Jefa Regional de Educaci\u00f3n Marta Casanella, el Jefe Distrital Julio Ben\u00edtez y referentes educacionales de las regiones 24 y 25 y de la Escuela Agraria.<\/p>\n\n\n\n<p><\/p>\n\n\n\n<p>Durante la presentaci\u00f3n de la jornada Wesner se\u00f1al\u00f3 \u201c<strong>es importante sostener y valorizar estos establecimientos educativos t\u00e9cnicos, donde los j\u00f3venes aprenden un oficio o una profesi\u00f3n\u201d.<\/strong><\/p>\n\n\n\n<p><\/p>\n\n\n\n<figure class=\"wp-block-image aligncenter size-full\"><img data-recalc-dims=\"1\" loading=\"lazy\" decoding=\"async\" width=\"800\" height=\"423\" src=\"https:\/\/i0.wp.com\/cdnoticias.com\/wp-content\/uploads\/2024\/10\/wesner-escuela-agraria.jpg?resize=800%2C423&#038;ssl=1\" alt=\"\" class=\"wp-image-127562\" srcset=\"https:\/\/i0.wp.com\/cdnoticias.com\/wp-content\/uploads\/2024\/10\/wesner-escuela-agraria.jpg?w=900&amp;ssl=1 900w, https:\/\/i0.wp.com\/cdnoticias.com\/wp-content\/uploads\/2024\/10\/wesner-escuela-agraria.jpg?resize=300%2C159&amp;ssl=1 300w, https:\/\/i0.wp.com\/cdnoticias.com\/wp-content\/uploads\/2024\/10\/wesner-escuela-agraria.jpg?resize=768%2C406&amp;ssl=1 768w, https:\/\/i0.wp.com\/cdnoticias.com\/wp-content\/uploads\/2024\/10\/wesner-escuela-agraria.jpg?resize=390%2C205&amp;ssl=1 390w\" sizes=\"auto, (max-width: 800px) 100vw, 800px\" \/><\/figure>\n\n\n\n<p><\/p>\n\n\n\n<p><em>\u201cVenimos trabajando fuertemente con el Gobierno Provincial, con la Jefatura Regional de Educaci\u00f3n y con los directivos para dotarlos de herramientas para que sigan aumentando su producci\u00f3n y de esta forma mejorar sus sistemas productivos, brindando un producto de calidad\u201d<\/em> agreg\u00f3.<\/p>\n\n\n\n<p><\/p>\n\n\n\n<p>Tambi\u00e9n record\u00f3 su paso por el establecimiento junto al Director General de Cultura y Educaci\u00f3n de la provincia de Buenos Aires, Alberto Sileoni y en dicho marco destac\u00f3 que \u201ces una escuela que estamos potenciando y poniendo valor, <strong>hemos firmado un convenio que nos permite la articulaci\u00f3n con la Provincia para poder poner en valor nuevamente los entornos productivos de esa instituci\u00f3n<\/strong> y poder vincular sin lugar a dudas la producci\u00f3n y el trabajo con esa modalidad y esa rama de educaci\u00f3n\u201d.<\/p>\n\n\n\n<p><\/p>\n\n\n\n<p>Luego realizaron una recorrida por los diferentes sectores productivos con lo que cuenta la Escuela Agraria local, como el tambo, momento en cual los j\u00f3venes estudiantes contaron su experiencia y el mejoramiento en los niveles de producci\u00f3n que en estos meses evidenciaron.<\/p>\n\n\n\n<p><\/p>\n\n\n\n<p>En dicho establecimiento se lleva a cabo todo el ciclo productivo que va desde el cuidado de la vaca, el orde\u00f1e y elaboraci\u00f3n de productos derivados de esa materia prima. Otro de los sectores es la cr\u00eda de gallinas ponedoras, animales de granja entre otros.<\/p>\n\n\n\n<p><\/p>\n\n\n\n<figure class=\"wp-block-image aligncenter size-full\"><img data-recalc-dims=\"1\" loading=\"lazy\" decoding=\"async\" width=\"800\" height=\"428\" src=\"https:\/\/i0.wp.com\/cdnoticias.com\/wp-content\/uploads\/2024\/10\/wesner-escuela-agraria2.jpg?resize=800%2C428&#038;ssl=1\" alt=\"\" class=\"wp-image-127564\" srcset=\"https:\/\/i0.wp.com\/cdnoticias.com\/wp-content\/uploads\/2024\/10\/wesner-escuela-agraria2.jpg?w=900&amp;ssl=1 900w, https:\/\/i0.wp.com\/cdnoticias.com\/wp-content\/uploads\/2024\/10\/wesner-escuela-agraria2.jpg?resize=300%2C160&amp;ssl=1 300w, https:\/\/i0.wp.com\/cdnoticias.com\/wp-content\/uploads\/2024\/10\/wesner-escuela-agraria2.jpg?resize=768%2C410&amp;ssl=1 768w\" sizes=\"auto, (max-width: 800px) 100vw, 800px\" \/><\/figure>\n\n\n\n<p><\/p>\n\n\n\n<p>De la jornada participan alumnos de las ciudades de Olavarr\u00eda,&nbsp; Azul, Tapalqu\u00e9, Roque P\u00e9rez, Lobos, Saladillo, General Alvear, Las Flores, Bol\u00edvar y 25 de Mayo.<\/p>\n\n\n\n<p><\/p>\n","protected":false},"excerpt":{"rendered":"<p>\u201cEs importante sostener y valorizar estos establecimientos educativos t\u00e9cnicos, donde los j\u00f3venes aprenden un oficio o una profesi\u00f3n\u201d indic\u00f3 el<\/p>\n","protected":false},"author":6,"featured_media":127563,"comment_status":"closed","ping_status":"closed","sticky":false,"template":"","format":"standard","meta":{"_jetpack_memberships_contains_paid_content":false,"footnotes":""},"categories":[5,1],"tags":[],"class_list":["post-127561","post","type-post","status-publish","format-standard","has-post-thumbnail","hentry","category-informacion-general","category-portada"],"jetpack_featured_media_url":"https:\/\/i0.wp.com\/cdnoticias.com\/wp-content\/uploads\/2024\/10\/wesner-escuela-agraria1.jpg?fit=900%2C519&ssl=1","jetpack_sharing_enabled":true,"_links":{"self":[{"href":"https:\/\/cdnoticias.com\/index.php\/wp-json\/wp\/v2\/posts\/127561","targetHints":{"allow":["GET"]}}],"collection":[{"href":"https:\/\/cdnoticias.com\/index.php\/wp-json\/wp\/v2\/posts"}],"about":[{"href":"https:\/\/cdnoticias.com\/index.php\/wp-json\/wp\/v2\/types\/post"}],"author":[{"embeddable":true,"href":"https:\/\/cdnoticias.com\/index.php\/wp-json\/wp\/v2\/users\/6"}],"replies":[{"embeddable":true,"href":"https:\/\/cdnoticias.com\/index.php\/wp-json\/wp\/v2\/comments?post=127561"}],"version-history":[{"count":0,"href":"https:\/\/cdnoticias.com\/index.php\/wp-json\/wp\/v2\/posts\/127561\/revisions"}],"wp:featuredmedia":[{"embeddable":true,"href":"https:\/\/cdnoticias.com\/index.php\/wp-json\/wp\/v2\/media\/127563"}],"wp:attachment":[{"href":"https:\/\/cdnoticias.com\/index.php\/wp-json\/wp\/v2\/media?parent=127561"}],"wp:term":[{"taxonomy":"category","embeddable":true,"href":"https:\/\/cdnoticias.com\/index.php\/wp-json\/wp\/v2\/categories?post=127561"},{"taxonomy":"post_tag","embeddable":true,"href":"https:\/\/cdnoticias.com\/index.php\/wp-json\/wp\/v2\/tags?post=127561"}],"curies":[{"name":"wp","href":"https:\/\/api.w.org\/{rel}","templated":true}]}}