{"id":127554,"date":"2024-10-09T18:02:43","date_gmt":"2024-10-09T21:02:43","guid":{"rendered":"https:\/\/cdnoticias.com\/?p=127554"},"modified":"2024-10-09T20:19:37","modified_gmt":"2024-10-09T23:19:37","slug":"martin-endere-juro-en-el-consejo-de-la-magistratura","status":"publish","type":"post","link":"https:\/\/cdnoticias.com\/index.php\/2024\/10\/09\/martin-endere-juro-en-el-consejo-de-la-magistratura\/","title":{"rendered":"Mart\u00edn Endere jur\u00f3 en el Consejo de la Magistratura"},"content":{"rendered":"\n<p>Fue este martes en La Plata. Ser\u00e1 Consejero Titular del Consejo de la Magistratura de la provincia de Buenos Aires.<\/p>\n\n\n\n<hr class=\"wp-block-separator aligncenter has-alpha-channel-opacity\"\/>\n\n\n\n<p>Este martes,<strong> el diputado olavarriense del PRO Mart\u00edn Endere jur\u00f3 como Consejero Titular del Consejo de la Magistratura <\/strong>de la provincia de Buenos Aires.<\/p>\n\n\n\n<p>En este marco, en una nueva sesi\u00f3n plenaria,<strong> el vicepresidente del Consejo Facundo Tignanelli le tom\u00f3 juramento a Mart\u00edn Endere en reemplazo de Fernando Compagnoni. <\/strong>En el mismo acto, el diputado Valent\u00edn Miranda jur\u00f3 como consejero suplente.<\/p>\n\n\n\n<p>Seg\u00fan explic\u00f3 el propio Endere, durante la sesi\u00f3n<em> \u201cse abordaron los informes de Presidencia; de Secretar\u00eda, estado de los concursos, procesos de selecci\u00f3n y cuadro de vacantes\u201d.<\/em><\/p>\n\n\n\n<p>Adem\u00e1s, el legislador bonaerense dijo que<em><strong> \u201ctambi\u00e9n se trataron temas de la Escuela Judicial; \u00f3rdenes de m\u00e9rito definitivos, provisorios, elaboraci\u00f3n de ternas y listados en procesos de selecci\u00f3n\u201d.<\/strong><\/em><\/p>\n\n\n\n<p>Finalmente, Endere se refiri\u00f3 al<strong> Departamento Judicial de Azul<\/strong> y expres\u00f3:<em><strong> \u201cvamos a trabajar para tratar de cubrir todas las vacantes porque sabemos que es una necesidad que nos transmitieron los integrantes del Departamento\u201d.<\/strong><\/em><\/p>\n","protected":false},"excerpt":{"rendered":"<p>Fue este martes en La Plata. Ser\u00e1 Consejero Titular del Consejo de la Magistratura de la provincia de Buenos Aires.<\/p>\n","protected":false},"author":2,"featured_media":127555,"comment_status":"closed","ping_status":"closed","sticky":false,"template":"","format":"standard","meta":{"_jetpack_memberships_contains_paid_content":false,"footnotes":""},"categories":[4,1],"tags":[],"class_list":["post-127554","post","type-post","status-publish","format-standard","has-post-thumbnail","hentry","category-politica","category-portada"],"jetpack_featured_media_url":"https:\/\/i0.wp.com\/cdnoticias.com\/wp-content\/uploads\/2024\/10\/WhatsApp-Image-2024-10-09-at-16.15.38.jpeg?fit=973%2C650&ssl=1","jetpack_sharing_enabled":true,"_links":{"self":[{"href":"https:\/\/cdnoticias.com\/index.php\/wp-json\/wp\/v2\/posts\/127554","targetHints":{"allow":["GET"]}}],"collection":[{"href":"https:\/\/cdnoticias.com\/index.php\/wp-json\/wp\/v2\/posts"}],"about":[{"href":"https:\/\/cdnoticias.com\/index.php\/wp-json\/wp\/v2\/types\/post"}],"author":[{"embeddable":true,"href":"https:\/\/cdnoticias.com\/index.php\/wp-json\/wp\/v2\/users\/2"}],"replies":[{"embeddable":true,"href":"https:\/\/cdnoticias.com\/index.php\/wp-json\/wp\/v2\/comments?post=127554"}],"version-history":[{"count":0,"href":"https:\/\/cdnoticias.com\/index.php\/wp-json\/wp\/v2\/posts\/127554\/revisions"}],"wp:featuredmedia":[{"embeddable":true,"href":"https:\/\/cdnoticias.com\/index.php\/wp-json\/wp\/v2\/media\/127555"}],"wp:attachment":[{"href":"https:\/\/cdnoticias.com\/index.php\/wp-json\/wp\/v2\/media?parent=127554"}],"wp:term":[{"taxonomy":"category","embeddable":true,"href":"https:\/\/cdnoticias.com\/index.php\/wp-json\/wp\/v2\/categories?post=127554"},{"taxonomy":"post_tag","embeddable":true,"href":"https:\/\/cdnoticias.com\/index.php\/wp-json\/wp\/v2\/tags?post=127554"}],"curies":[{"name":"wp","href":"https:\/\/api.w.org\/{rel}","templated":true}]}}