{"id":127550,"date":"2024-10-09T18:01:37","date_gmt":"2024-10-09T21:01:37","guid":{"rendered":"https:\/\/cdnoticias.com\/?p=127550"},"modified":"2024-10-09T18:01:40","modified_gmt":"2024-10-09T21:01:40","slug":"el-foro-olavarria-fr-destaco-el-50-aniversario-de-unicen-y-su-importancia-regional","status":"publish","type":"post","link":"https:\/\/cdnoticias.com\/index.php\/2024\/10\/09\/el-foro-olavarria-fr-destaco-el-50-aniversario-de-unicen-y-su-importancia-regional\/","title":{"rendered":"El Foro Olavarr\u00eda FR destac\u00f3 el 50\u00b0 aniversario de UNICEN y su importancia regional"},"content":{"rendered":"\n<p>\u201cLa creaci\u00f3n de la UNICEN fue un paso fundamental para el desarrollo regional. Un modelo exitoso de gesti\u00f3n p\u00fablica en el centro de la provincia\u201d remarc\u00f3 Eduardo Rodr\u00edguez.<\/p>\n\n\n\n<hr class=\"wp-block-separator aligncenter has-alpha-channel-opacity\"\/>\n\n\n\n<p>En 1974, a trav\u00e9s de la Ley 20.753, <strong>se cre\u00f3 la Universidad Nacional del Centro de la Provincia de Buenos Aires,<\/strong> consolidando las gestiones para reunir las estructuras universitarias de las ciudades de Tandil, Olavarr\u00eda y Azul en una universidad nacional.<\/p>\n\n\n\n<p><\/p>\n\n\n\n<p>La UNICEN <strong>comenz\u00f3 a funcionar oficialmente el 1\u00b0 de enero de 1975<\/strong>, y desde entonces ha sido un pilar en la formaci\u00f3n acad\u00e9mica y en el desarrollo de la regi\u00f3n.<\/p>\n\n\n\n<p><\/p>\n\n\n\n<p>En el <strong>marco de su 50\u00b0 aniversario<\/strong>, el Foro Olavarr\u00eda &#8211; Frente Renovador destac\u00f3 la importancia de la Universidad Nacional del Centro de la Provincia de Buenos Aires (UNICEN), y resalt\u00f3 su aporte a la educaci\u00f3n y al desarrollo de Olavarr\u00eda y la regi\u00f3n.<\/p>\n\n\n\n<p><\/p>\n\n\n\n<blockquote class=\"wp-block-quote is-layout-flow wp-block-quote-is-layout-flow\">\n<p>Al respecto, Eduardo Rodr\u00edguez expres\u00f3 que \u201cla creaci\u00f3n de la UNICEN fue un paso fundamental para el desarrollo regional. Un modelo exitoso de gesti\u00f3n p\u00fablica en el centro de la provincia\u201d.<\/p>\n<\/blockquote>\n\n\n\n<p><\/p>\n\n\n\n<p>\u201cUna Universidad con unidades acad\u00e9micas que, con pertinencia social, respetan y acent\u00faan los roles de cada una de las ciudades como Olavarr\u00eda, Tandil, Azul y Quequ\u00e9n (Necochea)\u201d, agreg\u00f3.<\/p>\n\n\n\n<p><\/p>\n\n\n\n<p>A su vez, Rodr\u00edguez hizo llegar su saludo a toda la comunidad universitaria e inst\u00f3 a la defensa de la Universidad P\u00fablica y gratuita \u201choy y siempre\u201d.<\/p>\n\n\n\n<p><\/p>\n\n\n\n<p>Particularmente, desde el Foro Olavarr\u00eda &#8211; Frente Renovador se puso en valor la actividad de las facultades de Ingenier\u00eda, Ciencias de la Salud y Ciencias Sociales, con sede en nuestra ciudad.<\/p>\n\n\n\n<p><\/p>\n\n\n\n<p><strong>\u201cEstas facultades mantienen un estrecho v\u00ednculo con el sector productivo local, fortalecen el sistema de salud p\u00fablica y fomentan la investigaci\u00f3n cient\u00edfica de nuestra regi\u00f3n, contribuyendo significativamente al desarrollo de Olavarr\u00eda y su comunidad\u201d<\/strong>, sostuvieron.<\/p>\n\n\n\n<p><\/p>\n\n\n\n<p>Por otra parte, la referente del Foro Olavarr\u00eda &#8211; Frente Renovador, <strong>In\u00e9s Creimer<\/strong>, destac\u00f3 la importancia de ofrecer a los estudiantes de la regi\u00f3n la posibilidad de <strong>acceder a una educaci\u00f3n superior sin necesidad de trasladarse lejos de sus hogares.<\/strong><\/p>\n\n\n\n<p><\/p>\n\n\n\n<p><em>\u201cEsta cercan\u00eda no solo facilita el acceso a la formaci\u00f3n acad\u00e9mica, sino que tambi\u00e9n promueve la retenci\u00f3n del talento en la comunidad\u201d, <\/em>se\u00f1al\u00f3.<\/p>\n\n\n\n<p><\/p>\n\n\n\n<p>Finalmente, desde Foro Olavarr\u00eda &#8211; Frente Renovador enviaron \u201cun saludo especial a las autoridades, el cuerpo docente, no docente, estudiantes, graduados y toda la comunidad educativa de la UNICEN por su labor y dedicaci\u00f3n en estos a\u00f1os\u201d.<\/p>\n\n\n\n<p><\/p>\n","protected":false},"excerpt":{"rendered":"<p>\u201cLa creaci\u00f3n de la UNICEN fue un paso fundamental para el desarrollo regional. Un modelo exitoso de gesti\u00f3n p\u00fablica en<\/p>\n","protected":false},"author":6,"featured_media":75539,"comment_status":"closed","ping_status":"closed","sticky":false,"template":"","format":"standard","meta":{"_jetpack_memberships_contains_paid_content":false,"footnotes":""},"categories":[4,1],"tags":[],"class_list":["post-127550","post","type-post","status-publish","format-standard","has-post-thumbnail","hentry","category-politica","category-portada"],"jetpack_featured_media_url":"https:\/\/i0.wp.com\/cdnoticias.com\/wp-content\/uploads\/2023\/01\/foro-olavarria-frente-renovador.jpg?fit=843%2C468&ssl=1","jetpack_sharing_enabled":true,"_links":{"self":[{"href":"https:\/\/cdnoticias.com\/index.php\/wp-json\/wp\/v2\/posts\/127550","targetHints":{"allow":["GET"]}}],"collection":[{"href":"https:\/\/cdnoticias.com\/index.php\/wp-json\/wp\/v2\/posts"}],"about":[{"href":"https:\/\/cdnoticias.com\/index.php\/wp-json\/wp\/v2\/types\/post"}],"author":[{"embeddable":true,"href":"https:\/\/cdnoticias.com\/index.php\/wp-json\/wp\/v2\/users\/6"}],"replies":[{"embeddable":true,"href":"https:\/\/cdnoticias.com\/index.php\/wp-json\/wp\/v2\/comments?post=127550"}],"version-history":[{"count":0,"href":"https:\/\/cdnoticias.com\/index.php\/wp-json\/wp\/v2\/posts\/127550\/revisions"}],"wp:featuredmedia":[{"embeddable":true,"href":"https:\/\/cdnoticias.com\/index.php\/wp-json\/wp\/v2\/media\/75539"}],"wp:attachment":[{"href":"https:\/\/cdnoticias.com\/index.php\/wp-json\/wp\/v2\/media?parent=127550"}],"wp:term":[{"taxonomy":"category","embeddable":true,"href":"https:\/\/cdnoticias.com\/index.php\/wp-json\/wp\/v2\/categories?post=127550"},{"taxonomy":"post_tag","embeddable":true,"href":"https:\/\/cdnoticias.com\/index.php\/wp-json\/wp\/v2\/tags?post=127550"}],"curies":[{"name":"wp","href":"https:\/\/api.w.org\/{rel}","templated":true}]}}