{"id":127536,"date":"2024-10-09T20:27:08","date_gmt":"2024-10-09T23:27:08","guid":{"rendered":"https:\/\/cdnoticias.com\/?p=127536"},"modified":"2024-10-10T08:37:53","modified_gmt":"2024-10-10T11:37:53","slug":"este-jueves-sesionara-el-hcd-tres-proyectos-sobre-el-corte-de-medicos-de-ioma","status":"publish","type":"post","link":"https:\/\/cdnoticias.com\/index.php\/2024\/10\/09\/este-jueves-sesionara-el-hcd-tres-proyectos-sobre-el-corte-de-medicos-de-ioma\/","title":{"rendered":"Este jueves sesionar\u00e1 el HCD: tres proyectos sobre el corte de m\u00e9dicos de IOMA"},"content":{"rendered":"<p>Habr\u00e1 20 expedientes en total en debate. Se incluy\u00f3 el pedido de informe de Libertad Olavarr\u00eda sobre locales de esparcimiento nocturno.<!--more--><\/p>\n<hr \/>\n<p>Con <strong>20 expedientes en debate<\/strong> sesionar\u00e1 este jueves desde las 9 el <strong>Concejo Deliberante.<\/strong><\/p>\n<p>El <strong>corte de servicios que impuso IOMA<\/strong> al <a href=\"https:\/\/cdnoticias.com\/index.php\/2024\/09\/27\/ioma-prescinde-de-los-servicios-de-femeba-en-olavarria\/\" target=\"_blank\" rel=\"noopener\">romper el acuerdo con FEMEBA<\/a> ser\u00e1 un tema en tratamiento a trav\u00e9s de tres proyectos presentados.<\/p>\n<blockquote><p>Dos expedientes fueron impulsados por la U.C.R. y la Libertad Avanza, y consisten en sendas comunicaciones para \u201cmanifestar preocupaci\u00f3n\u201d. La tercera iniciativa es de la bancada PRO \u2013 ERF para pedir \u201cla suspensi\u00f3n temporal del descuento obligatorio sobre los haberes de empleados municipales afiliados a IOMA\u201d, que<a href=\"https:\/\/cdnoticias.com\/index.php\/2024\/10\/08\/ioma-concejales-solicitan-la-suspension-temporal-del-descuento-a-los-trabajadores\/\" target=\"_blank\" rel=\"noopener\"> el bloque ya hab\u00eda adelantado<\/a>.<\/p><\/blockquote>\n<p>En el orden del d\u00eda se incluy\u00f3 tambi\u00e9n el <strong>pedido de informe del unibloque Libertad Olavarr\u00eda<\/strong> sobre <strong>locales de esparcimiento nocturno<\/strong>, proyecto impulsado tras conocerse una <a href=\"https:\/\/cdnoticias.com\/index.php\/2024\/10\/08\/hcd-proyecto-por-la-difusion-de-una-imagen-de-jovenes-con-un-arma-de-fuego-en-un-boliche\/\" target=\"_blank\" rel=\"noopener\">imagen publicada en redes sociales que mostraba a un joven con un arma<\/a> la cual hab\u00eda sido tomada dentro de un boliche.<\/p>\n<p>Adem\u00e1s, en la sesi\u00f3n de este jueves <strong>quedar\u00e1 votado el listado de mayores contribuyentes para el periodo 2024 \u2013 2025<\/strong> y se tratar\u00e1 un proyecto de ordenanza de la UCR para<strong> imponer el nombre de \u201cPadre Jes\u00fas Mend\u00eda\u201d a la calle 618<\/strong>, actualmente conocida como avenida Ituzaing\u00f3 Sur.<\/p>\n<p>Asimismo se tratar\u00e1n un <strong>pedido de reparaci\u00f3n de avenida Urquiza<\/strong> entre Perito Moreno y las V\u00edas, y <strong>de Perito Moreno<\/strong> desde Urquiza a Pellegrini; y la solicitud de <strong>colocaci\u00f3n de carteler\u00eda preventiva por la <a href=\"https:\/\/cdnoticias.com\/index.php\/2024\/10\/08\/la-ucr-solicito-medidas-preventivas-por-viboras-en-los-cerros-de-sierras-bayas\/\" target=\"_blank\" rel=\"noopener\">presencia de v\u00edboras<\/a><\/strong> en Sierras Bayas. Ambos proyectos son de UCR.<\/p>\n<p>Impulsados por el bloque oficialista se tratar\u00e1n, entre otros, un<strong> proyecto por \u201cel desfinanciamiento de las escuelas t\u00e9cnicas\u201d<\/strong> y para expresar <strong>rechazo al veto de la Ley de Financiamiento Universitario.<\/strong><\/p>\n","protected":false},"excerpt":{"rendered":"<p>Habr\u00e1 20 expedientes en total en debate. Se incluy\u00f3 el pedido de informe de Libertad Olavarr\u00eda sobre locales de esparcimiento<\/p>\n","protected":false},"author":4,"featured_media":125198,"comment_status":"closed","ping_status":"closed","sticky":false,"template":"","format":"standard","meta":{"_jetpack_memberships_contains_paid_content":false,"footnotes":""},"categories":[4,1],"tags":[],"class_list":["post-127536","post","type-post","status-publish","format-standard","has-post-thumbnail","hentry","category-politica","category-portada"],"jetpack_featured_media_url":"https:\/\/i0.wp.com\/cdnoticias.com\/wp-content\/uploads\/2024\/09\/HCD-sesion-votacion-mayoria.jpg?fit=1000%2C556&ssl=1","jetpack_sharing_enabled":true,"_links":{"self":[{"href":"https:\/\/cdnoticias.com\/index.php\/wp-json\/wp\/v2\/posts\/127536","targetHints":{"allow":["GET"]}}],"collection":[{"href":"https:\/\/cdnoticias.com\/index.php\/wp-json\/wp\/v2\/posts"}],"about":[{"href":"https:\/\/cdnoticias.com\/index.php\/wp-json\/wp\/v2\/types\/post"}],"author":[{"embeddable":true,"href":"https:\/\/cdnoticias.com\/index.php\/wp-json\/wp\/v2\/users\/4"}],"replies":[{"embeddable":true,"href":"https:\/\/cdnoticias.com\/index.php\/wp-json\/wp\/v2\/comments?post=127536"}],"version-history":[{"count":0,"href":"https:\/\/cdnoticias.com\/index.php\/wp-json\/wp\/v2\/posts\/127536\/revisions"}],"wp:featuredmedia":[{"embeddable":true,"href":"https:\/\/cdnoticias.com\/index.php\/wp-json\/wp\/v2\/media\/125198"}],"wp:attachment":[{"href":"https:\/\/cdnoticias.com\/index.php\/wp-json\/wp\/v2\/media?parent=127536"}],"wp:term":[{"taxonomy":"category","embeddable":true,"href":"https:\/\/cdnoticias.com\/index.php\/wp-json\/wp\/v2\/categories?post=127536"},{"taxonomy":"post_tag","embeddable":true,"href":"https:\/\/cdnoticias.com\/index.php\/wp-json\/wp\/v2\/tags?post=127536"}],"curies":[{"name":"wp","href":"https:\/\/api.w.org\/{rel}","templated":true}]}}