{"id":127443,"date":"2024-10-12T08:29:00","date_gmt":"2024-10-12T11:29:00","guid":{"rendered":"https:\/\/cdnoticias.com\/?p=127443"},"modified":"2024-10-12T10:45:35","modified_gmt":"2024-10-12T13:45:35","slug":"este-sabado-inaugura-la-muestra-nano-ponzio-pinturas-en-el-centro-cultural-san-jose","status":"publish","type":"post","link":"https:\/\/cdnoticias.com\/index.php\/2024\/10\/12\/este-sabado-inaugura-la-muestra-nano-ponzio-pinturas-en-el-centro-cultural-san-jose\/","title":{"rendered":"Este s\u00e1bado inaugura la muestra \u201cNano Ponzio Pinturas\u201d en el Centro Cultural San Jos\u00e9"},"content":{"rendered":"\n<p>Ser\u00e1 a las 19:00 en Salas 3 y 4. El artista experimenta con diversos materiales que fueron incorporados a sus pinturas.<\/p>\n\n\n\n<hr class=\"wp-block-separator has-alpha-channel-opacity\"\/>\n\n\n\n<p>Este s\u00e1bado 12 de octubre a las 19 horas se llevar\u00e1 a cabo la apertura de la <strong>muestra del artista azule\u00f1o Fernando \u201cNano\u201d Ponzio en Salas 3 y 4 del Centro Cultural Municipal \u201cSan Jos\u00e9\u201d.<\/strong><\/p>\n\n\n\n<p><\/p>\n\n\n\n<p>Ponzio es un artista visual que <strong>a lo largo de su b\u00fasqueda est\u00e9tica y de estilo particular<\/strong>, ha experimentado con diversos materiales que fueron incorporados en sus pinturas de manera complementaria, siendo la madera el m\u00e1s utilizado para ampliar el efecto visual y enriquecer el acabado, no solo por su versatilidad y calidad, sino por la conexi\u00f3n que ha tenido con \u00e9sta a lo largo de su vida personal y familiar.<\/p>\n\n\n\n<p><\/p>\n\n\n\n<p>Estudi\u00f3 en la Escuela Nacional de Bellas Artes \u00abLuciano Fortabat\u00bb y en talleres particulares.<\/p>\n\n\n\n<p><\/p>\n\n\n\n<p><strong>Su primera muestra fue en 1993 y la \u00faltima en el 2021. E<\/strong>ntre esos a\u00f1os, realiz\u00f3 muchas muestras individuales y algunas colectivas en Azul, Olavarr\u00eda, Tandil, Buenos Aires, como as\u00ed tambi\u00e9n en Brasil y Alemania.<\/p>\n\n\n\n<p><\/p>\n\n\n\n<p>En cert\u00e1menes de pinturas ha participado <strong>obteniendo premios y menciones<\/strong> (Sal\u00f3n Nacional de Bellas Artes de Azul, Sal\u00f3n Nacional de Arte Sacro de Tandil, entre otros).<\/p>\n\n\n\n<p><\/p>\n\n\n\n<p>Tambi\u00e9n incursion\u00f3 en dise\u00f1o gr\u00e1fico (libros, discos), escenograf\u00eda, ambientaciones, relacionado a otras disciplinas art\u00edsticas.<\/p>\n\n\n\n<p><\/p>\n\n\n\n<p>Actualmente <strong>dicta talleres de pintura en su atelier particular y realiza objetos decorativos para la venta.<\/strong><\/p>\n\n\n\n<p><\/p>\n\n\n\n<p>Entre sus muestras individuales se pueden nombrar: \u00abPinturas y Objetos\u00bb (2009), \u00abIndias blancas\u00bb (2010), \u00abDamastramas\u00bb (2012), \u00abNanacita\u00bb (2013), \u00abBaobab\u00bb (2014), \u00abPaisajes pampeanos\u00bb (2016), \u00abAl bar\u00bb (2019) y \u00abLa Silla\u00bb (2021).<\/p>\n\n\n\n<p><\/p>\n\n\n\n<p class=\"has-text-align-center\">Se recuerda que los horarios del Centro Cultural Municipal \u201cSan Jos\u00e9\u201d son en Administraci\u00f3n: lunes a viernes de 7 a 13 horas, en Salas: lunes a viernes de 8 a 18 horas, s\u00e1bados, domingos y feriados de 15 a 19 horas.<\/p>\n","protected":false},"excerpt":{"rendered":"<p>Ser\u00e1 a las 19:00 en Salas 3 y 4. El artista experimenta con diversos materiales que fueron incorporados a sus<\/p>\n","protected":false},"author":2,"featured_media":91254,"comment_status":"closed","ping_status":"closed","sticky":false,"template":"","format":"standard","meta":{"_jetpack_memberships_contains_paid_content":false,"footnotes":""},"categories":[9,1],"tags":[],"class_list":["post-127443","post","type-post","status-publish","format-standard","has-post-thumbnail","hentry","category-cultura","category-portada"],"jetpack_featured_media_url":"https:\/\/i0.wp.com\/cdnoticias.com\/wp-content\/uploads\/2023\/07\/centro-cultural-san-jose-02.jpg?fit=800%2C445&ssl=1","jetpack_sharing_enabled":true,"_links":{"self":[{"href":"https:\/\/cdnoticias.com\/index.php\/wp-json\/wp\/v2\/posts\/127443","targetHints":{"allow":["GET"]}}],"collection":[{"href":"https:\/\/cdnoticias.com\/index.php\/wp-json\/wp\/v2\/posts"}],"about":[{"href":"https:\/\/cdnoticias.com\/index.php\/wp-json\/wp\/v2\/types\/post"}],"author":[{"embeddable":true,"href":"https:\/\/cdnoticias.com\/index.php\/wp-json\/wp\/v2\/users\/2"}],"replies":[{"embeddable":true,"href":"https:\/\/cdnoticias.com\/index.php\/wp-json\/wp\/v2\/comments?post=127443"}],"version-history":[{"count":0,"href":"https:\/\/cdnoticias.com\/index.php\/wp-json\/wp\/v2\/posts\/127443\/revisions"}],"wp:featuredmedia":[{"embeddable":true,"href":"https:\/\/cdnoticias.com\/index.php\/wp-json\/wp\/v2\/media\/91254"}],"wp:attachment":[{"href":"https:\/\/cdnoticias.com\/index.php\/wp-json\/wp\/v2\/media?parent=127443"}],"wp:term":[{"taxonomy":"category","embeddable":true,"href":"https:\/\/cdnoticias.com\/index.php\/wp-json\/wp\/v2\/categories?post=127443"},{"taxonomy":"post_tag","embeddable":true,"href":"https:\/\/cdnoticias.com\/index.php\/wp-json\/wp\/v2\/tags?post=127443"}],"curies":[{"name":"wp","href":"https:\/\/api.w.org\/{rel}","templated":true}]}}