{"id":127439,"date":"2024-10-08T10:01:29","date_gmt":"2024-10-08T13:01:29","guid":{"rendered":"https:\/\/cdnoticias.com\/?p=127439"},"modified":"2024-10-08T17:19:33","modified_gmt":"2024-10-08T20:19:33","slug":"hcd-proyecto-por-la-difusion-de-una-imagen-de-jovenes-con-un-arma-de-fuego-en-un-boliche","status":"publish","type":"post","link":"https:\/\/cdnoticias.com\/index.php\/2024\/10\/08\/hcd-proyecto-por-la-difusion-de-una-imagen-de-jovenes-con-un-arma-de-fuego-en-un-boliche\/","title":{"rendered":"HCD: proyecto por la difusi\u00f3n de una imagen de j\u00f3venes con un arma de fuego en un boliche"},"content":{"rendered":"<p>Es una iniciativa del concejal Marcelo Petehs de Libertad Olavarr\u00eda quien se\u00f1al\u00f3 la \u201calta preocupaci\u00f3n\u201d por lo sucedido.<!--more--><\/p>\n<hr \/>\n<p>En el <strong>Concejo Deliberante de Olavarr\u00eda<\/strong> se present\u00f3 un<strong> proyecto originado en la difusi\u00f3n de una imagen de j\u00f3venes con un arma de fuego en un boliche<\/strong>.<\/p>\n<blockquote><p>Cabe se\u00f1alar que el caso se dio hace pocos d\u00edas y que en la imagen publicada en una red social se observa a tres j\u00f3venes frente a un espejo dentro del ba\u00f1o de un local nocturno y uno de ellos tiene un arma de fuego en a mano.<\/p><\/blockquote>\n<p>La propuesta legislativa fue<strong> impulsada por el concejal Marcelo Petehs del unibloque Libertad Olavarr\u00eda<\/strong> quien se\u00f1al\u00f3 la<strong> \u201calta preocupaci\u00f3n\u201d<\/strong> por lo sucedido.<\/p>\n<p><img data-recalc-dims=\"1\" loading=\"lazy\" decoding=\"async\" class=\"size-full wp-image-123536 aligncenter\" src=\"https:\/\/i0.wp.com\/cdnoticias.com\/wp-content\/uploads\/2024\/08\/HCD-sesion-22-de-agosto-marcelo-petehs.jpg?resize=800%2C445&#038;ssl=1\" alt=\"\" width=\"800\" height=\"445\" srcset=\"https:\/\/i0.wp.com\/cdnoticias.com\/wp-content\/uploads\/2024\/08\/HCD-sesion-22-de-agosto-marcelo-petehs.jpg?w=800&amp;ssl=1 800w, https:\/\/i0.wp.com\/cdnoticias.com\/wp-content\/uploads\/2024\/08\/HCD-sesion-22-de-agosto-marcelo-petehs.jpg?resize=300%2C167&amp;ssl=1 300w, https:\/\/i0.wp.com\/cdnoticias.com\/wp-content\/uploads\/2024\/08\/HCD-sesion-22-de-agosto-marcelo-petehs.jpg?resize=768%2C427&amp;ssl=1 768w\" sizes=\"auto, (max-width: 800px) 100vw, 800px\" \/><\/p>\n<blockquote><p>\u201cDesde el espacio Libertad Olavarr\u00eda liderado por el concejal Marcelo Petehs se present\u00f3 un pedido de informes a ra\u00edz de la difusi\u00f3n p\u00fablica de im\u00e1genes donde se aprecia a un grupo de j\u00f3venes portando un arma o r\u00e9plica de arma de fuego, lo que gener\u00f3 una alta preocupaci\u00f3n en varios sectores de la sociedad\u201d se indic\u00f3 al dar a conocer la propuesta.<\/p><\/blockquote>\n<p>Puntualmente, <strong>se solicit\u00f3 al Departamento Ejecutivo Municipal que informe<\/strong>:<\/p>\n<p>&#8211; Cantidad de lugares de esparcimiento p\u00fablico habilitados como Bailables.<br \/>\n&#8211; Tipo de habilitaci\u00f3n expedida por el Municipio, y bajo qu\u00e9 Rubro.<br \/>\n&#8211; Si se encuentran inscriptos bajo el RAN \u2013 Registro Actividades Nocturnas seg\u00fan ley 14050 del Ministerio de la Provincia de Buenos Aires y dan cumplimiento a lo exigido por la misma.<br \/>\n&#8211; Si cuentan con certificado RAN vigente y fecha de expedici\u00f3n y vencimiento.<br \/>\n&#8211; Cantidad de personal declarado en Seguridad, Vigilancia y Monitoreo interno, y si han presentado su correspondiente constancia de capacitaci\u00f3n y habilitaci\u00f3n seg\u00fan la Ley 26370 del Ministerio de Seguridad de la Naci\u00f3n-<br \/>\n&#8211; Cantidad de inspecciones realizadas indicando establecimiento y desv\u00edos detectados y\/o informados, as\u00ed como cantidad de actas labradas durante los \u00faltimos 9 meses.<\/p>\n<p>\u201cDicho pedido est\u00e1<strong> orientado a analizar la informaci\u00f3n recopilada<\/strong> cuando el mismo fuere respondido y as\u00ed articular con todo el arco pol\u00edtico y \u00e1reas gubernamentales involucradas a fin de <strong>buscar soluciones, de ser necesario<\/strong>, en conjunto en pos de <strong>disponer de lugares debidamente habilitados y seguros para el esparcimiento<\/strong>, principalmente de los j\u00f3venes vecinos de Olavarr\u00eda\u201d expres\u00f3 el concejal Petehs.<\/p>\n","protected":false},"excerpt":{"rendered":"<p>Es una iniciativa del concejal Marcelo Petehs de Libertad Olavarr\u00eda quien se\u00f1al\u00f3 la \u201calta preocupaci\u00f3n\u201d por lo sucedido.<\/p>\n","protected":false},"author":4,"featured_media":127438,"comment_status":"closed","ping_status":"closed","sticky":false,"template":"","format":"standard","meta":{"_jetpack_memberships_contains_paid_content":false,"footnotes":""},"categories":[4,1],"tags":[],"class_list":["post-127439","post","type-post","status-publish","format-standard","has-post-thumbnail","hentry","category-politica","category-portada"],"jetpack_featured_media_url":"https:\/\/i0.wp.com\/cdnoticias.com\/wp-content\/uploads\/2024\/10\/HCD-bloque-libertad-olavarria-marcelo-petehs.jpg?fit=800%2C446&ssl=1","jetpack_sharing_enabled":true,"_links":{"self":[{"href":"https:\/\/cdnoticias.com\/index.php\/wp-json\/wp\/v2\/posts\/127439","targetHints":{"allow":["GET"]}}],"collection":[{"href":"https:\/\/cdnoticias.com\/index.php\/wp-json\/wp\/v2\/posts"}],"about":[{"href":"https:\/\/cdnoticias.com\/index.php\/wp-json\/wp\/v2\/types\/post"}],"author":[{"embeddable":true,"href":"https:\/\/cdnoticias.com\/index.php\/wp-json\/wp\/v2\/users\/4"}],"replies":[{"embeddable":true,"href":"https:\/\/cdnoticias.com\/index.php\/wp-json\/wp\/v2\/comments?post=127439"}],"version-history":[{"count":0,"href":"https:\/\/cdnoticias.com\/index.php\/wp-json\/wp\/v2\/posts\/127439\/revisions"}],"wp:featuredmedia":[{"embeddable":true,"href":"https:\/\/cdnoticias.com\/index.php\/wp-json\/wp\/v2\/media\/127438"}],"wp:attachment":[{"href":"https:\/\/cdnoticias.com\/index.php\/wp-json\/wp\/v2\/media?parent=127439"}],"wp:term":[{"taxonomy":"category","embeddable":true,"href":"https:\/\/cdnoticias.com\/index.php\/wp-json\/wp\/v2\/categories?post=127439"},{"taxonomy":"post_tag","embeddable":true,"href":"https:\/\/cdnoticias.com\/index.php\/wp-json\/wp\/v2\/tags?post=127439"}],"curies":[{"name":"wp","href":"https:\/\/api.w.org\/{rel}","templated":true}]}}