{"id":127384,"date":"2024-10-07T17:24:52","date_gmt":"2024-10-07T20:24:52","guid":{"rendered":"https:\/\/cdnoticias.com\/?p=127384"},"modified":"2024-10-07T17:24:54","modified_gmt":"2024-10-07T20:24:54","slug":"el-municipio-nego-haber-denunciado-a-la-carpa","status":"publish","type":"post","link":"https:\/\/cdnoticias.com\/index.php\/2024\/10\/07\/el-municipio-nego-haber-denunciado-a-la-carpa\/","title":{"rendered":"El Municipio neg\u00f3 haber denunciado a la carpa"},"content":{"rendered":"<p>Desde el Ejecutivo se indic\u00f3 que \u201cno tenemos nada que ver\u201d. Apuntan al Colegio C\u00e1neva y \u201cvecinos\u201d como los denunciantes de \u201cruidos molestos\u201d. La Polic\u00eda estuvo dos veces en la carpa.<!--more--><\/p>\n<hr \/>\n<p>En el contexto del <a href=\"https:\/\/cdnoticias.com\/index.php\/2024\/10\/07\/conflicto-del-stmo-tension-con-la-policia-en-la-carpa-hasta-que-se-llevaron-los-parlantes\/\" target=\"_blank\" rel=\"noopener\">episodio de tensi\u00f3n en San Mart\u00edn y Rivadavia<\/a> entre el Sindicato de Trabajadores Municipales y la Polic\u00eda, <strong>desde el Ejecutivo municipal buscaron desligarse del caso<\/strong>. Cabe se\u00f1alar que los <strong>directivos del STMO apuntaron a la gesti\u00f3n local para se\u00f1alar el origen de la actuaci\u00f3n de las fuerzas de seguridad<\/strong> este lunes.<\/p>\n<blockquote><p>\u201cNo tenemos nada que ver\u201d respondi\u00f3 el Ejecutivo sobre lo sucedido para remarcar que \u201cno hubo denuncia\u201d desde el Palacio Municipal.<\/p><\/blockquote>\n<p><strong>Apuntan a que las denuncias partieron desde el Colegio Monse\u00f1or C\u00e9sar C\u00e1neva y de \u201cvecinos\u201d<\/strong> del sector por \u201cruidos molestos\u201d.<\/p>\n<p>Seg\u00fan se explic\u00f3, <strong>la intervenci\u00f3n policial tuvo dos etapas<\/strong>. En una primera instancia, los efectivos<strong> solicitaron a quienes estaban en la carpa que \u201cretiren los parlantes o bajen la m\u00fasica\u201d<\/strong>. <em>La respuesta de los manifestantes habr\u00eda sido la de guardar los equipos de sonido<\/em> dentro de la carpa y los polic\u00edas se retiraron.<\/p>\n<p><strong>Un rato despu\u00e9s, desde la carpa habr\u00edan vuelto a sacar los parlantes<\/strong> y subir el volumen de las emisiones con lo que <strong>los uniformados regresaron<\/strong> pasadas las 14. <em>Se asegur\u00f3 que hubo expresiones \u201cviolentas\u201d<\/em> desde los dirigentes gremiales hacia los polic\u00edas lo que plante\u00f3 la tensi\u00f3n y la intervenci\u00f3n policial.<\/p>\n","protected":false},"excerpt":{"rendered":"<p>Desde el Ejecutivo se indic\u00f3 que \u201cno tenemos nada que ver\u201d. Apuntan al Colegio C\u00e1neva y \u201cvecinos\u201d como los denunciantes<\/p>\n","protected":false},"author":4,"featured_media":126697,"comment_status":"closed","ping_status":"closed","sticky":false,"template":"","format":"standard","meta":{"_jetpack_memberships_contains_paid_content":false,"footnotes":""},"categories":[4,1],"tags":[],"class_list":["post-127384","post","type-post","status-publish","format-standard","has-post-thumbnail","hentry","category-politica","category-portada"],"jetpack_featured_media_url":"https:\/\/i0.wp.com\/cdnoticias.com\/wp-content\/uploads\/2024\/09\/carpa-municipales-dia1-3.jpg?fit=1072%2C597&ssl=1","jetpack_sharing_enabled":true,"_links":{"self":[{"href":"https:\/\/cdnoticias.com\/index.php\/wp-json\/wp\/v2\/posts\/127384","targetHints":{"allow":["GET"]}}],"collection":[{"href":"https:\/\/cdnoticias.com\/index.php\/wp-json\/wp\/v2\/posts"}],"about":[{"href":"https:\/\/cdnoticias.com\/index.php\/wp-json\/wp\/v2\/types\/post"}],"author":[{"embeddable":true,"href":"https:\/\/cdnoticias.com\/index.php\/wp-json\/wp\/v2\/users\/4"}],"replies":[{"embeddable":true,"href":"https:\/\/cdnoticias.com\/index.php\/wp-json\/wp\/v2\/comments?post=127384"}],"version-history":[{"count":0,"href":"https:\/\/cdnoticias.com\/index.php\/wp-json\/wp\/v2\/posts\/127384\/revisions"}],"wp:featuredmedia":[{"embeddable":true,"href":"https:\/\/cdnoticias.com\/index.php\/wp-json\/wp\/v2\/media\/126697"}],"wp:attachment":[{"href":"https:\/\/cdnoticias.com\/index.php\/wp-json\/wp\/v2\/media?parent=127384"}],"wp:term":[{"taxonomy":"category","embeddable":true,"href":"https:\/\/cdnoticias.com\/index.php\/wp-json\/wp\/v2\/categories?post=127384"},{"taxonomy":"post_tag","embeddable":true,"href":"https:\/\/cdnoticias.com\/index.php\/wp-json\/wp\/v2\/tags?post=127384"}],"curies":[{"name":"wp","href":"https:\/\/api.w.org\/{rel}","templated":true}]}}