{"id":127357,"date":"2024-10-07T18:00:05","date_gmt":"2024-10-07T21:00:05","guid":{"rendered":"https:\/\/cdnoticias.com\/?p=127357"},"modified":"2024-10-07T19:58:06","modified_gmt":"2024-10-07T22:58:06","slug":"facultad-de-salud-la-carrera-de-enfermeria-fue-acreditada-por-coneau","status":"publish","type":"post","link":"https:\/\/cdnoticias.com\/index.php\/2024\/10\/07\/facultad-de-salud-la-carrera-de-enfermeria-fue-acreditada-por-coneau\/","title":{"rendered":"Facultad de Salud: la carrera de Enfermer\u00eda fue acreditada por CONEAU"},"content":{"rendered":"\n<p>Deber\u00e1n implementar las acciones necesarias para jerarquizar la planta docente y promover la articulaci\u00f3n con otras \u00e1reas de la salud.<\/p>\n\n\n\n<hr class=\"wp-block-separator has-alpha-channel-opacity\"\/>\n\n\n\n<p>El 19 de septiembre la <strong>Facultad de Ciencias de la Salud <\/strong>recibi\u00f3 la notificaci\u00f3n por parte de la Comisi\u00f3n Nacional de Evaluaci\u00f3n y Acreditaci\u00f3n Universitaria (CONEAU) sobre la extensi\u00f3n de la acreditaci\u00f3n de la carrera de Licenciatura en Enfermer\u00eda por un per\u00edodo de tres a\u00f1os.<\/p>\n\n\n\n<p><\/p>\n\n\n\n<p>\u201cEs muy grato dar a conocer que la Licenciatura en Enfermer\u00eda ha sido acreditada para seguir desarroll\u00e1ndose. Esto es fruto de un trabajo intenso de autoevaluaci\u00f3n por parte del cuerpo docente, de la gesti\u00f3n de la carrera y de la Facultad, pero sobre todo del equipo que operativamente fue responsable de las acciones: la nodocente Mg. Florencia Scigliano e Ing. Daniela Pena a quienes se agradece muy especialmente\u201d, resaltaron desde la instituci\u00f3n educativa.<\/p>\n\n\n\n<p><\/p>\n\n\n\n<p>El informe se\u00f1al\u00f3 que tanto la UNICEN como la Facultad de Ciencias de la Salud, en cuanto a la planta docente, deber\u00e1n implementar las acciones necesarias para <strong>elevar el n\u00famero de agentes, regularizar cargos, fortalecer las funciones de investigaci\u00f3n y extensi\u00f3n <\/strong>y continuar las acciones tendientes a<strong> elevar el n\u00famero de docentes con formaci\u00f3n de posgrado.<\/strong><\/p>\n\n\n\n<p><\/p>\n\n\n\n<p>La evaluaci\u00f3n explicita como sugerencia dos puntos que tambi\u00e9n se relacionan con la actividad de los docentes de la carrera:<\/p>\n\n\n\n<p><\/p>\n\n\n\n<p>&#8211;<strong>Jerarquizar la planta docente<\/strong> de acuerdo con el modelo acad\u00e9mico de la instituci\u00f3n.<\/p>\n\n\n\n<ol class=\"wp-block-list\">\n<li><\/li>\n<\/ol>\n\n\n\n<p><\/p>\n\n\n\n<p>-Promover la<strong> articulaci\u00f3n con otras carreras del \u00e1rea de la salud <\/strong>a fin de potenciar la investigaci\u00f3n interdisciplinaria.<\/p>\n\n\n\n<p><\/p>\n\n\n\n<ol class=\"wp-block-list\">\n<li><\/li>\n<\/ol>\n\n\n\n<p>\u201cSeguir trabajando con estos prop\u00f3sitos como horizonte se constituye hoy, en tiempos dif\u00edciles e inciertos, en un desaf\u00edo mucho mayor por parte de todas y todos quienes integran esta carrera\u201d, concluyeron.<\/p>\n","protected":false},"excerpt":{"rendered":"<p>Deber\u00e1n implementar las acciones necesarias para jerarquizar la planta docente y promover la articulaci\u00f3n con otras \u00e1reas de la salud.<\/p>\n","protected":false},"author":2,"featured_media":127359,"comment_status":"closed","ping_status":"closed","sticky":false,"template":"","format":"standard","meta":{"_jetpack_memberships_contains_paid_content":false,"footnotes":""},"categories":[5,1],"tags":[],"class_list":["post-127357","post","type-post","status-publish","format-standard","has-post-thumbnail","hentry","category-informacion-general","category-portada"],"jetpack_featured_media_url":"https:\/\/i0.wp.com\/cdnoticias.com\/wp-content\/uploads\/2024\/10\/enfermeria.jpg?fit=800%2C445&ssl=1","jetpack_sharing_enabled":true,"_links":{"self":[{"href":"https:\/\/cdnoticias.com\/index.php\/wp-json\/wp\/v2\/posts\/127357","targetHints":{"allow":["GET"]}}],"collection":[{"href":"https:\/\/cdnoticias.com\/index.php\/wp-json\/wp\/v2\/posts"}],"about":[{"href":"https:\/\/cdnoticias.com\/index.php\/wp-json\/wp\/v2\/types\/post"}],"author":[{"embeddable":true,"href":"https:\/\/cdnoticias.com\/index.php\/wp-json\/wp\/v2\/users\/2"}],"replies":[{"embeddable":true,"href":"https:\/\/cdnoticias.com\/index.php\/wp-json\/wp\/v2\/comments?post=127357"}],"version-history":[{"count":0,"href":"https:\/\/cdnoticias.com\/index.php\/wp-json\/wp\/v2\/posts\/127357\/revisions"}],"wp:featuredmedia":[{"embeddable":true,"href":"https:\/\/cdnoticias.com\/index.php\/wp-json\/wp\/v2\/media\/127359"}],"wp:attachment":[{"href":"https:\/\/cdnoticias.com\/index.php\/wp-json\/wp\/v2\/media?parent=127357"}],"wp:term":[{"taxonomy":"category","embeddable":true,"href":"https:\/\/cdnoticias.com\/index.php\/wp-json\/wp\/v2\/categories?post=127357"},{"taxonomy":"post_tag","embeddable":true,"href":"https:\/\/cdnoticias.com\/index.php\/wp-json\/wp\/v2\/tags?post=127357"}],"curies":[{"name":"wp","href":"https:\/\/api.w.org\/{rel}","templated":true}]}}