{"id":127347,"date":"2024-10-08T17:19:13","date_gmt":"2024-10-08T20:19:13","guid":{"rendered":"https:\/\/cdnoticias.com\/?p=127347"},"modified":"2024-10-08T19:21:27","modified_gmt":"2024-10-08T22:21:27","slug":"menos-lluvias-y-temperaturas-mas-altas-para-los-proximos-meses-en-la-provincia","status":"publish","type":"post","link":"https:\/\/cdnoticias.com\/index.php\/2024\/10\/08\/menos-lluvias-y-temperaturas-mas-altas-para-los-proximos-meses-en-la-provincia\/","title":{"rendered":"Menos lluvias y temperaturas m\u00e1s altas para los pr\u00f3ximos meses en la Provincia"},"content":{"rendered":"\n<p>El SMN present\u00f3 las proyecciones para octubre, noviembre y diciembre. \u00bfQu\u00e9 le espera a provincia de Buenos Aires?<\/p>\n\n\n\n<hr class=\"wp-block-separator has-alpha-channel-opacity\"\/>\n\n\n\n<p>El <strong>Servicio Meteorol\u00f3gico Nacional (SMN)<\/strong> present\u00f3 el pron\u00f3stico trimestral de precipitaciones y temperaturas para el \u00faltimo segmento del a\u00f1o. En esa l\u00ednea, adelant\u00f3 que la provincia de Buenos Aires registrar\u00e1 lluvias inferiores a las consideradas normales en varios distritos del norte y este, al tiempo que las temperaturas ser\u00e1n levemente superiores a lo esperado, como en todo el norte y centro del pa\u00eds. Ser\u00e1n bastante m\u00e1s c\u00e1lidas las marcas t\u00e9rmicas en C\u00f3rdoba, Santa Fe y Entre R\u00edos.<\/p>\n\n\n\n<p><\/p>\n\n\n\n<p>De acuerdo al comunicado del SMN, \u201cel pron\u00f3stico clim\u00e1tico trimestral se realiza sobre la base del an\u00e1lisis de las previsiones num\u00e9ricas experimentales de los principales modelos globales de simulaci\u00f3n del clima y modelos estad\u00edsticos nacionales, sumado al an\u00e1lisis de la evoluci\u00f3n de las condiciones oce\u00e1nicas y atmosf\u00e9ricas\u201d, por lo que se trata de un <strong>\u201cpron\u00f3stico basado en un consenso consolidado a partir de esas diversas fuentes\u201d.<\/strong><\/p>\n\n\n\n<p><\/p>\n\n\n\n<figure class=\"wp-block-image size-full\"><img data-recalc-dims=\"1\" loading=\"lazy\" decoding=\"async\" width=\"800\" height=\"477\" src=\"https:\/\/i0.wp.com\/cdnoticias.com\/wp-content\/uploads\/2024\/10\/image-1.png?resize=800%2C477&#038;ssl=1\" alt=\"\" class=\"wp-image-127348\" srcset=\"https:\/\/i0.wp.com\/cdnoticias.com\/wp-content\/uploads\/2024\/10\/image-1.png?w=1014&amp;ssl=1 1014w, https:\/\/i0.wp.com\/cdnoticias.com\/wp-content\/uploads\/2024\/10\/image-1.png?resize=300%2C179&amp;ssl=1 300w, https:\/\/i0.wp.com\/cdnoticias.com\/wp-content\/uploads\/2024\/10\/image-1.png?resize=768%2C457&amp;ssl=1 768w\" sizes=\"auto, (max-width: 800px) 100vw, 800px\" \/><\/figure>\n\n\n\n<p><\/p>\n\n\n\n<p>Para definir las categor\u00edas <strong>normal, superior a lo normal e inferior a lo normal <\/strong>se utilizan terciles. El valor de los mismos se obtiene separando en tres partes iguales los datos de temperatura y precipitaci\u00f3n, ordenadas de menor a mayor.<\/p>\n\n\n\n<p><\/p>\n\n\n\n<p>Para la temperatura, se puede considerar que <strong>el tercil central implica valores de aproximadamente 0.5\u00b0C por debajo o por encima del valor medio. <\/strong>Valores por encima o por debajo de ese rango ser\u00edan temperaturas inferiores o superiores a la normal.<\/p>\n\n\n\n<p><\/p>\n\n\n\n<figure class=\"wp-block-image size-large\"><img data-recalc-dims=\"1\" loading=\"lazy\" decoding=\"async\" width=\"800\" height=\"366\" src=\"https:\/\/i0.wp.com\/cdnoticias.com\/wp-content\/uploads\/2024\/10\/image-1-1.png?resize=800%2C366&#038;ssl=1\" alt=\"\" class=\"wp-image-127349\" srcset=\"https:\/\/i0.wp.com\/cdnoticias.com\/wp-content\/uploads\/2024\/10\/image-1-1.png?resize=1024%2C468&amp;ssl=1 1024w, https:\/\/i0.wp.com\/cdnoticias.com\/wp-content\/uploads\/2024\/10\/image-1-1.png?resize=300%2C137&amp;ssl=1 300w, https:\/\/i0.wp.com\/cdnoticias.com\/wp-content\/uploads\/2024\/10\/image-1-1.png?resize=768%2C351&amp;ssl=1 768w, https:\/\/i0.wp.com\/cdnoticias.com\/wp-content\/uploads\/2024\/10\/image-1-1.png?w=1243&amp;ssl=1 1243w\" sizes=\"auto, (max-width: 800px) 100vw, 800px\" \/><\/figure>\n\n\n\n<p><\/p>\n\n\n\n<p>Para las precipitaciones,<strong> inferior a la normal<\/strong> implica que los valores pronosticados ser\u00edan inferiores al l\u00edmite inferior del rango normal (entre 100 y 200 mil\u00edmetros en territorio bonaerense). <strong>Superior a la normal <\/strong>implica que los valores pronosticados ser\u00edan superiores al l\u00edmite superior del rango normal (entre 400 y 600 mil\u00edmetros en territorio bonaerense).<strong> Normal<\/strong> implica que los valores pronosticados estar\u00edan dentro del rango normal (valores mayores a los del mapa de la izquierda y menores a los del mapa central).<\/p>\n\n\n\n<p><\/p>\n\n\n\n<p>El reporte trimestral del SMN aclara adem\u00e1s que:<\/p>\n\n\n\n<p><\/p>\n\n\n\n<p>\u25aa\ufe0f El pron\u00f3stico no indica valores de la variable pronosticada ni su variabilidad a lo largo del trimestre.<\/p>\n\n\n\n<p><\/p>\n\n\n\n<p>\u25aa\ufe0f Si para una regi\u00f3n determinada el pron\u00f3stico estacional prev\u00e9 las mayores chances de precipitaci\u00f3n en la categor\u00eda inferior, no es indicativo de que no pueda haber eventos de lluvia o, inclusive, que alguno de ellos puedan ser localmente intensos.<\/p>\n\n\n\n<p><\/p>\n\n\n\n<p>\u25aa\ufe0f Se recomienda consultar tanto el pron\u00f3stico diario y la perspectiva semanal para informarse sobre los eventos meteorol\u00f3gicos de alto impacto que no pueden ser previstos en la escala estacional.<\/p>\n\n\n\n<p><\/p>\n\n\n\n<p><em>Fuente: DIB.<\/em><\/p>\n","protected":false},"excerpt":{"rendered":"<p>El SMN present\u00f3 las proyecciones para octubre, noviembre y diciembre. \u00bfQu\u00e9 le espera a provincia de Buenos Aires? El Servicio<\/p>\n","protected":false},"author":2,"featured_media":107928,"comment_status":"closed","ping_status":"closed","sticky":false,"template":"","format":"standard","meta":{"_jetpack_memberships_contains_paid_content":false,"footnotes":""},"categories":[5,1],"tags":[],"class_list":["post-127347","post","type-post","status-publish","format-standard","has-post-thumbnail","hentry","category-informacion-general","category-portada"],"jetpack_featured_media_url":"https:\/\/i0.wp.com\/cdnoticias.com\/wp-content\/uploads\/2024\/02\/parque-verano-calor-8-scaled.jpg?fit=2560%2C1424&ssl=1","jetpack_sharing_enabled":true,"_links":{"self":[{"href":"https:\/\/cdnoticias.com\/index.php\/wp-json\/wp\/v2\/posts\/127347","targetHints":{"allow":["GET"]}}],"collection":[{"href":"https:\/\/cdnoticias.com\/index.php\/wp-json\/wp\/v2\/posts"}],"about":[{"href":"https:\/\/cdnoticias.com\/index.php\/wp-json\/wp\/v2\/types\/post"}],"author":[{"embeddable":true,"href":"https:\/\/cdnoticias.com\/index.php\/wp-json\/wp\/v2\/users\/2"}],"replies":[{"embeddable":true,"href":"https:\/\/cdnoticias.com\/index.php\/wp-json\/wp\/v2\/comments?post=127347"}],"version-history":[{"count":0,"href":"https:\/\/cdnoticias.com\/index.php\/wp-json\/wp\/v2\/posts\/127347\/revisions"}],"wp:featuredmedia":[{"embeddable":true,"href":"https:\/\/cdnoticias.com\/index.php\/wp-json\/wp\/v2\/media\/107928"}],"wp:attachment":[{"href":"https:\/\/cdnoticias.com\/index.php\/wp-json\/wp\/v2\/media?parent=127347"}],"wp:term":[{"taxonomy":"category","embeddable":true,"href":"https:\/\/cdnoticias.com\/index.php\/wp-json\/wp\/v2\/categories?post=127347"},{"taxonomy":"post_tag","embeddable":true,"href":"https:\/\/cdnoticias.com\/index.php\/wp-json\/wp\/v2\/tags?post=127347"}],"curies":[{"name":"wp","href":"https:\/\/api.w.org\/{rel}","templated":true}]}}