{"id":127325,"date":"2024-10-06T20:52:51","date_gmt":"2024-10-06T23:52:51","guid":{"rendered":"https:\/\/cdnoticias.com\/?p=127325"},"modified":"2024-10-06T20:52:53","modified_gmt":"2024-10-06T23:52:53","slug":"columna-invertebrada-crisol-zoologico","status":"publish","type":"post","link":"https:\/\/cdnoticias.com\/index.php\/2024\/10\/06\/columna-invertebrada-crisol-zoologico\/","title":{"rendered":"Columna invertebrada: crisol zool\u00f3gico"},"content":{"rendered":"<p>La marcha para defender la universidad p\u00fablica y sus trabajadores. Pluralidad y contradicciones; prioridades y responsabilidades.<!--more--><\/p>\n<hr \/>\n<p><em>Francisco Ferrari *\/ especial para Central de Noticias<\/em><\/p>\n<p>&nbsp;<\/p>\n<p><strong>Mirtha Legrand<\/strong> repiti\u00f3 durante a\u00f1os en sus almuerzos que c\u00f3mo no iba a ser pr\u00f3spero este pa\u00eds, el nuestro, si somos un crisol de razas y de climas. \u00c9ramos muy chicos y ya la ve\u00edamos toda maquillada, sentada a la punta de la mesa, un poco distinguida, un poco chusma y maleducada, siempre impecable, diciendo eso. <strong>Argentina, crisol de climas y de razas.<\/strong> \u00bfC\u00f3mo no vamos a salir adelante si tenemos todo?<\/p>\n<p>&nbsp;<\/p>\n<p>El mi\u00e9rcoles, <strong>marchando por la Universidad P\u00fablica y los salarios de sus docentes<\/strong>, se me vino ese recuerdo a la mente. No s\u00e9 el motivo, pero probablemente haya sido por el universo amplio que compuso la manifestaci\u00f3n. Crisol por decirlo de un modo elegante, como hubiese dicho Mirtha. Un amigo, m\u00e1s barrial y sin tanta pompa, la definir\u00eda de otra manera: <strong>somos un zool\u00f3gico<\/strong>.<\/p>\n<p>&nbsp;<\/p>\n<p>Despu\u00e9s de todo, \u00bfpara qu\u00e9 dar tantas vueltas con los argumentos o las palabras? Si <strong>defender la universidad p\u00fablica es defender ese crisol zool\u00f3gico<\/strong>, pues hag\u00e1moslo sin culpa, sin temor a que un especialista en n\u00fameros del Gobierno nos venga a apurar con que le digamos de qu\u00e9 partida del presupuesto pensamos sacar las partidas para ponerla ac\u00e1.<\/p>\n<p>&nbsp;<\/p>\n<p>Eso que lo piensen ellos, que para eso son o se dicen especialistas en n\u00fameros y para eso gobiernan \u00bfPara qu\u00e9 sirven si no lo hacen? \u00bfPara pedirle a todo el mundo que les lleve resuelto lo que es su trabajo? <strong>Para eso les pagamos, vagos, p\u00f3nganse a laburar, les podr\u00edamos decir con una m\u00ednima parte del maltrato al que nos quieren someter a diario<strong>. Gobernar es administrar recursos y ordenar prioridades. H\u00e1ganlo, entonces.<\/p>\n<p>&nbsp;<\/p>\n<p>Entiendan que nosotros ya tenemos nuestros propios problemas como para estar ocup\u00e1ndonos de los del resto. Tragarnos los sapos del tama\u00f1o que tuvimos que tragar el mi\u00e9rcoles en la marcha, por ejemplo. De todas maneras lo hicimos, lo hacemos y lo volveremos a hacer. Eso es cierto, tan cierto y horrible como <strong>la sensaci\u00f3n pat\u00e9tica de ser testigos de los tironeos entre quienes quieren llevarse los cr\u00e9ditos<\/strong> de alguna movida popular ruidosa y contundente.<\/p>\n<p>&nbsp;<\/p>\n<p>Los cr\u00e9ditos y tal vez alg\u00fan fondo si aparece tambi\u00e9n, cierto prestigio, un presunto respaldo para sentarse a la mesa de las negociaciones, \u00bfqui\u00e9n sabe? \u00bfqu\u00e9 buscan los que buscan apropiarse de las banderas? \u00bfSe dar\u00e1n cuenta de sus actitudes miserables? \u00bfO la encrucijada de marchar con esa contradicci\u00f3n y esa sensaci\u00f3n tan extra\u00f1a ser\u00e1n s\u00f3lo de uno?<br \/>\nLa Universidad P\u00fablica es para todos y se nota mientras se marcha. El crisol de climas y de razas de Mirtha. Algunos no lo notan, en realidad, <strong>algunos intentan apropiarse y atribuirse la titularidad pr\u00e1cticamente exclusiva. Pero tambi\u00e9n ese es un problema de ellos, no nuestro. Empecemos a ordenar un poco las cosas<\/strong> porque si no nos van obligar a resolver todo a nosotros.<\/p>\n<p>&nbsp;<\/p>\n<p>Despu\u00e9s de todo, <strong>marchamos, que es lo importante<\/strong>. Con algunos que piensan muy parecido a nosotros, con otros que est\u00e1n o podr\u00edan estar tranquilamente en la vereda de enfrente. Con docentes valiosos y con otros que m\u00e1s vale perderlos que encontrarlos, con alumnos estudiosos y con vagos, con la CTA y la CGT, con las feministas, con la izquierda, los peronistas y los radicales, con tipos y mujeres de la burbuja acad\u00e9mica y con tipos y mujeres de mucha calle. Con egresados que son orgullo, con otros que jam\u00e1s llegaron a egresar. Todos juntos, en las calles. Eso tambi\u00e9n es <strong>el crisol de la Universidad P\u00fablica. Un zool\u00f3gico encantador, Mirtha<\/strong>.<\/p>\n<p>&nbsp;<\/p>\n","protected":false},"excerpt":{"rendered":"<p>La marcha para defender la universidad p\u00fablica y sus trabajadores. Pluralidad y contradicciones; prioridades y responsabilidades.<\/p>\n","protected":false},"author":4,"featured_media":122167,"comment_status":"closed","ping_status":"closed","sticky":false,"template":"","format":"standard","meta":{"_jetpack_memberships_contains_paid_content":false,"footnotes":""},"categories":[9,1],"tags":[],"class_list":["post-127325","post","type-post","status-publish","format-standard","has-post-thumbnail","hentry","category-cultura","category-portada"],"jetpack_featured_media_url":"https:\/\/i0.wp.com\/cdnoticias.com\/wp-content\/uploads\/2024\/08\/maquina-escribir.jpg?fit=800%2C445&ssl=1","jetpack_sharing_enabled":true,"_links":{"self":[{"href":"https:\/\/cdnoticias.com\/index.php\/wp-json\/wp\/v2\/posts\/127325","targetHints":{"allow":["GET"]}}],"collection":[{"href":"https:\/\/cdnoticias.com\/index.php\/wp-json\/wp\/v2\/posts"}],"about":[{"href":"https:\/\/cdnoticias.com\/index.php\/wp-json\/wp\/v2\/types\/post"}],"author":[{"embeddable":true,"href":"https:\/\/cdnoticias.com\/index.php\/wp-json\/wp\/v2\/users\/4"}],"replies":[{"embeddable":true,"href":"https:\/\/cdnoticias.com\/index.php\/wp-json\/wp\/v2\/comments?post=127325"}],"version-history":[{"count":0,"href":"https:\/\/cdnoticias.com\/index.php\/wp-json\/wp\/v2\/posts\/127325\/revisions"}],"wp:featuredmedia":[{"embeddable":true,"href":"https:\/\/cdnoticias.com\/index.php\/wp-json\/wp\/v2\/media\/122167"}],"wp:attachment":[{"href":"https:\/\/cdnoticias.com\/index.php\/wp-json\/wp\/v2\/media?parent=127325"}],"wp:term":[{"taxonomy":"category","embeddable":true,"href":"https:\/\/cdnoticias.com\/index.php\/wp-json\/wp\/v2\/categories?post=127325"},{"taxonomy":"post_tag","embeddable":true,"href":"https:\/\/cdnoticias.com\/index.php\/wp-json\/wp\/v2\/tags?post=127325"}],"curies":[{"name":"wp","href":"https:\/\/api.w.org\/{rel}","templated":true}]}}