{"id":127323,"date":"2024-10-06T21:06:36","date_gmt":"2024-10-07T00:06:36","guid":{"rendered":"https:\/\/cdnoticias.com\/?p=127323"},"modified":"2024-10-06T21:34:01","modified_gmt":"2024-10-07T00:34:01","slug":"interna-radical-alejandra-lorden-gano-en-saladillo-y-nuevamente-en-la-septima-seccion","status":"publish","type":"post","link":"https:\/\/cdnoticias.com\/index.php\/2024\/10\/06\/interna-radical-alejandra-lorden-gano-en-saladillo-y-nuevamente-en-la-septima-seccion\/","title":{"rendered":"Interna Radical: Alejandra Lord\u00e9n gan\u00f3 en Saladillo y nuevamente en la S\u00e9ptima Secci\u00f3n"},"content":{"rendered":"<p>La Diputada saladillense Alejandra Lord\u00e9n volvi\u00f3 a sostener su liderazgo seccional al imponerse la Lista 23 \u201cUnidad Radical\u201d -encabezada por Miguel Fern\u00e1ndez y con apoyo del Senador Alejandro Cellillo &#8211; en la mayor\u00eda de los distritos.<!--more--><\/p>\n<hr \/>\n<p>Este domingo se llevaron adelante las internas de la UCR bonaerense que defini\u00f3 sus autoridades a nivel provincial y distrital. <strong>La diputada saladillense Alejandra Lord\u00e9n<\/strong> volvi\u00f3 a sostener su <strong>liderazgo seccional<\/strong> al<strong> imponerse la Lista 23 \u201cUnidad Radical\u201d -encabezada por Miguel Fern\u00e1ndez- en la mayor\u00eda de los distritos<\/strong>.<\/p>\n<p>Se inform\u00f3 que logr\u00f3 <strong>contundentes victorias en Azul, Bol\u00edvar, Roque P\u00e9rez, Saladillo, Tapalqu\u00e9 y General Alvear<\/strong>, la diferencia total de Unidad Radical super\u00f3 los 1100 votos.<\/p>\n<p>Respecto a su ciudad de origen, Saladillo, la victoria de la lista que integraba Lord\u00e9n y que lideraron localmente junto al Intendente Jos\u00e9 Luis Salom\u00f3n super\u00f3 por casi 300 votos a la lista opositora, llegando a un total de 1165 afiliados que se acercaron al Comit\u00e9 saladillense a emitir su voto.<\/p>\n<p>La lista cont\u00f3 con el <strong>acompa\u00f1amiento del senador Alejandro Cellillo de General Alvear<\/strong> quien, con varias batallas ganadas en la secci\u00f3n, <strong>hab\u00eda definido a la Lista 23 como destacada por &#8220;su compromiso con la gesti\u00f3n territorial<\/strong> y su enfoque en la salud, la educaci\u00f3n y el trabajo como pilares esenciales para el desarrollo de la Provincia de Buenos Aires&#8221;.<\/p>\n<blockquote><p>\u201cEstoy muy contenta por el resultado obtenido. Siempre dijimos que era una elecci\u00f3n inoportuna pero no menos importante, y volvimos a demostrar que trabajando seriamente la gente vuelve a depositar su confianza. Ganamos en 6 de 8 distritos de la secci\u00f3n y se logr\u00f3 un gran triunfo en Saladillo con Jos\u00e9 Luis (Salom\u00f3n) y un inmenso equipo. Mis felicitaciones van para todos los que participaron y un agradecimiento inmenso a los afiliados que mediante las urnas, volvieron a elegirnos\u201d, expres\u00f3 Lord\u00e9n.<\/p><\/blockquote>\n<p>Cabe recordar que no hubo elecciones locales en la UCR de Olavarr\u00eda ya que se present\u00f3 una <a href=\"https:\/\/cdnoticias.com\/index.php\/2024\/09\/08\/unidad-radical-en-olavarria-belen-vergel-se-encamina-a-la-reeleccion\/\" target=\"_blank\" rel=\"noopener\">lista de unidad<\/a>.<\/p>\n","protected":false},"excerpt":{"rendered":"<p>La Diputada saladillense Alejandra Lord\u00e9n volvi\u00f3 a sostener su liderazgo seccional al imponerse la Lista 23 \u201cUnidad Radical\u201d -encabezada por<\/p>\n","protected":false},"author":4,"featured_media":127327,"comment_status":"closed","ping_status":"closed","sticky":false,"template":"","format":"standard","meta":{"_jetpack_memberships_contains_paid_content":false,"footnotes":""},"categories":[4,1],"tags":[],"class_list":["post-127323","post","type-post","status-publish","format-standard","has-post-thumbnail","hentry","category-politica","category-portada"],"jetpack_featured_media_url":"https:\/\/i0.wp.com\/cdnoticias.com\/wp-content\/uploads\/2024\/10\/alejandra-lorden-lista-23-UCR-a.jpg?fit=1000%2C556&ssl=1","jetpack_sharing_enabled":true,"_links":{"self":[{"href":"https:\/\/cdnoticias.com\/index.php\/wp-json\/wp\/v2\/posts\/127323","targetHints":{"allow":["GET"]}}],"collection":[{"href":"https:\/\/cdnoticias.com\/index.php\/wp-json\/wp\/v2\/posts"}],"about":[{"href":"https:\/\/cdnoticias.com\/index.php\/wp-json\/wp\/v2\/types\/post"}],"author":[{"embeddable":true,"href":"https:\/\/cdnoticias.com\/index.php\/wp-json\/wp\/v2\/users\/4"}],"replies":[{"embeddable":true,"href":"https:\/\/cdnoticias.com\/index.php\/wp-json\/wp\/v2\/comments?post=127323"}],"version-history":[{"count":0,"href":"https:\/\/cdnoticias.com\/index.php\/wp-json\/wp\/v2\/posts\/127323\/revisions"}],"wp:featuredmedia":[{"embeddable":true,"href":"https:\/\/cdnoticias.com\/index.php\/wp-json\/wp\/v2\/media\/127327"}],"wp:attachment":[{"href":"https:\/\/cdnoticias.com\/index.php\/wp-json\/wp\/v2\/media?parent=127323"}],"wp:term":[{"taxonomy":"category","embeddable":true,"href":"https:\/\/cdnoticias.com\/index.php\/wp-json\/wp\/v2\/categories?post=127323"},{"taxonomy":"post_tag","embeddable":true,"href":"https:\/\/cdnoticias.com\/index.php\/wp-json\/wp\/v2\/tags?post=127323"}],"curies":[{"name":"wp","href":"https:\/\/api.w.org\/{rel}","templated":true}]}}