{"id":127219,"date":"2024-10-05T20:10:40","date_gmt":"2024-10-05T23:10:40","guid":{"rendered":"https:\/\/cdnoticias.com\/?p=127219"},"modified":"2024-10-06T10:32:56","modified_gmt":"2024-10-06T13:32:56","slug":"fallecio-la-mujer-atropellada-en-el-centro-este-sabado","status":"publish","type":"post","link":"https:\/\/cdnoticias.com\/index.php\/2024\/10\/05\/fallecio-la-mujer-atropellada-en-el-centro-este-sabado\/","title":{"rendered":"Falleci\u00f3 la mujer atropellada en el centro este s\u00e1bado"},"content":{"rendered":"<p>La v\u00edctima ten\u00eda 78 a\u00f1os y su muerte se confirm\u00f3 en el Hospital Municipal. Se inici\u00f3 una causa por \u201chomicidio culposo\u201d a cargo de la UFI N\u00b010.<!--more--><\/p>\n<hr \/>\n<p>Este s\u00e1bado <strong>se produjo un siniestro vial en el centro<\/strong> de la ciudad donde <strong>una mujer fue atropellada<\/strong>. La v\u00edctima <strong>falleci\u00f3 en el Hospital Municipal.<\/strong><\/p>\n<blockquote><p>Fue identificada como Elida Leticia Antista de 78 a\u00f1os.<\/p><\/blockquote>\n<p><a href=\"https:\/\/cdnoticias.com\/index.php\/2024\/10\/05\/una-mujer-en-grave-estado-tras-ser-atropellada-por-un-auto\/\" target=\"_blank\" rel=\"noopener\">Tal como se inform\u00f3<\/a>, el siniestro vial se registr\u00f3 <strong>en Necochea al 2700<\/strong> donde la mujer fue arrollada por un auto Ford Ka.<\/p>\n<p><img data-recalc-dims=\"1\" loading=\"lazy\" decoding=\"async\" class=\"size-full wp-image-127220 aligncenter\" src=\"https:\/\/i0.wp.com\/cdnoticias.com\/wp-content\/uploads\/2024\/10\/necochea-2700-choque-00.jpg?resize=800%2C445&#038;ssl=1\" alt=\"\" width=\"800\" height=\"445\" srcset=\"https:\/\/i0.wp.com\/cdnoticias.com\/wp-content\/uploads\/2024\/10\/necochea-2700-choque-00.jpg?w=1000&amp;ssl=1 1000w, https:\/\/i0.wp.com\/cdnoticias.com\/wp-content\/uploads\/2024\/10\/necochea-2700-choque-00.jpg?resize=300%2C167&amp;ssl=1 300w, https:\/\/i0.wp.com\/cdnoticias.com\/wp-content\/uploads\/2024\/10\/necochea-2700-choque-00.jpg?resize=768%2C427&amp;ssl=1 768w, https:\/\/i0.wp.com\/cdnoticias.com\/wp-content\/uploads\/2024\/10\/necochea-2700-choque-00.jpg?resize=800%2C445&amp;ssl=1 800w\" sizes=\"auto, (max-width: 800px) 100vw, 800px\" \/><\/p>\n<p>Al lugar lleg\u00f3 un m\u00f3vil del <strong>CPO<\/strong>. El personal policial estableci\u00f3 que<strong> el auto, que transitaba por calle Necochea desde calle Rivadavia hacia Vicente L\u00f3pez, impact\u00f3 a la v\u00edctima quien cruzaba de vereda<\/strong> por la calzada de calle Necochea.\u00a0La mujer <strong>result\u00f3 con heridas de gravedad<\/strong>, fue trasladada al Hospital y poco despu\u00e9s falleci\u00f3.<\/p>\n<p>Adem\u00e1s los efectivos del CPO que resguardaron la escena, trabaj\u00f3 <strong>Polic\u00eda Cient\u00edfica<\/strong>. <em>Las actuaciones y el veh\u00edculo involucrado fueron derivados a la Comisar\u00eda Primera.<\/em><\/p>\n<p>Se inici\u00f3 una causa por<strong> \u201chomicidio culposo\u201d<\/strong> a cargo de la<strong> UFI N\u00b010.<\/strong><\/p>\n","protected":false},"excerpt":{"rendered":"<p>La v\u00edctima ten\u00eda 78 a\u00f1os y su muerte se confirm\u00f3 en el Hospital Municipal. Se inici\u00f3 una causa por \u201chomicidio<\/p>\n","protected":false},"author":4,"featured_media":127221,"comment_status":"closed","ping_status":"closed","sticky":false,"template":"","format":"standard","meta":{"_jetpack_memberships_contains_paid_content":false,"footnotes":""},"categories":[14,1],"tags":[],"class_list":["post-127219","post","type-post","status-publish","format-standard","has-post-thumbnail","hentry","category-policiales","category-portada"],"jetpack_featured_media_url":"https:\/\/i0.wp.com\/cdnoticias.com\/wp-content\/uploads\/2024\/10\/necochea-2700-choque-01.jpg?fit=1000%2C556&ssl=1","jetpack_sharing_enabled":true,"_links":{"self":[{"href":"https:\/\/cdnoticias.com\/index.php\/wp-json\/wp\/v2\/posts\/127219","targetHints":{"allow":["GET"]}}],"collection":[{"href":"https:\/\/cdnoticias.com\/index.php\/wp-json\/wp\/v2\/posts"}],"about":[{"href":"https:\/\/cdnoticias.com\/index.php\/wp-json\/wp\/v2\/types\/post"}],"author":[{"embeddable":true,"href":"https:\/\/cdnoticias.com\/index.php\/wp-json\/wp\/v2\/users\/4"}],"replies":[{"embeddable":true,"href":"https:\/\/cdnoticias.com\/index.php\/wp-json\/wp\/v2\/comments?post=127219"}],"version-history":[{"count":0,"href":"https:\/\/cdnoticias.com\/index.php\/wp-json\/wp\/v2\/posts\/127219\/revisions"}],"wp:featuredmedia":[{"embeddable":true,"href":"https:\/\/cdnoticias.com\/index.php\/wp-json\/wp\/v2\/media\/127221"}],"wp:attachment":[{"href":"https:\/\/cdnoticias.com\/index.php\/wp-json\/wp\/v2\/media?parent=127219"}],"wp:term":[{"taxonomy":"category","embeddable":true,"href":"https:\/\/cdnoticias.com\/index.php\/wp-json\/wp\/v2\/categories?post=127219"},{"taxonomy":"post_tag","embeddable":true,"href":"https:\/\/cdnoticias.com\/index.php\/wp-json\/wp\/v2\/tags?post=127219"}],"curies":[{"name":"wp","href":"https:\/\/api.w.org\/{rel}","templated":true}]}}