{"id":127199,"date":"2024-10-06T15:16:42","date_gmt":"2024-10-06T18:16:42","guid":{"rendered":"https:\/\/cdnoticias.com\/?p=127199"},"modified":"2024-10-06T20:28:00","modified_gmt":"2024-10-06T23:28:00","slug":"cerro-la-semana-de-la-conciencia-ambiental-ante-una-gran-cantidad-de-estudiantes","status":"publish","type":"post","link":"https:\/\/cdnoticias.com\/index.php\/2024\/10\/06\/cerro-la-semana-de-la-conciencia-ambiental-ante-una-gran-cantidad-de-estudiantes\/","title":{"rendered":"Cerr\u00f3 la Semana de la Conciencia Ambiental ante una gran cantidad de estudiantes"},"content":{"rendered":"\n<p>El Sal\u00f3n Rivadavia se colm\u00f3 de estudiantes secundarios que presentaron sus proyectos ambientales en diversos stands.<\/p>\n\n\n\n<hr class=\"wp-block-separator aligncenter has-alpha-channel-opacity\"\/>\n\n\n\n<p>Con una jornada con <strong>estudiantes de nivel secundario, <\/strong>de gesti\u00f3n p\u00fablica y privada, en el Sal\u00f3n Rivadavia, concluyeron una serie de propuestas que se extendieron durante toda la semana en distintos espacios en el <strong>marco de la segunda edici\u00f3n del Programa \u201cCiudadan\u00eda con Conciencia Ambiental\u201d.<\/strong><\/p>\n\n\n\n<p><\/p>\n\n\n\n<p>La actividad se llev\u00f3 a cabo en la ma\u00f1ana de este viernes e incluy\u00f3 una <strong>muestra con stands donde los alumnos presentaron sus proyectos ambientales<\/strong>.<\/p>\n\n\n\n<p><\/p>\n\n\n\n<figure class=\"wp-block-image aligncenter size-full\"><img data-recalc-dims=\"1\" loading=\"lazy\" decoding=\"async\" width=\"800\" height=\"456\" src=\"https:\/\/i0.wp.com\/cdnoticias.com\/wp-content\/uploads\/2024\/10\/semana-conciencia-ambiental-estudiantes.jpg?resize=800%2C456&#038;ssl=1\" alt=\"\" class=\"wp-image-127201\" srcset=\"https:\/\/i0.wp.com\/cdnoticias.com\/wp-content\/uploads\/2024\/10\/semana-conciencia-ambiental-estudiantes.jpg?w=900&amp;ssl=1 900w, https:\/\/i0.wp.com\/cdnoticias.com\/wp-content\/uploads\/2024\/10\/semana-conciencia-ambiental-estudiantes.jpg?resize=300%2C171&amp;ssl=1 300w, https:\/\/i0.wp.com\/cdnoticias.com\/wp-content\/uploads\/2024\/10\/semana-conciencia-ambiental-estudiantes.jpg?resize=768%2C438&amp;ssl=1 768w\" sizes=\"auto, (max-width: 800px) 100vw, 800px\" \/><\/figure>\n\n\n\n<p><\/p>\n\n\n\n<p>Adem\u00e1s, hubo una<strong> jornada de capacitaci\u00f3n y entrega de certificados de participaci\u00f3n, <\/strong>la cual fue encabezada por el Secretario de Desarrollo Econ\u00f3mico y Productivo Gast\u00f3n Sarachu, la Directora Provincial de Gobernanza Ambiental y Participaci\u00f3n P\u00fablica Giuliana P\u00e9cora, la Jefa de Regional de Educaci\u00f3n de Gesti\u00f3n Estatal Marta Casanella, la Jefa Regional de Educaci\u00f3n de Gesti\u00f3n Privada Romina Altafini y el Inspector Distrital de Educaci\u00f3n Julio Ben\u00edtez.<\/p>\n\n\n\n<p><\/p>\n\n\n\n<figure class=\"wp-block-image aligncenter size-full\"><img data-recalc-dims=\"1\" loading=\"lazy\" decoding=\"async\" width=\"800\" height=\"481\" src=\"https:\/\/i0.wp.com\/cdnoticias.com\/wp-content\/uploads\/2024\/10\/semana-conciencia-ambiental-estudiantes2.jpg?resize=800%2C481&#038;ssl=1\" alt=\"\" class=\"wp-image-127203\" srcset=\"https:\/\/i0.wp.com\/cdnoticias.com\/wp-content\/uploads\/2024\/10\/semana-conciencia-ambiental-estudiantes2.jpg?w=900&amp;ssl=1 900w, https:\/\/i0.wp.com\/cdnoticias.com\/wp-content\/uploads\/2024\/10\/semana-conciencia-ambiental-estudiantes2.jpg?resize=300%2C180&amp;ssl=1 300w, https:\/\/i0.wp.com\/cdnoticias.com\/wp-content\/uploads\/2024\/10\/semana-conciencia-ambiental-estudiantes2.jpg?resize=768%2C462&amp;ssl=1 768w\" sizes=\"auto, (max-width: 800px) 100vw, 800px\" \/><\/figure>\n\n\n\n<p><\/p>\n\n\n\n<p>Asimismo, participaron el subsecretario de Empresas e Inversiones Bernardo Baldino, las concejalas Bel\u00e9n Abraham y Telma Cazot, el director de Educaci\u00f3n Municipal Diego Lurbe, directivos de los establecimientos educativos, inspectores educativos y los alumnos.<\/p>\n\n\n\n<p><\/p>\n\n\n\n<p>Durante las exposiciones de los stands, <strong>el intendente Maximiliano Wesner visit\u00f3 y comparti\u00f3 con los alumnos<\/strong> quienes brindaron las explicaciones de sus proyectos ambientales.<\/p>\n\n\n\n<p><\/p>\n\n\n\n<figure class=\"wp-block-image aligncenter size-full\"><img data-recalc-dims=\"1\" loading=\"lazy\" decoding=\"async\" width=\"800\" height=\"447\" src=\"https:\/\/i0.wp.com\/cdnoticias.com\/wp-content\/uploads\/2024\/10\/semana-conciencia-ambiental-estudiantes3.jpg?resize=800%2C447&#038;ssl=1\" alt=\"\" class=\"wp-image-127204\" srcset=\"https:\/\/i0.wp.com\/cdnoticias.com\/wp-content\/uploads\/2024\/10\/semana-conciencia-ambiental-estudiantes3.jpg?w=900&amp;ssl=1 900w, https:\/\/i0.wp.com\/cdnoticias.com\/wp-content\/uploads\/2024\/10\/semana-conciencia-ambiental-estudiantes3.jpg?resize=300%2C168&amp;ssl=1 300w, https:\/\/i0.wp.com\/cdnoticias.com\/wp-content\/uploads\/2024\/10\/semana-conciencia-ambiental-estudiantes3.jpg?resize=768%2C429&amp;ssl=1 768w\" sizes=\"auto, (max-width: 800px) 100vw, 800px\" \/><\/figure>\n\n\n\n<p><\/p>\n\n\n\n<p>Muchos de ellos fueron trabajados en la curr\u00edcula de educaci\u00f3n, con la intenci\u00f3n de que<strong> el proyecto tenga un correlato en la pr\u00e1ctica y con las problem\u00e1ticas que los estudiantes detectan en su barrio, en su localidad y en la ciudad<\/strong>, y que puedan proyectar alternativas en el marco de una perspectiva integral de la educaci\u00f3n ambiental.<\/p>\n\n\n\n<p><\/p>\n","protected":false},"excerpt":{"rendered":"<p>El Sal\u00f3n Rivadavia se colm\u00f3 de estudiantes secundarios que presentaron sus proyectos ambientales en diversos stands. Con una jornada con<\/p>\n","protected":false},"author":6,"featured_media":127202,"comment_status":"closed","ping_status":"closed","sticky":false,"template":"","format":"standard","meta":{"_jetpack_memberships_contains_paid_content":false,"footnotes":""},"categories":[5,1],"tags":[],"class_list":["post-127199","post","type-post","status-publish","format-standard","has-post-thumbnail","hentry","category-informacion-general","category-portada"],"jetpack_featured_media_url":"https:\/\/i0.wp.com\/cdnoticias.com\/wp-content\/uploads\/2024\/10\/semana-conciencia-ambiental-estudiantes1.jpg?fit=900%2C531&ssl=1","jetpack_sharing_enabled":true,"_links":{"self":[{"href":"https:\/\/cdnoticias.com\/index.php\/wp-json\/wp\/v2\/posts\/127199","targetHints":{"allow":["GET"]}}],"collection":[{"href":"https:\/\/cdnoticias.com\/index.php\/wp-json\/wp\/v2\/posts"}],"about":[{"href":"https:\/\/cdnoticias.com\/index.php\/wp-json\/wp\/v2\/types\/post"}],"author":[{"embeddable":true,"href":"https:\/\/cdnoticias.com\/index.php\/wp-json\/wp\/v2\/users\/6"}],"replies":[{"embeddable":true,"href":"https:\/\/cdnoticias.com\/index.php\/wp-json\/wp\/v2\/comments?post=127199"}],"version-history":[{"count":0,"href":"https:\/\/cdnoticias.com\/index.php\/wp-json\/wp\/v2\/posts\/127199\/revisions"}],"wp:featuredmedia":[{"embeddable":true,"href":"https:\/\/cdnoticias.com\/index.php\/wp-json\/wp\/v2\/media\/127202"}],"wp:attachment":[{"href":"https:\/\/cdnoticias.com\/index.php\/wp-json\/wp\/v2\/media?parent=127199"}],"wp:term":[{"taxonomy":"category","embeddable":true,"href":"https:\/\/cdnoticias.com\/index.php\/wp-json\/wp\/v2\/categories?post=127199"},{"taxonomy":"post_tag","embeddable":true,"href":"https:\/\/cdnoticias.com\/index.php\/wp-json\/wp\/v2\/tags?post=127199"}],"curies":[{"name":"wp","href":"https:\/\/api.w.org\/{rel}","templated":true}]}}