{"id":127178,"date":"2024-10-05T10:32:03","date_gmt":"2024-10-05T13:32:03","guid":{"rendered":"https:\/\/cdnoticias.com\/?p=127178"},"modified":"2024-10-05T14:33:39","modified_gmt":"2024-10-05T17:33:39","slug":"un-motociclista-resulto-herido-luego-de-chocar-contra-una-camioneta","status":"publish","type":"post","link":"https:\/\/cdnoticias.com\/index.php\/2024\/10\/05\/un-motociclista-resulto-herido-luego-de-chocar-contra-una-camioneta\/","title":{"rendered":"Un motociclista result\u00f3 herido luego de chocar contra una camioneta"},"content":{"rendered":"\n<p>El hecho ocurri\u00f3 en avenida Avellaneda entre 25 de Mayo y General Lamadrid.<\/p>\n\n\n\n<hr class=\"wp-block-separator aligncenter has-alpha-channel-opacity\"\/>\n\n\n\n<p>Este viernes, personal de moto polic\u00edas realizaba recorridas preventivas cuando constataron que por circunstancias que se tratan de establecer, <strong>una motocicleta embisti\u00f3 la parte frontal de un autom\u00f3vil <\/strong>Volkswagen Voyage en avenida Avellaneda entre 25 de Mayo y General Lamadrid.<\/p>\n\n\n\n<p><\/p>\n\n\n\n<p>A ra\u00edz del choque, <strong>el motociclista <\/strong>que circulaba en una Honda Wave 110, <strong>sufri\u00f3 una &#8220;fractura en dedo me\u00f1ique de mano izquierda&#8221; <\/strong>y recibi\u00f3 las primeras curaciones en el Hospital Municipal, recuperando el alta m\u00e9dica.<\/p>\n\n\n\n<p><\/p>\n\n\n\n<p>El hecho fue caratulado como <strong>\u201clesiones culposas\u201d<\/strong> e interviene Comisar\u00eda Primera.<\/p>\n\n\n\n<p><\/p>\n\n\n\n<p>Trabajaron en el lugar peritos de especialidad de la Subdelegaci\u00f3n de Polic\u00eda Cient\u00edfica local. Interviene la UFI N\u00b010 a cargo de Jos\u00e9 Iturralde.<\/p>\n","protected":false},"excerpt":{"rendered":"<p>El hecho ocurri\u00f3 en avenida Avellaneda entre 25 de Mayo y General Lamadrid. Este viernes, personal de moto polic\u00edas realizaba<\/p>\n","protected":false},"author":6,"featured_media":127179,"comment_status":"closed","ping_status":"closed","sticky":false,"template":"","format":"standard","meta":{"_jetpack_memberships_contains_paid_content":false,"footnotes":""},"categories":[14,1],"tags":[],"class_list":["post-127178","post","type-post","status-publish","format-standard","has-post-thumbnail","hentry","category-policiales","category-portada"],"jetpack_featured_media_url":"https:\/\/i0.wp.com\/cdnoticias.com\/wp-content\/uploads\/2024\/10\/choque-auto-movil-avenida-avellaneda.png?fit=670%2C425&ssl=1","jetpack_sharing_enabled":true,"_links":{"self":[{"href":"https:\/\/cdnoticias.com\/index.php\/wp-json\/wp\/v2\/posts\/127178","targetHints":{"allow":["GET"]}}],"collection":[{"href":"https:\/\/cdnoticias.com\/index.php\/wp-json\/wp\/v2\/posts"}],"about":[{"href":"https:\/\/cdnoticias.com\/index.php\/wp-json\/wp\/v2\/types\/post"}],"author":[{"embeddable":true,"href":"https:\/\/cdnoticias.com\/index.php\/wp-json\/wp\/v2\/users\/6"}],"replies":[{"embeddable":true,"href":"https:\/\/cdnoticias.com\/index.php\/wp-json\/wp\/v2\/comments?post=127178"}],"version-history":[{"count":0,"href":"https:\/\/cdnoticias.com\/index.php\/wp-json\/wp\/v2\/posts\/127178\/revisions"}],"wp:featuredmedia":[{"embeddable":true,"href":"https:\/\/cdnoticias.com\/index.php\/wp-json\/wp\/v2\/media\/127179"}],"wp:attachment":[{"href":"https:\/\/cdnoticias.com\/index.php\/wp-json\/wp\/v2\/media?parent=127178"}],"wp:term":[{"taxonomy":"category","embeddable":true,"href":"https:\/\/cdnoticias.com\/index.php\/wp-json\/wp\/v2\/categories?post=127178"},{"taxonomy":"post_tag","embeddable":true,"href":"https:\/\/cdnoticias.com\/index.php\/wp-json\/wp\/v2\/tags?post=127178"}],"curies":[{"name":"wp","href":"https:\/\/api.w.org\/{rel}","templated":true}]}}