{"id":127172,"date":"2024-10-07T18:30:16","date_gmt":"2024-10-07T21:30:16","guid":{"rendered":"https:\/\/cdnoticias.com\/?p=127172"},"modified":"2024-10-07T18:30:18","modified_gmt":"2024-10-07T21:30:18","slug":"mas-de-100-estudiantes-participaron-de-sociales-en-accion-en-las-unidades-penales","status":"publish","type":"post","link":"https:\/\/cdnoticias.com\/index.php\/2024\/10\/07\/mas-de-100-estudiantes-participaron-de-sociales-en-accion-en-las-unidades-penales\/","title":{"rendered":"M\u00e1s de 100 estudiantes participaron de Sociales en Acci\u00f3n en las unidades penales"},"content":{"rendered":"\n<p>Se desarrollaron en las c\u00e1rceles de Sierra Chica y Azul. Estudiantes y docentes dictaron diversos talleres.<\/p>\n\n\n\n<hr class=\"wp-block-separator aligncenter has-alpha-channel-opacity\"\/>\n\n\n\n<p>M\u00e1s de<strong> 100 estudiantes de tercer a\u00f1o del nivel secundario <\/strong>de los CENS de <strong>Azul y Sierra Chica<\/strong> participaron de las propuestas desarrolladas en las unidades penales en el marco de segunda jornada de<strong> Sociales en Acci\u00f3n en contextos de encierro.<\/strong><\/p>\n\n\n\n<p><\/p>\n\n\n\n<p>La propuesta est\u00e1 coordinada por la Facultad de Ciencias Sociales a trav\u00e9s de la Secretar\u00eda de Extensi\u00f3n, Bienestar y Transferencia y el Programa de Educaci\u00f3n en Contextos de Encierro.<\/p>\n\n\n\n<p><\/p>\n\n\n\n<figure class=\"wp-block-image aligncenter size-full\"><img data-recalc-dims=\"1\" loading=\"lazy\" decoding=\"async\" width=\"800\" height=\"441\" src=\"https:\/\/i0.wp.com\/cdnoticias.com\/wp-content\/uploads\/2024\/10\/sociales-en-accion-contexto-encierro.png?resize=800%2C441&#038;ssl=1\" alt=\"\" class=\"wp-image-127173\" srcset=\"https:\/\/i0.wp.com\/cdnoticias.com\/wp-content\/uploads\/2024\/10\/sociales-en-accion-contexto-encierro.png?w=855&amp;ssl=1 855w, https:\/\/i0.wp.com\/cdnoticias.com\/wp-content\/uploads\/2024\/10\/sociales-en-accion-contexto-encierro.png?resize=300%2C165&amp;ssl=1 300w, https:\/\/i0.wp.com\/cdnoticias.com\/wp-content\/uploads\/2024\/10\/sociales-en-accion-contexto-encierro.png?resize=768%2C423&amp;ssl=1 768w\" sizes=\"auto, (max-width: 800px) 100vw, 800px\" \/><\/figure>\n\n\n\n<p><\/p>\n\n\n\n<p>Con gran participaci\u00f3n e intercambio, las jornadas se llevaron adelante en las unidades penales 52 y 7 de Azul y en las UP 27, 38 y 2 de Sierra Chica.<\/p>\n\n\n\n<p><\/p>\n\n\n\n<p>El prop\u00f3sito de los encuentros es <strong>generar acciones de articulaci\u00f3n entre los niveles Secundario y Universitario, <\/strong>particularmente en las unidades penales en las que la Facultad de Ciencias Sociales dicta carreras de grado.<\/p>\n","protected":false},"excerpt":{"rendered":"<p>Se desarrollaron en las c\u00e1rceles de Sierra Chica y Azul. Estudiantes y docentes dictaron diversos talleres. M\u00e1s de 100 estudiantes<\/p>\n","protected":false},"author":6,"featured_media":127174,"comment_status":"closed","ping_status":"closed","sticky":false,"template":"","format":"standard","meta":{"_jetpack_memberships_contains_paid_content":false,"footnotes":""},"categories":[5,1],"tags":[],"class_list":["post-127172","post","type-post","status-publish","format-standard","has-post-thumbnail","hentry","category-informacion-general","category-portada"],"jetpack_featured_media_url":"https:\/\/i0.wp.com\/cdnoticias.com\/wp-content\/uploads\/2024\/10\/sociales-en-accion-contexto-encierro1.png?fit=887%2C501&ssl=1","jetpack_sharing_enabled":true,"_links":{"self":[{"href":"https:\/\/cdnoticias.com\/index.php\/wp-json\/wp\/v2\/posts\/127172","targetHints":{"allow":["GET"]}}],"collection":[{"href":"https:\/\/cdnoticias.com\/index.php\/wp-json\/wp\/v2\/posts"}],"about":[{"href":"https:\/\/cdnoticias.com\/index.php\/wp-json\/wp\/v2\/types\/post"}],"author":[{"embeddable":true,"href":"https:\/\/cdnoticias.com\/index.php\/wp-json\/wp\/v2\/users\/6"}],"replies":[{"embeddable":true,"href":"https:\/\/cdnoticias.com\/index.php\/wp-json\/wp\/v2\/comments?post=127172"}],"version-history":[{"count":0,"href":"https:\/\/cdnoticias.com\/index.php\/wp-json\/wp\/v2\/posts\/127172\/revisions"}],"wp:featuredmedia":[{"embeddable":true,"href":"https:\/\/cdnoticias.com\/index.php\/wp-json\/wp\/v2\/media\/127174"}],"wp:attachment":[{"href":"https:\/\/cdnoticias.com\/index.php\/wp-json\/wp\/v2\/media?parent=127172"}],"wp:term":[{"taxonomy":"category","embeddable":true,"href":"https:\/\/cdnoticias.com\/index.php\/wp-json\/wp\/v2\/categories?post=127172"},{"taxonomy":"post_tag","embeddable":true,"href":"https:\/\/cdnoticias.com\/index.php\/wp-json\/wp\/v2\/tags?post=127172"}],"curies":[{"name":"wp","href":"https:\/\/api.w.org\/{rel}","templated":true}]}}