{"id":127169,"date":"2024-10-04T19:41:26","date_gmt":"2024-10-04T22:41:26","guid":{"rendered":"https:\/\/cdnoticias.com\/?p=127169"},"modified":"2024-10-05T10:32:23","modified_gmt":"2024-10-05T13:32:23","slug":"se-conocio-el-listado-del-sorteo-del-programa-municipal-de-viviendas","status":"publish","type":"post","link":"https:\/\/cdnoticias.com\/index.php\/2024\/10\/04\/se-conocio-el-listado-del-sorteo-del-programa-municipal-de-viviendas\/","title":{"rendered":"Se conoci\u00f3 el listado del sorteo del Programa Municipal de Viviendas"},"content":{"rendered":"\n<p>Se sortear\u00e1n 16 viviendas ubicadas en el barrio Pickelado. En total son 229 anotados. El sorteo ser\u00e1 el lunes 7 de octubre a las 12:30 horas en el Sal\u00f3n Rivadavia.<\/p>\n\n\n\n<hr class=\"wp-block-separator aligncenter has-alpha-channel-opacity\"\/>\n\n\n\n<p>El Municipio de Olavarr\u00eda, a trav\u00e9s de la Direcci\u00f3n de Casa de Tierras y Regularizaci\u00f3n Dominial,<strong> inform\u00f3 que tras el proceso de inscripci\u00f3n que dur\u00f3 todo septiembre, este lunes 7 de octubre se realizar\u00e1 el sorteo del Programa Municipal de Vivienda.<\/strong><\/p>\n\n\n\n<p><strong>La actividad se realizar\u00e1 a partir de las 12:30 horas, en el Sal\u00f3n Rivadavia.<\/strong> Contar\u00e1 con la presencia de funcionarios municipales y estar\u00e1 fiscalizado por Escribanos P\u00fablicos, para garantizar la transparencia e igualdad de oportunidades de todas las personas aspirantes.<\/p>\n\n\n\n<p>Se recuerda que<strong> las viviendas ya se encuentran construidas y se tratan de 10 inmuebles de construcci\u00f3n tradicional y 6 de modalidad industrializada.<\/strong> Tras el plazo de inscripci\u00f3n, en las \u00faltimas semanas se llev\u00f3 a cabo el an\u00e1lisis del listado en cuanto al cumplimiento de los requisitos establecidos en la Ordenanza Municipal marco, lo que determin\u00f3 que sean alrededor de un centenar las personas habilitadas.<\/p>\n\n\n\n<p>Al respecto, se explic\u00f3 que<strong> a cada una de ellas le fue asignado un n\u00famero con el cual participar\u00e1n del sorteo correspondiente al plan particular en el cual se anot\u00f3. <\/strong>En ese sentido, son tres las modalidades, una de construcci\u00f3n Industrializada y dos de construcci\u00f3n tradicional, pero la diferencia radica en la ubicaci\u00f3n del lote entre frentistas y esquinas.<\/p>\n\n\n\n<p>A continuaci\u00f3n, el detalle de personas participantes y el n\u00famero asignado:<\/p>\n\n\n\n<p class=\"has-large-font-size\">Industrializadas<\/p>\n\n\n\n<p>01&nbsp;&nbsp;&nbsp;&nbsp;&nbsp;&nbsp; Quiroz, Esteban Juan Jos\u00e9<\/p>\n\n\n\n<p>02&nbsp;&nbsp;&nbsp;&nbsp;&nbsp;&nbsp; Baigorr\u00eda, Mar\u00eda Agustina<\/p>\n\n\n\n<p>03&nbsp;&nbsp;&nbsp;&nbsp;&nbsp;&nbsp; Heinrich, Maia Ail\u00e9n<\/p>\n\n\n\n<p>04&nbsp;&nbsp;&nbsp;&nbsp;&nbsp;&nbsp; Hoffer Barraza, Mar\u00eda P\u00eda<\/p>\n\n\n\n<p>05&nbsp;&nbsp;&nbsp;&nbsp;&nbsp;&nbsp; Moreno Parra, Sandy Nayiberth<\/p>\n\n\n\n<p>06&nbsp;&nbsp;&nbsp;&nbsp;&nbsp;&nbsp; Trstenjak, D\u00e9bora Agustina<\/p>\n\n\n\n<p>07&nbsp;&nbsp;&nbsp;&nbsp;&nbsp;&nbsp; Gisler, Tiago<\/p>\n\n\n\n<p>08&nbsp;&nbsp;&nbsp;&nbsp;&nbsp;&nbsp; Arouxet, Luciana Paola<\/p>\n\n\n\n<p>09&nbsp;&nbsp;&nbsp;&nbsp;&nbsp;&nbsp; Garmendia Ragonese, Jonatan Mario<\/p>\n\n\n\n<p>10&nbsp;&nbsp;&nbsp;&nbsp;&nbsp;&nbsp; Gorosito, Cecilia Marina<\/p>\n\n\n\n<p>11&nbsp;&nbsp;&nbsp;&nbsp;&nbsp;&nbsp; Condori, Carolina Florencia<\/p>\n\n\n\n<p>12&nbsp;&nbsp;&nbsp;&nbsp;&nbsp;&nbsp; Mariscal, Lucas Gabriel<\/p>\n\n\n\n<p>13&nbsp;&nbsp;&nbsp;&nbsp;&nbsp;&nbsp; Goyenetche, Agust\u00edn Jes\u00fas<\/p>\n\n\n\n<p>14&nbsp;&nbsp;&nbsp;&nbsp;&nbsp;&nbsp; Mart\u00ednez, Daniel Rodolfo<\/p>\n\n\n\n<p>15&nbsp;&nbsp;&nbsp;&nbsp;&nbsp;&nbsp; Cepeda, Joel<\/p>\n\n\n\n<p>16&nbsp;&nbsp;&nbsp;&nbsp;&nbsp;&nbsp; Carpinetti, Mar\u00eda Andrea<\/p>\n\n\n\n<p>17&nbsp;&nbsp;&nbsp;&nbsp;&nbsp;&nbsp; D\u00edaz, Jonathan Gabriel<\/p>\n\n\n\n<p>18&nbsp;&nbsp;&nbsp;&nbsp;&nbsp;&nbsp; Cambiteli, Ramiro Dami\u00e1n<\/p>\n\n\n\n<p>19&nbsp;&nbsp;&nbsp;&nbsp;&nbsp;&nbsp; Rom\u00e1n Mart\u00ednez, Rodrigo<\/p>\n\n\n\n<p>20&nbsp;&nbsp;&nbsp;&nbsp;&nbsp;&nbsp; Pita Marcaida, Ximena Maiten<\/p>\n\n\n\n<p>21&nbsp;&nbsp;&nbsp;&nbsp;&nbsp;&nbsp; Coronel, Maximiliano Emir<\/p>\n\n\n\n<p>22&nbsp;&nbsp;&nbsp;&nbsp;&nbsp;&nbsp; Herlein, Tomas<\/p>\n\n\n\n<p>23&nbsp;&nbsp;&nbsp;&nbsp;&nbsp;&nbsp; Battista, Juan Carlos<\/p>\n\n\n\n<p>24&nbsp;&nbsp;&nbsp;&nbsp;&nbsp;&nbsp; Villegas, Germ\u00e1n Juan Jos\u00e9<\/p>\n\n\n\n<p>25&nbsp;&nbsp;&nbsp;&nbsp;&nbsp;&nbsp; Rivas, Fernando Daniel<\/p>\n\n\n\n<p>26&nbsp;&nbsp;&nbsp;&nbsp;&nbsp;&nbsp; Fern\u00e1ndez, Marcelo Oscar<\/p>\n\n\n\n<p>27&nbsp;&nbsp;&nbsp;&nbsp;&nbsp;&nbsp; Ram\u00edrez, Nahiara<\/p>\n\n\n\n<p>28&nbsp;&nbsp;&nbsp;&nbsp;&nbsp;&nbsp; Alves, Axel<\/p>\n\n\n\n<p class=\"has-large-font-size\">Esquina<\/p>\n\n\n\n<p>101&nbsp;&nbsp;&nbsp;&nbsp; Salla, Mauricio Mat\u00edas<\/p>\n\n\n\n<p>102&nbsp;&nbsp;&nbsp;&nbsp; Cofr\u00e9 Prodan, Juan Ignacio<\/p>\n\n\n\n<p>103&nbsp;&nbsp;&nbsp;&nbsp; Chantir, Mariano<\/p>\n\n\n\n<p>104&nbsp;&nbsp;&nbsp;&nbsp; Del Zotto, Rodrigo<\/p>\n\n\n\n<p>105&nbsp;&nbsp;&nbsp;&nbsp; Gebel, Magali<\/p>\n\n\n\n<p>106&nbsp;&nbsp;&nbsp;&nbsp; Troia, Esteban Ezequiel<\/p>\n\n\n\n<p>107&nbsp;&nbsp;&nbsp;&nbsp; Wagner Garc\u00eda, Norma Gabriela<\/p>\n\n\n\n<p>108&nbsp;&nbsp;&nbsp;&nbsp; Mar\u00eda, Silvana Natalia<\/p>\n\n\n\n<p>109&nbsp;&nbsp;&nbsp;&nbsp; Diorio Rypstra, Walter Antonino<\/p>\n\n\n\n<p>110&nbsp;&nbsp;&nbsp;&nbsp; Luguercio, D\u00e9bora Mariana<\/p>\n\n\n\n<p>111&nbsp;&nbsp;&nbsp;&nbsp; Ar\u00e9valo Brito, Marco Antonio<\/p>\n\n\n\n<p>112&nbsp;&nbsp;&nbsp;&nbsp; S\u00e1enz Buruaga, Mat\u00edas Adolfo<\/p>\n\n\n\n<p>113&nbsp;&nbsp;&nbsp;&nbsp; Mitre, Lucas Ezequiel<\/p>\n\n\n\n<p>114&nbsp;&nbsp;&nbsp;&nbsp; Moyano, Malisa Gabriela<\/p>\n\n\n\n<p>115&nbsp;&nbsp;&nbsp;&nbsp; Ruiz, Sergio Fabio<\/p>\n\n\n\n<p>116&nbsp;&nbsp;&nbsp;&nbsp; Torres, Juan Ignacio<\/p>\n\n\n\n<p>117&nbsp;&nbsp;&nbsp;&nbsp; Garc\u00eda, Gustavo Germ\u00e1n<\/p>\n\n\n\n<p>118&nbsp;&nbsp;&nbsp;&nbsp; Las Heras, Carla Stefania<\/p>\n\n\n\n<p>119&nbsp;&nbsp;&nbsp;&nbsp; Dilascio, Valeria Elizabeth<\/p>\n\n\n\n<p>120&nbsp;&nbsp;&nbsp;&nbsp; Barrio Ram\u00edrez, Facundo Tomas<\/p>\n\n\n\n<p>121&nbsp;&nbsp;&nbsp;&nbsp; Alzogaray, Estefan\u00eda Roc\u00edo<\/p>\n\n\n\n<p>122&nbsp;&nbsp;&nbsp;&nbsp; Z\u00e1ngara, Oscar Ariel<\/p>\n\n\n\n<p>123&nbsp;&nbsp;&nbsp;&nbsp; Hiese, Maia<\/p>\n\n\n\n<p>124&nbsp;&nbsp;&nbsp;&nbsp; Mogica, Noelia Elisabet<\/p>\n\n\n\n<p>125&nbsp;&nbsp;&nbsp;&nbsp; Avila, Mat\u00edas Gabriel<\/p>\n\n\n\n<p>126&nbsp;&nbsp;&nbsp;&nbsp; Roldan, Franco Daniel<\/p>\n\n\n\n<p>127&nbsp;&nbsp;&nbsp;&nbsp; Montes De Oca, Carolina<\/p>\n\n\n\n<p>128&nbsp;&nbsp;&nbsp;&nbsp; Chiste, Maira Natalia<\/p>\n\n\n\n<p>129&nbsp;&nbsp;&nbsp;&nbsp; Castillo, \u00c9rica Judit<\/p>\n\n\n\n<p>130&nbsp;&nbsp;&nbsp;&nbsp; Gisler, Paula<\/p>\n\n\n\n<p>131&nbsp;&nbsp;&nbsp;&nbsp; \u00c1lvarez Morello, Norma Graciela<\/p>\n\n\n\n<p>132&nbsp;&nbsp;&nbsp;&nbsp; Rivas, Aaron Nicol\u00e1s<\/p>\n\n\n\n<p>133&nbsp;&nbsp;&nbsp;&nbsp; Henrik, Adabela<\/p>\n\n\n\n<p>134&nbsp;&nbsp;&nbsp;&nbsp; Basualdo, Iv\u00e1n<\/p>\n\n\n\n<p>135&nbsp;&nbsp;&nbsp;&nbsp; Pedernera, Juan Alberto<\/p>\n\n\n\n<p>136&nbsp;&nbsp;&nbsp;&nbsp; Fal, Sebasti\u00e1n<\/p>\n\n\n\n<p>137&nbsp;&nbsp;&nbsp;&nbsp; Bellinzoni, Jonathan Ezequiel<\/p>\n\n\n\n<p>138&nbsp;&nbsp;&nbsp;&nbsp; Rebolo P\u00e9rez, Ariel<\/p>\n\n\n\n<p>139&nbsp;&nbsp;&nbsp;&nbsp; Rey, Nazareno Cruz<\/p>\n\n\n\n<p>140&nbsp;&nbsp;&nbsp;&nbsp; Rodr\u00edguez, Juan Jos\u00e9<\/p>\n\n\n\n<p>141&nbsp;&nbsp;&nbsp;&nbsp; Vives Mart\u00ednez, Eduardo Antonio<\/p>\n\n\n\n<p>142&nbsp;&nbsp;&nbsp;&nbsp; Senyar, Martin<\/p>\n\n\n\n<p>143&nbsp;&nbsp;&nbsp;&nbsp; Monges, Agust\u00edn<\/p>\n\n\n\n<p>144&nbsp;&nbsp;&nbsp;&nbsp; Conus, Adolfo<\/p>\n\n\n\n<p>145&nbsp;&nbsp;&nbsp;&nbsp; Novillo, Joaqu\u00edn<\/p>\n\n\n\n<p>146&nbsp;&nbsp;&nbsp;&nbsp; Franco, Karen Ailen<\/p>\n\n\n\n<p>147&nbsp;&nbsp;&nbsp;&nbsp; Minich, Anal\u00eda Patricia<\/p>\n\n\n\n<p>148&nbsp;&nbsp;&nbsp;&nbsp; Carosella, Nicol\u00e1s Andr\u00e9s<\/p>\n\n\n\n<p>149&nbsp;&nbsp;&nbsp;&nbsp; Bracamonte, Cecilia<\/p>\n\n\n\n<p>150&nbsp;&nbsp;&nbsp;&nbsp; Bojesen, Claudia Daniela<\/p>\n\n\n\n<p>151&nbsp;&nbsp;&nbsp;&nbsp; Rosales Jassir, Luis Alberto<\/p>\n\n\n\n<p>152&nbsp;&nbsp;&nbsp;&nbsp; Sallago San Juan, Oscar Mauro Antonio<\/p>\n\n\n\n<p>153&nbsp;&nbsp;&nbsp;&nbsp; Elzegbe, Yamil\u00e9<\/p>\n\n\n\n<p>154&nbsp;&nbsp;&nbsp;&nbsp; Bianchi, Gabriela Edith<\/p>\n\n\n\n<p>155&nbsp;&nbsp;&nbsp;&nbsp; Cejas, Laura Micaela<\/p>\n\n\n\n<p>156&nbsp;&nbsp;&nbsp;&nbsp; Giretti, Fernando Daniel<\/p>\n\n\n\n<p>157&nbsp;&nbsp;&nbsp;&nbsp; Villarreal, Milagros Brisa<\/p>\n\n\n\n<p>158&nbsp;&nbsp;&nbsp;&nbsp; Lamique, Melisa Noelia<\/p>\n\n\n\n<p>159&nbsp;&nbsp;&nbsp;&nbsp; Cazaux Warman, Lucas<\/p>\n\n\n\n<p>160&nbsp;&nbsp;&nbsp;&nbsp; Vidal, Federico Mat\u00edas<\/p>\n\n\n\n<p>161&nbsp;&nbsp;&nbsp;&nbsp; Romero, Camila<\/p>\n\n\n\n<p>162&nbsp;&nbsp;&nbsp;&nbsp; Zeberio, Ignacio Oscar<\/p>\n\n\n\n<p>163&nbsp;&nbsp;&nbsp;&nbsp; Gentile, Ramiro<\/p>\n\n\n\n<p>164&nbsp;&nbsp;&nbsp;&nbsp; Merlos Quinteros, Maximiliano Eduardo<\/p>\n\n\n\n<p>165&nbsp;&nbsp;&nbsp;&nbsp; Maguregui, Francisco Ignacio<\/p>\n\n\n\n<p>166&nbsp;&nbsp;&nbsp;&nbsp; Medina, Brian<\/p>\n\n\n\n<p class=\"has-large-font-size\">Frentistas<\/p>\n\n\n\n<p>201&nbsp;&nbsp;&nbsp;&nbsp; Cirigliano, Jos\u00e9 Ignacio<\/p>\n\n\n\n<p>202&nbsp;&nbsp;&nbsp;&nbsp; \u00c1lvarez, Liliana Alejandra<\/p>\n\n\n\n<p>203&nbsp;&nbsp;&nbsp;&nbsp; Suburu, Mariana Soledad<\/p>\n\n\n\n<p>204&nbsp;&nbsp;&nbsp;&nbsp; Cos, Manuela Maribel<\/p>\n\n\n\n<p>205&nbsp;&nbsp;&nbsp;&nbsp; Vavrin, Germ\u00e1n Samuel<\/p>\n\n\n\n<p>206&nbsp;&nbsp;&nbsp;&nbsp; Pereyra, Sergio Nicol\u00e1s<\/p>\n\n\n\n<p>207&nbsp;&nbsp;&nbsp;&nbsp; Grierson, Alexis<\/p>\n\n\n\n<p>208&nbsp;&nbsp;&nbsp;&nbsp; Navarro, Joelmis<\/p>\n\n\n\n<p>209&nbsp;&nbsp;&nbsp;&nbsp; Gonz\u00e1lez, Mariela<\/p>\n\n\n\n<p>210&nbsp;&nbsp;&nbsp;&nbsp; Laricchiuta, Ricardo Andr\u00e9s<\/p>\n\n\n\n<p>211&nbsp;&nbsp;&nbsp;&nbsp; Vaccaro, Emanuel Agust\u00edn<\/p>\n\n\n\n<p>212&nbsp;&nbsp;&nbsp;&nbsp; Zeballos, Pedro Ignacio<\/p>\n\n\n\n<p>213&nbsp;&nbsp;&nbsp;&nbsp; Sire, Cristina Gisele<\/p>\n\n\n\n<p>214&nbsp;&nbsp;&nbsp;&nbsp; Gonz\u00e1lez, H\u00e9ctor Juan<\/p>\n\n\n\n<p>215&nbsp;&nbsp;&nbsp;&nbsp; Iribarren Ram\u00edrez, Larisa Maite<\/p>\n\n\n\n<p>216&nbsp;&nbsp;&nbsp;&nbsp; Lucero, Camila<\/p>\n\n\n\n<p>217&nbsp;&nbsp;&nbsp;&nbsp; Pestoni, Sebasti\u00e1n Enrique<\/p>\n\n\n\n<p>218&nbsp;&nbsp;&nbsp;&nbsp; Mujica, Nadia<\/p>\n\n\n\n<p>219&nbsp;&nbsp;&nbsp;&nbsp; Irigaray, Cecilia Beatriz<\/p>\n\n\n\n<p>220&nbsp;&nbsp;&nbsp;&nbsp; Castro, Bruno Ariel<\/p>\n\n\n\n<p>221&nbsp;&nbsp;&nbsp;&nbsp; Bravo, Mar\u00eda Carolina<\/p>\n\n\n\n<p>222&nbsp;&nbsp;&nbsp;&nbsp; Tellechea, Mar\u00eda Eugenia<\/p>\n\n\n\n<p>223&nbsp;&nbsp;&nbsp;&nbsp; Schilling, Mar\u00eda Sol<\/p>\n\n\n\n<p>224&nbsp;&nbsp;&nbsp;&nbsp; Mondotegui, Nahuel<\/p>\n\n\n\n<p>225&nbsp;&nbsp;&nbsp;&nbsp; D\u00edaz, Fabi\u00e1n Fernando<\/p>\n\n\n\n<p>226&nbsp;&nbsp;&nbsp;&nbsp; Negretti, Bel\u00e9n<\/p>\n\n\n\n<p>227&nbsp;&nbsp;&nbsp;&nbsp; Escalada, Santiago<\/p>\n\n\n\n<p>228&nbsp;&nbsp;&nbsp;&nbsp; Lurbet, Germ\u00e1n Ismael<\/p>\n\n\n\n<p>229&nbsp;&nbsp;&nbsp;&nbsp; Aizcorbe Gonz\u00e1lez, Ezequiel Fabricio<\/p>\n","protected":false},"excerpt":{"rendered":"<p>Se sortear\u00e1n 16 viviendas ubicadas en el barrio Pickelado. En total son 229 anotados. El sorteo ser\u00e1 el lunes 7<\/p>\n","protected":false},"author":2,"featured_media":126791,"comment_status":"closed","ping_status":"closed","sticky":false,"template":"","format":"standard","meta":{"_jetpack_memberships_contains_paid_content":false,"footnotes":""},"categories":[5,1],"tags":[],"class_list":["post-127169","post","type-post","status-publish","format-standard","has-post-thumbnail","hentry","category-informacion-general","category-portada"],"jetpack_featured_media_url":"https:\/\/i0.wp.com\/cdnoticias.com\/wp-content\/uploads\/2024\/10\/Tuvi-viviendas.jpg?fit=1000%2C557&ssl=1","jetpack_sharing_enabled":true,"_links":{"self":[{"href":"https:\/\/cdnoticias.com\/index.php\/wp-json\/wp\/v2\/posts\/127169","targetHints":{"allow":["GET"]}}],"collection":[{"href":"https:\/\/cdnoticias.com\/index.php\/wp-json\/wp\/v2\/posts"}],"about":[{"href":"https:\/\/cdnoticias.com\/index.php\/wp-json\/wp\/v2\/types\/post"}],"author":[{"embeddable":true,"href":"https:\/\/cdnoticias.com\/index.php\/wp-json\/wp\/v2\/users\/2"}],"replies":[{"embeddable":true,"href":"https:\/\/cdnoticias.com\/index.php\/wp-json\/wp\/v2\/comments?post=127169"}],"version-history":[{"count":0,"href":"https:\/\/cdnoticias.com\/index.php\/wp-json\/wp\/v2\/posts\/127169\/revisions"}],"wp:featuredmedia":[{"embeddable":true,"href":"https:\/\/cdnoticias.com\/index.php\/wp-json\/wp\/v2\/media\/126791"}],"wp:attachment":[{"href":"https:\/\/cdnoticias.com\/index.php\/wp-json\/wp\/v2\/media?parent=127169"}],"wp:term":[{"taxonomy":"category","embeddable":true,"href":"https:\/\/cdnoticias.com\/index.php\/wp-json\/wp\/v2\/categories?post=127169"},{"taxonomy":"post_tag","embeddable":true,"href":"https:\/\/cdnoticias.com\/index.php\/wp-json\/wp\/v2\/tags?post=127169"}],"curies":[{"name":"wp","href":"https:\/\/api.w.org\/{rel}","templated":true}]}}