{"id":127159,"date":"2024-10-05T13:30:06","date_gmt":"2024-10-05T16:30:06","guid":{"rendered":"https:\/\/cdnoticias.com\/?p=127159"},"modified":"2024-10-05T13:30:08","modified_gmt":"2024-10-05T16:30:08","slug":"dengue-en-la-provincia-los-casos-confirmados-tienen-antecedente-de-viaje","status":"publish","type":"post","link":"https:\/\/cdnoticias.com\/index.php\/2024\/10\/05\/dengue-en-la-provincia-los-casos-confirmados-tienen-antecedente-de-viaje\/","title":{"rendered":"Dengue en la provincia: los casos confirmados tienen antecedente de viaje"},"content":{"rendered":"\n<p>El Ministerio de Salud inform\u00f3 sobre tres contagios en personas que estuvieron en M\u00e9xico y en Brasil. Hay otros 13 probables.<\/p>\n\n\n\n<hr class=\"wp-block-separator aligncenter has-alpha-channel-opacity\"\/>\n\n\n\n<p>El Gobierno bonaerense public\u00f3 un <strong>nuevo bolet\u00edn epidemiol\u00f3gico <\/strong>en el que detall\u00f3 que en los \u00faltimos meses <strong>se registraron tres casos de dengue en la provincia de Buenos Aires,<\/strong> pero que todos cuentan con <strong>antecedentes de viaje.<\/strong><\/p>\n\n\n\n<p><\/p>\n\n\n\n<p>Actualmente, <strong>la provincia no cuenta con circulaci\u00f3n de dengue<\/strong> o de otros arbovirus (como zika o chikungunya), aunque s\u00ed hay tres contagios confirmados con antecedentes de viaje y <strong>otros casos probables que est\u00e1n en estudio.<\/strong><\/p>\n\n\n\n<p><\/p>\n\n\n\n<p>\u201cEntre el 23 de junio (semana epidemiol\u00f3gica 26) y el 14 de septiembre de 2024 (semana epidemiol\u00f3gica 37) se notificaron 495 casos compatibles con dengue de los cuales 3 fueron confirmados, 13 son probables, 447 en estudio y 32 fueron descartados\u201d, inform\u00f3 la cartera que conduce Nicol\u00e1s Kreplak.<\/p>\n\n\n\n<p><\/p>\n\n\n\n<blockquote class=\"wp-block-quote is-layout-flow wp-block-quote-is-layout-flow\">\n<p>La cartera detall\u00f3 que \u201clos casos confirmados corresponden a personas con antecedente de viaje\u201d. Dos de los contagiados hab\u00edan estado en M\u00e9xico y el restante en Brasil.<\/p>\n<\/blockquote>\n\n\n\n<p><\/p>\n\n\n\n<p>\u201cDos de ellos tienen antecedente de viaje y en el resto de los casos, la investigaci\u00f3n epidemiol\u00f3gica se encuentra en curso\u201d, detall\u00f3 el ministerio.<\/p>\n\n\n\n<p><\/p>\n\n\n\n<p>La dependencia que conduce Nicol\u00e1s Kreplak explica en el documento que <strong><em>\u201cen ausencia de brotes (periodo inter epid\u00e9mico) es el momento de adecuaci\u00f3n de la vigilancia epidemiol\u00f3gica, la preparaci\u00f3n y planificaci\u00f3n de acciones para la pr\u00f3xima temporada\u201d <\/em><\/strong>de dengue.<\/p>\n\n\n\n<p><\/p>\n\n\n\n<blockquote class=\"wp-block-quote is-layout-flow wp-block-quote-is-layout-flow\">\n<p>Entre las acciones prioritarias, la Provincia incluye la notificaci\u00f3n y el estudio de los casos sospechosos, y la eliminaci\u00f3n de todo criadero potencial del mosquito de los domicilios y lugares de trabajo, entre otros de tr\u00e1nsito continuo.<\/p>\n<\/blockquote>\n\n\n\n<p><\/p>\n\n\n\n<p>La informaci\u00f3n propiciada por Provincia surge en un ambiente de alarma, luego de que Kreplak se\u00f1alara <strong>\u201cse viene una epidemia de dengue muy grave<\/strong>\u201d y que investigadores informaran sobre la presencia en el conurbano bonaerense de tres mutaciones gen\u00e9ticas en los mosquitos Aedes aegypti (trasmisores del dengue) que ahora son m\u00e1s resistentes a los insecticidas.<\/p>\n\n\n\n<p><\/p>\n\n\n\n<p><em>Fuente: DIB<\/em><\/p>\n","protected":false},"excerpt":{"rendered":"<p>El Ministerio de Salud inform\u00f3 sobre tres contagios en personas que estuvieron en M\u00e9xico y en Brasil. Hay otros 13<\/p>\n","protected":false},"author":6,"featured_media":107273,"comment_status":"closed","ping_status":"closed","sticky":false,"template":"","format":"standard","meta":{"_jetpack_memberships_contains_paid_content":false,"footnotes":""},"categories":[6,1],"tags":[],"class_list":["post-127159","post","type-post","status-publish","format-standard","has-post-thumbnail","hentry","category-nacionales","category-portada"],"jetpack_featured_media_url":"https:\/\/i0.wp.com\/cdnoticias.com\/wp-content\/uploads\/2024\/01\/dengue-696x391-1.jpg?fit=696%2C391&ssl=1","jetpack_sharing_enabled":true,"_links":{"self":[{"href":"https:\/\/cdnoticias.com\/index.php\/wp-json\/wp\/v2\/posts\/127159","targetHints":{"allow":["GET"]}}],"collection":[{"href":"https:\/\/cdnoticias.com\/index.php\/wp-json\/wp\/v2\/posts"}],"about":[{"href":"https:\/\/cdnoticias.com\/index.php\/wp-json\/wp\/v2\/types\/post"}],"author":[{"embeddable":true,"href":"https:\/\/cdnoticias.com\/index.php\/wp-json\/wp\/v2\/users\/6"}],"replies":[{"embeddable":true,"href":"https:\/\/cdnoticias.com\/index.php\/wp-json\/wp\/v2\/comments?post=127159"}],"version-history":[{"count":0,"href":"https:\/\/cdnoticias.com\/index.php\/wp-json\/wp\/v2\/posts\/127159\/revisions"}],"wp:featuredmedia":[{"embeddable":true,"href":"https:\/\/cdnoticias.com\/index.php\/wp-json\/wp\/v2\/media\/107273"}],"wp:attachment":[{"href":"https:\/\/cdnoticias.com\/index.php\/wp-json\/wp\/v2\/media?parent=127159"}],"wp:term":[{"taxonomy":"category","embeddable":true,"href":"https:\/\/cdnoticias.com\/index.php\/wp-json\/wp\/v2\/categories?post=127159"},{"taxonomy":"post_tag","embeddable":true,"href":"https:\/\/cdnoticias.com\/index.php\/wp-json\/wp\/v2\/tags?post=127159"}],"curies":[{"name":"wp","href":"https:\/\/api.w.org\/{rel}","templated":true}]}}