{"id":127144,"date":"2024-10-04T19:25:02","date_gmt":"2024-10-04T22:25:02","guid":{"rendered":"https:\/\/cdnoticias.com\/?p=127144"},"modified":"2024-10-04T19:43:09","modified_gmt":"2024-10-04T22:43:09","slug":"jose-stuppia-acuso-a-seytmo-es-un-sindicato-patronal","status":"publish","type":"post","link":"https:\/\/cdnoticias.com\/index.php\/2024\/10\/04\/jose-stuppia-acuso-a-seytmo-es-un-sindicato-patronal\/","title":{"rendered":"Jos\u00e9 Stuppia acus\u00f3 a SEyTMO: \u201ces un sindicato patronal\u201d"},"content":{"rendered":"<p>La paritaria municipal, sin avances. \u201cLo primero que habr\u00eda que hacer es honrar las deudas\u201d dijo. El reclamo por IOMA y \u201cdescuento solidario\u201d en la farmacia del STMO.<!--more--><\/p>\n<hr \/>\n<p>El <strong>secretario general del Sindicato de Trabajadores Municipales (STMO), Jos\u00e9 Stuppia<\/strong>, rechaz\u00f3 responder las <a href=\"https:\/\/cdnoticias.com\/index.php\/2024\/10\/03\/seytmo-denuncio-manipulaciones-presiones-y-agresiones-verbales-del-sindicato-de-municipales\/\" target=\"_blank\" rel=\"noopener\">acusaciones del Sindicato de Empleados y Trabajadores Municipales de Olavarr\u00eda (SEyTMO)<\/a> sobre presiones en el marco de la medida de fuerza que se lleva adelante en el Municipio.<\/p>\n<blockquote><p>\u201cEl t\u00edtulo del sindicato ya es una contradicci\u00f3n. Dice que es un sindicato de empleados y trabajadores. \u00bfC\u00f3mo? No entiendo cu\u00e1l es la diferencia entre empleado y trabajador. Arrancando de ah\u00ed \u2026 La verdad que es un sindicato patronal que responde a (C\u00e9sar) Valicenti y que baja l\u00ednea tratando de confundir al resto de los trabajadores y trabajadoras municipales de Olavarr\u00eda. No tienen mucha explicaci\u00f3n ni an\u00e1lisis y no debemos perder tiempo en eso\u201d manifest\u00f3 el dirigente este viernes en el programa Levantate.<\/p><\/blockquote>\n<p>Volvi\u00f3 con<strong> cr\u00edticas al ex diputado provincial<\/strong> a lo largo de la entrevista, <strong>\u201c\u00e9l es un intendente\u201d<\/strong> dijo para a\u00f1adir que <strong>\u201clamentablemente la gente vot\u00f3 otra opci\u00f3n y esa opci\u00f3n es (Maximiliano) Wesner que est\u00e1 para presentaciones, inauguraciones, fiestas\u201d<\/strong>.<\/p>\n<p>Stuppia reiter\u00f3 sus cuestionamientos al aumento salarial otorgado por decreto &#8211;<a href=\"https:\/\/cdnoticias.com\/index.php\/2024\/09\/25\/el-sindicato-de-municipales-rechazo-la-oferta-del-municipio-y-declaro-el-estado-de-alerta-y-asamblea-permanente\/\" target=\"_blank\" rel=\"noopener\">tal como lo hab\u00eda expresado el 25 de septiembre<\/a>-: \u201cpara 80% de los compa\u00f1eros le aumentaron 300 pesos la hora. A los monotributistas 24 o 25 pesos pesos la hora. No hay margen para discusi\u00f3n\u201d. Inform\u00f3 que <strong>despu\u00e9s de que montaron <a href=\"https:\/\/cdnoticias.com\/index.php\/2024\/09\/30\/conflicto-del-stmo-volvio-la-carpa-de-los-municipales\/\" target=\"_blank\" rel=\"noopener\">la carpa<\/a> frente al Palacio Municipal no tuvieron m\u00e1s llamados para seguir negociando suba de salarios.<\/strong><\/p>\n<p><img data-recalc-dims=\"1\" loading=\"lazy\" decoding=\"async\" class=\"size-large wp-image-126696 aligncenter\" src=\"https:\/\/i0.wp.com\/cdnoticias.com\/wp-content\/uploads\/2024\/09\/carpa-municipales-dia1-2.jpg?resize=800%2C445&#038;ssl=1\" alt=\"\" width=\"800\" height=\"445\" srcset=\"https:\/\/i0.wp.com\/cdnoticias.com\/wp-content\/uploads\/2024\/09\/carpa-municipales-dia1-2.jpg?resize=1024%2C570&amp;ssl=1 1024w, https:\/\/i0.wp.com\/cdnoticias.com\/wp-content\/uploads\/2024\/09\/carpa-municipales-dia1-2.jpg?resize=300%2C167&amp;ssl=1 300w, https:\/\/i0.wp.com\/cdnoticias.com\/wp-content\/uploads\/2024\/09\/carpa-municipales-dia1-2.jpg?resize=768%2C428&amp;ssl=1 768w, https:\/\/i0.wp.com\/cdnoticias.com\/wp-content\/uploads\/2024\/09\/carpa-municipales-dia1-2.jpg?resize=800%2C445&amp;ssl=1 800w, https:\/\/i0.wp.com\/cdnoticias.com\/wp-content\/uploads\/2024\/09\/carpa-municipales-dia1-2.jpg?w=1072&amp;ssl=1 1072w\" sizes=\"auto, (max-width: 800px) 100vw, 800px\" \/><\/p>\n<p>As\u00ed acus\u00f3 al Ejecutivo de \u201cno negociar\u201d y defini\u00f3 que<strong> \u201cest\u00e1 vac\u00edo de gente proba en la gesti\u00f3n, son improvisados\u201d<\/strong>. M\u00e1s adelante, el secretario general del STMO sostuvo que \u201cest\u00e1n acostumbrados a manejar grupos sociales donde los compa\u00f1eros y compa\u00f1eras lamentablemente no tienen derechos. Entonces obedecen o los sacan y entra otro. Ac\u00e1 se han encontrado con trabajadores, tienen derechos y que hay que respet\u00e1rselo, tienen convenios colectivos\u201d.<\/p>\n<blockquote><p>En cuanto a las pretensiones del STMO en la paritaria, el gremialista consider\u00f3 que \u201clo primero que habr\u00eda que hacer es honrar las deudas, como le honraron las deudas a todos los proveedores de lo que dej\u00f3 (Ezequiel) Galli\u201d. Afirm\u00f3 que en la gesti\u00f3n anterior \u201chan firmado actas con cl\u00e1usulas gatillos y no se las pagaron a los trabajadores. Y tambi\u00e9n hab\u00eda una cl\u00e1usula sobre la participaci\u00f3n de los trabajadores dentro del presupuesto. O sea, la masa salarial. Este gobierno le baj\u00f3 ocho puntos, nos encontramos con que tenemos 2.000 y pico de millones de pesos menos\u201d. Asegur\u00f3 que \u201cesos ocho puntos est\u00e1n reflejados en los sueldos de indigencia que tienen los municipales\u201d.<\/p><\/blockquote>\n<p>Adem\u00e1s, busc\u00f3 dejar cuestionados los argumentos del Ejecutivo: <strong>\u201cque no le echen la culpa al Gobierno Nacional<\/strong> porque esto es culpa de la dirigencia de La C\u00e1mpora que hoy est\u00e1 conduciendo el Municipio de Olavarr\u00eda. Est\u00e1 bien que haya bajado la actividad econ\u00f3mica, pero<strong> la plata de los trabajadores la est\u00e1n destinando a otra cosa\u201d<\/strong>.<\/p>\n<p>En cuanto a la intenci\u00f3n de <a href=\"https:\/\/cdnoticias.com\/index.php\/2024\/09\/24\/paritaria-municipal-en-una-nueva-reunion-el-stmo-insistio-en-sacar-la-negociacion-del-ministerio-de-trabajo\/\" target=\"_blank\" rel=\"noopener\">sacar la negociaci\u00f3n paritaria del \u00e1mbito del Ministerio de Trabajo<\/a>, Stuppia dijo que <strong>\u201cel Ministerio de Trabajo est\u00e1 siendo parcial en Olavarr\u00eda.<\/strong> Nosotros denunciamos por seguridad e higiene 26 puntos. Y en ning\u00fan momento fueron al Hospital a constatar\u201d. Agreg\u00f3 que expusieron esa situaci\u00f3n \u201cen La Plata\u201d y que \u201cla asamblea (de trabajadores) muy sabiamente orden\u00f3 salir del Ministerio porque se hab\u00eda terminado la conciliaci\u00f3n obligatoria\u201d.<\/p>\n<blockquote><p>Sobre el final de la entrevista dej\u00f3 un mensaje para los vecinos de la ciudad: \u201ca la gente que en alg\u00fan momento la molestamos, le pedimos disculpas. Es un reclamo genuino. Estamos en una situaci\u00f3n extrema. Los trabajadores municipales estamos en indigencia\u201d.<\/p><\/blockquote>\n<p><img data-recalc-dims=\"1\" loading=\"lazy\" decoding=\"async\" class=\"size-large wp-image-126393 aligncenter\" src=\"https:\/\/i0.wp.com\/cdnoticias.com\/wp-content\/uploads\/2024\/09\/conferencia-stmo1.jpg?resize=800%2C445&#038;ssl=1\" alt=\"\" width=\"800\" height=\"445\" srcset=\"https:\/\/i0.wp.com\/cdnoticias.com\/wp-content\/uploads\/2024\/09\/conferencia-stmo1.jpg?resize=1024%2C569&amp;ssl=1 1024w, https:\/\/i0.wp.com\/cdnoticias.com\/wp-content\/uploads\/2024\/09\/conferencia-stmo1.jpg?resize=300%2C167&amp;ssl=1 300w, https:\/\/i0.wp.com\/cdnoticias.com\/wp-content\/uploads\/2024\/09\/conferencia-stmo1.jpg?resize=768%2C427&amp;ssl=1 768w, https:\/\/i0.wp.com\/cdnoticias.com\/wp-content\/uploads\/2024\/09\/conferencia-stmo1.jpg?resize=800%2C445&amp;ssl=1 800w, https:\/\/i0.wp.com\/cdnoticias.com\/wp-content\/uploads\/2024\/09\/conferencia-stmo1.jpg?w=1072&amp;ssl=1 1072w\" sizes=\"auto, (max-width: 800px) 100vw, 800px\" \/><\/p>\n<h3>IOMA: \u201ces grav\u00edsimo\u201d<\/h3>\n<p>Jos\u00e9 Stuppia avanz\u00f3 a otro punto de queja: <strong>el corte de las prestaciones de m\u00e9dicos desde IOMA<\/strong> que<a href=\"https:\/\/cdnoticias.com\/index.php\/2024\/09\/30\/homero-giles-todo-funciono-mal-hasta-ahora-por-culpa-de-femeba\/\" target=\"_blank\" rel=\"noopener\"> opera desde el martes<\/a>.<\/p>\n<p>\u201cTe dejan sin obra social. Estamos lamentablemente con una decisi\u00f3n pol\u00edtica de este gobierno, de este Ejecutivo. <strong>Aproximadamente 40.000 olavarrienses no tienen obra social pag\u00e1ndola. Esto es locura y es grav\u00edsimo\u201d<\/strong> dijo. Aludi\u00f3 a afiliadas municipales que est\u00e1n embarazadas y m\u00e1s afiliados que tienen turnos otorgados de cirug\u00eda, \u201candaban buscando 500.000 pesos para que los puedan meter en el quir\u00f3fano\u201d.<\/p>\n<p>\u201cLo que pedimos es que <em>tengan prudencia y que tengan la sabidur\u00eda necesaria para conducir los destinos de este Municipio\u201d<\/em> expres\u00f3.<\/p>\n<p><img data-recalc-dims=\"1\" loading=\"lazy\" decoding=\"async\" class=\"size-full wp-image-126660 aligncenter\" src=\"https:\/\/i0.wp.com\/cdnoticias.com\/wp-content\/uploads\/2024\/09\/carpa-municipales-STMO-02.jpg?resize=800%2C446&#038;ssl=1\" alt=\"\" width=\"800\" height=\"446\" srcset=\"https:\/\/i0.wp.com\/cdnoticias.com\/wp-content\/uploads\/2024\/09\/carpa-municipales-STMO-02.jpg?w=1000&amp;ssl=1 1000w, https:\/\/i0.wp.com\/cdnoticias.com\/wp-content\/uploads\/2024\/09\/carpa-municipales-STMO-02.jpg?resize=300%2C167&amp;ssl=1 300w, https:\/\/i0.wp.com\/cdnoticias.com\/wp-content\/uploads\/2024\/09\/carpa-municipales-STMO-02.jpg?resize=768%2C428&amp;ssl=1 768w, https:\/\/i0.wp.com\/cdnoticias.com\/wp-content\/uploads\/2024\/09\/carpa-municipales-STMO-02.jpg?resize=800%2C445&amp;ssl=1 800w\" sizes=\"auto, (max-width: 800px) 100vw, 800px\" \/><\/p>\n<blockquote><p>En ese marco, inform\u00f3 que desde la Mutual del STMO decidieron hacer un \u201caporte solidario\u201d para todos los afiliados de IOMA en la farmacia ubicada en General Paz al 2800: \u201cse va a hacer un descuento a todos los trabajadores y trabajadoras de 20%. Es un acto de solidaridad para que puedan acceder a la medicaci\u00f3n porque esto es una barbaridad\u201d.<\/p><\/blockquote>\n<p>Tambi\u00e9n avanz\u00f3 con <strong>cr\u00edticas a otros sindicatos que est\u00e1n \u201cen silencio\u201d<\/strong> en esto contexto. <strong>Apunt\u00f3 principalmente a SUTEBA<\/strong> al mencionar a los docentes, y agreg\u00f3 a \u201cotros organismos provinciales\u201d, los penitenciarios y polic\u00edas: <em>\u201ctodos callados la boca. Somos los \u00fanicos que estamos reclamando por 40 mil olavarrienses que hoy no tienen obra social\u201d<\/em>.<\/p>\n<p>Por \u00faltimo, estim\u00f3 que esa situaci\u00f3n dejar\u00e1 reclamos en la justicia: <strong>\u201cme parece que la gente va a reclamar a trav\u00e9s de juicio porque la verdad no te dan la contraprestaci\u00f3n y cobran, est\u00e1n haciendo un fraude\u201d.<\/strong><\/p>\n","protected":false},"excerpt":{"rendered":"<p>La paritaria municipal, sin avances. \u201cLo primero que habr\u00eda que hacer es honrar las deudas\u201d dijo. El reclamo por IOMA<\/p>\n","protected":false},"author":4,"featured_media":112317,"comment_status":"closed","ping_status":"closed","sticky":false,"template":"","format":"standard","meta":{"_jetpack_memberships_contains_paid_content":false,"footnotes":""},"categories":[4,1],"tags":[],"class_list":["post-127144","post","type-post","status-publish","format-standard","has-post-thumbnail","hentry","category-politica","category-portada"],"jetpack_featured_media_url":"https:\/\/i0.wp.com\/cdnoticias.com\/wp-content\/uploads\/2024\/03\/asamblea-municipales-stuppia1-scaled.jpg?fit=2560%2C1424&ssl=1","jetpack_sharing_enabled":true,"_links":{"self":[{"href":"https:\/\/cdnoticias.com\/index.php\/wp-json\/wp\/v2\/posts\/127144","targetHints":{"allow":["GET"]}}],"collection":[{"href":"https:\/\/cdnoticias.com\/index.php\/wp-json\/wp\/v2\/posts"}],"about":[{"href":"https:\/\/cdnoticias.com\/index.php\/wp-json\/wp\/v2\/types\/post"}],"author":[{"embeddable":true,"href":"https:\/\/cdnoticias.com\/index.php\/wp-json\/wp\/v2\/users\/4"}],"replies":[{"embeddable":true,"href":"https:\/\/cdnoticias.com\/index.php\/wp-json\/wp\/v2\/comments?post=127144"}],"version-history":[{"count":0,"href":"https:\/\/cdnoticias.com\/index.php\/wp-json\/wp\/v2\/posts\/127144\/revisions"}],"wp:featuredmedia":[{"embeddable":true,"href":"https:\/\/cdnoticias.com\/index.php\/wp-json\/wp\/v2\/media\/112317"}],"wp:attachment":[{"href":"https:\/\/cdnoticias.com\/index.php\/wp-json\/wp\/v2\/media?parent=127144"}],"wp:term":[{"taxonomy":"category","embeddable":true,"href":"https:\/\/cdnoticias.com\/index.php\/wp-json\/wp\/v2\/categories?post=127144"},{"taxonomy":"post_tag","embeddable":true,"href":"https:\/\/cdnoticias.com\/index.php\/wp-json\/wp\/v2\/tags?post=127144"}],"curies":[{"name":"wp","href":"https:\/\/api.w.org\/{rel}","templated":true}]}}