{"id":127124,"date":"2024-10-04T10:32:51","date_gmt":"2024-10-04T13:32:51","guid":{"rendered":"https:\/\/cdnoticias.com\/?p=127124"},"modified":"2024-10-04T10:32:52","modified_gmt":"2024-10-04T13:32:52","slug":"renzo-quinteros-hay-practicas-sindicales-que-no-compartimos","status":"publish","type":"post","link":"https:\/\/cdnoticias.com\/index.php\/2024\/10\/04\/renzo-quinteros-hay-practicas-sindicales-que-no-compartimos\/","title":{"rendered":"Renzo Quinteros: \u201chay pr\u00e1cticas sindicales que no compartimos\u201d"},"content":{"rendered":"<p>El titular del SEyTMO acus\u00f3 que \u201cactualmente hay un hay cierto atropello\u201d desde el STMO. \u201cTodos entendemos que este aumento que tenemos no nos sirve\u201d dijo sobre el reclamo de fondo.<!--more--><\/p>\n<hr \/>\n<p>Tras <a href=\"https:\/\/cdnoticias.com\/index.php\/2024\/10\/03\/seytmo-denuncio-manipulaciones-presiones-y-agresiones-verbales-del-sindicato-de-municipales\/\" target=\"_blank\" rel=\"noopener\">denunciar p\u00fablicamente \u201cmanipulaciones, presiones y agresiones verbales\u201d<\/a> a trabajadores municipales, desde <strong>el Sindicato de Empleados y Trabajadores Municipales de Olavarr\u00eda (SEyTMO), Renzo Quinteros<\/strong> brind\u00f3 una entrevista al programa Levantate por Fm Sapiens este viernes.<\/p>\n<p>Se\u00f1al\u00f3 que actualmente, desde la entidad gremial encaran una labor de \u201ccaminar por las dependencias tratando de conocer un poco m\u00e1s las situaciones que est\u00e1n viviendo nuestros compa\u00f1eros\u201d. <em>El conflicto, tal como se expuso, surge con el Sindicato de Trabajadores Municipales (STMO)<\/em> que declar\u00f3 el estado de asamblea y avanz\u00f3 con la colocaci\u00f3n de una carpa frente al Palacio Municipal.<\/p>\n<blockquote><p>\u201cHemos estado consultando c\u00f3mo est\u00e1n con el aumento, con el tema de la manifestaci\u00f3n que estamos atravesando. Todos entendemos que este aumento que tenemos no nos sirve porque todav\u00eda es muy poco y la recomposici\u00f3n salarial todav\u00eda est\u00e1, digamos, en proceso. No estamos pudiendo llegar a la canasta b\u00e1sica. Y nosotros lo que pedimos es tener un piso salarial digno. Pero a veces se malinterpreta el tema de c\u00f3mo manifestarse. Entendemos que es un punto important\u00edsimo, porque obviamente cada cual tiene que tener su voz, pero hay pr\u00e1cticas sindicales que desde nuestro espacio no compartimos\u201d dijo.<\/p><\/blockquote>\n<p>El secretario general de SEyTMO <strong>rechaz\u00f3 \u201ctratar de que algunos compa\u00f1eros adhieran a la manifestaci\u00f3n o al paro desde un punto m\u00e1s de intimidaci\u00f3n<\/strong>, de atropello\u201d. Coment\u00f3 que recibieron las quejas desde un \u201cespacio municipal\u201d que eligi\u00f3 no puntualizar \u201cdonde nos dicen \u00b4no es que nosotros estemos en contra de la manifestaci\u00f3n sino que entendemos que nuestro trabajo tambi\u00e9n es muy importante para otras personas\u00b4\u201d.<\/p>\n<p>\u201cEs re dif\u00edcil para nosotros el tema salarial, pero tambi\u00e9n hay gente que realmente necesita que nosotros lo acompa\u00f1emos. <strong>Hay compa\u00f1eros poni\u00e9ndose la camiseta del trabajo y hacen su esfuerzo por ayudar a otros. No est\u00e1 bueno que te manipulen<\/strong> para que vos tengas, digamos, temor a que no tengas pases a planta, te quiten horas extras, que no tengas recategorizaci\u00f3n, cuando en realidad todo eso est\u00e1 hecho por ley\u201d indic\u00f3 Quinteros. Defini\u00f3 que \u201cactualmente hay un hay cierto atropello\u201d.<\/p>\n<p>M\u00e1s adelante resumi\u00f3 su postura: <strong>\u201cel respeto es fundamental\u201d<\/strong> y a\u00f1adi\u00f3 \u201cse habla de buena manera, no importa el tinte pol\u00edtico, no importa las ideas que cada uno tenga\u201d. Con ello puntualiz\u00f3 las formas de desempe\u00f1o de su labor gremial, \u201csiempre vamos a ir a los lugares. Vamos a pedir el permiso correspondiente para que el trabajador se sienta c\u00f3modo. <strong>Queremos que la mayor\u00eda nos escuche, tenemos para proponer de qu\u00e9 manera trabajamos, la mayor\u00eda de nosotros estamos hace much\u00edsimos a\u00f1os<\/strong>, yo por ejemplo estoy hace 13 a\u00f1os trabajando. Antes de hacer esto, de empezar a pensar en un sindicato, siempre estuvo la solidaridad hacia los compa\u00f1eros\u201d.<\/p>\n","protected":false},"excerpt":{"rendered":"<p>El titular del SEyTMO acus\u00f3 que \u201cactualmente hay un hay cierto atropello\u201d desde el STMO. \u201cTodos entendemos que este aumento<\/p>\n","protected":false},"author":4,"featured_media":127125,"comment_status":"closed","ping_status":"closed","sticky":false,"template":"","format":"standard","meta":{"_jetpack_memberships_contains_paid_content":false,"footnotes":""},"categories":[4,1],"tags":[],"class_list":["post-127124","post","type-post","status-publish","format-standard","has-post-thumbnail","hentry","category-politica","category-portada"],"jetpack_featured_media_url":"https:\/\/i0.wp.com\/cdnoticias.com\/wp-content\/uploads\/2024\/10\/seytmo-sindicato-de-municipales-01.jpg?fit=800%2C445&ssl=1","jetpack_sharing_enabled":true,"_links":{"self":[{"href":"https:\/\/cdnoticias.com\/index.php\/wp-json\/wp\/v2\/posts\/127124","targetHints":{"allow":["GET"]}}],"collection":[{"href":"https:\/\/cdnoticias.com\/index.php\/wp-json\/wp\/v2\/posts"}],"about":[{"href":"https:\/\/cdnoticias.com\/index.php\/wp-json\/wp\/v2\/types\/post"}],"author":[{"embeddable":true,"href":"https:\/\/cdnoticias.com\/index.php\/wp-json\/wp\/v2\/users\/4"}],"replies":[{"embeddable":true,"href":"https:\/\/cdnoticias.com\/index.php\/wp-json\/wp\/v2\/comments?post=127124"}],"version-history":[{"count":0,"href":"https:\/\/cdnoticias.com\/index.php\/wp-json\/wp\/v2\/posts\/127124\/revisions"}],"wp:featuredmedia":[{"embeddable":true,"href":"https:\/\/cdnoticias.com\/index.php\/wp-json\/wp\/v2\/media\/127125"}],"wp:attachment":[{"href":"https:\/\/cdnoticias.com\/index.php\/wp-json\/wp\/v2\/media?parent=127124"}],"wp:term":[{"taxonomy":"category","embeddable":true,"href":"https:\/\/cdnoticias.com\/index.php\/wp-json\/wp\/v2\/categories?post=127124"},{"taxonomy":"post_tag","embeddable":true,"href":"https:\/\/cdnoticias.com\/index.php\/wp-json\/wp\/v2\/tags?post=127124"}],"curies":[{"name":"wp","href":"https:\/\/api.w.org\/{rel}","templated":true}]}}