{"id":127118,"date":"2024-10-04T09:51:41","date_gmt":"2024-10-04T12:51:41","guid":{"rendered":"https:\/\/cdnoticias.com\/?p=127118"},"modified":"2024-10-04T12:00:36","modified_gmt":"2024-10-04T15:00:36","slug":"resonador-hilario-galli-indico-que-una-plantita-en-el-techo-fue-uno-de-los-motivos-de-la-rotura","status":"publish","type":"post","link":"https:\/\/cdnoticias.com\/index.php\/2024\/10\/04\/resonador-hilario-galli-indico-que-una-plantita-en-el-techo-fue-uno-de-los-motivos-de-la-rotura\/","title":{"rendered":"Resonador: Hilario Galli indic\u00f3 que \u201cuna plantita\u201d en el techo fue uno de los motivos de la rotura"},"content":{"rendered":"\n<p>El actual concejal y ex secretario de Gobierno se refiri\u00f3 a una de las causas que provocaron da\u00f1os en el Resonador del Hospital Municipal. Desde Uni\u00f3n por la Patria, denunciaron \u201cfalta de inversi\u00f3n\u201d durante la anterior gesti\u00f3n.<\/p>\n\n\n\n<hr class=\"wp-block-separator has-alpha-channel-opacity\"\/>\n\n\n\n<p>El<strong> ex secretario de Gobierno municipal y hoy concejal del Pro, Hilario Galli,<\/strong> habl\u00f3 con <strong>Desayuno con Noticias (Radio M)<\/strong> luego de la fallida sesi\u00f3n especial del HCD convocada para tratar la venta de una calle a la empresa Loma Negra. <a href=\"https:\/\/cdnoticias.com\/index.php\/2024\/10\/03\/venta-de-una-calle-a-loma-negra-se-levanto-la-sesion-especial-por-falta-de-quorum\/\" data-type=\"link\" data-id=\"https:\/\/cdnoticias.com\/index.php\/2024\/10\/03\/venta-de-una-calle-a-loma-negra-se-levanto-la-sesion-especial-por-falta-de-quorum\/\">Los bloques opositores no asistieron al recinto <\/a>y por lo tanto no hubo qu\u00f3rum para llevar adelante el debate.<\/p>\n\n\n\n<p><\/p>\n\n\n\n<p>Desde el Pro y los bloques libertarios se exig\u00eda m\u00e1s tiempo para su tratamiento. Adem\u00e1s, en la entrevista con la periodista <strong>Claudia Bilbao<\/strong>, Hilario Galli se\u00f1al\u00f3 que la intenci\u00f3n es que <strong>parte de los fondos de la venta del a calle se destinen a actualizar el Resonador del Hospital Municipal \u201cDr. H\u00e9ctor Cura\u201d <\/strong>que dej\u00f3 de funcionar el a\u00f1o pasado, durante la gesti\u00f3n de Ezequiel Galli.<\/p>\n\n\n\n<p><\/p>\n\n\n\n<p>\u201cNosotros queremos, y aprovechando que ingresan una X cantidad de plata, poder renovar el resonador que qued\u00f3 trunca en la negociaci\u00f3n del a\u00f1o pasado con General Electric. Estamos hablando de 688 mil d\u00f3lares\u201d, indic\u00f3 y aclar\u00f3 que \u201ca fines del 2022\u201d se hab\u00edan iniciado conversaciones para solucionar el problema.<\/p>\n\n\n\n<p><\/p>\n\n\n\n<blockquote class=\"wp-block-quote is-layout-flow wp-block-quote-is-layout-flow\">\n<p>Consultado sobre los motivos de la rotura del dispositivo, Hilario Galli, afirm\u00f3 que una vez que cumpli\u00f3 10 a\u00f1os, comenz\u00f3 a quedar \u201cobsoleto\u201d. Adem\u00e1s, otra de las situaciones que lo afectaron fue que \u201cen el techo creci\u00f3 una plantita y esa plantita gener\u00f3 una fisura en la Jaula de Faraday, que es lo que recubre al resonador y lo que permite justamente que se haga la resonancia y esta fisura comenz\u00f3 a distorsionar la imagen\u201d.<\/p>\n<\/blockquote>\n\n\n\n<p><\/p>\n\n\n\n<p>&#8220;Tuvimos un mont\u00f3n de intervenciones sobre el resonador, <strong>la falla persist\u00eda hasta que terminamos de descubrir cu\u00e1l era el problema <\/strong>y el problema estaba en el techo y estaba por fuera del resonador\u201d, relat\u00f3 el edil.<\/p>\n\n\n\n<p><\/p>\n\n\n<p><iframe loading=\"lazy\" src=\"https:\/\/www.facebook.com\/plugins\/video.php?height=476&#038;href=https%3A%2F%2Fwww.facebook.com%2FUnionporlaPatriaOlavarria%2Fvideos%2F853822790075231%2F&#038;show_text=true&#038;width=267&#038;t=0\" width=\"267\" height=\"591\" style=\"border:none;overflow:hidden\" scrolling=\"no\" frameborder=\"0\" allowfullscreen=\"true\" allow=\"autoplay; clipboard-write; encrypted-media; picture-in-picture; web-share\" allowFullScreen=\"true\"><\/iframe><\/p>\n\n\n<p><\/p>\n\n\n\n<p>Tras estas declaraciones, desde las<strong> redes sociales de Uni\u00f3n por la Patria, <\/strong>emitieron un comunicado y se\u00f1alaron que \u201ceste relato del concejal llega en momentos en que <strong>el bloque PRO pretende imponer al gobierno municipal la adquisici\u00f3n urgente de un nuevo resonador a pesar de que en los 8 a\u00f1os de gesti\u00f3n Galli no solo no se renov\u00f3 este equipo, sino que se produjo un grave deterioro <\/strong>del hospital y de su tecnolog\u00eda m\u00e9dica\u201d.<\/p>\n\n\n\n<p><\/p>\n\n\n\n<p>\u201cEstas expresiones demuestran la<strong> falta de inversi\u00f3n y de las tareas m\u00ednimas de mantenimiento<\/strong> en el hospital durante el gobierno de Ezequiel Galli\u201d, concluyeron.<\/p>\n","protected":false},"excerpt":{"rendered":"<p>El actual concejal y ex secretario de Gobierno se refiri\u00f3 a una de las causas que provocaron da\u00f1os en el<\/p>\n","protected":false},"author":2,"featured_media":93842,"comment_status":"closed","ping_status":"closed","sticky":false,"template":"","format":"standard","meta":{"_jetpack_memberships_contains_paid_content":false,"footnotes":""},"categories":[4,1],"tags":[],"class_list":["post-127118","post","type-post","status-publish","format-standard","has-post-thumbnail","hentry","category-politica","category-portada"],"jetpack_featured_media_url":"https:\/\/i0.wp.com\/cdnoticias.com\/wp-content\/uploads\/2023\/08\/galli-hilario-01.jpg?fit=1000%2C556&ssl=1","jetpack_sharing_enabled":true,"_links":{"self":[{"href":"https:\/\/cdnoticias.com\/index.php\/wp-json\/wp\/v2\/posts\/127118","targetHints":{"allow":["GET"]}}],"collection":[{"href":"https:\/\/cdnoticias.com\/index.php\/wp-json\/wp\/v2\/posts"}],"about":[{"href":"https:\/\/cdnoticias.com\/index.php\/wp-json\/wp\/v2\/types\/post"}],"author":[{"embeddable":true,"href":"https:\/\/cdnoticias.com\/index.php\/wp-json\/wp\/v2\/users\/2"}],"replies":[{"embeddable":true,"href":"https:\/\/cdnoticias.com\/index.php\/wp-json\/wp\/v2\/comments?post=127118"}],"version-history":[{"count":0,"href":"https:\/\/cdnoticias.com\/index.php\/wp-json\/wp\/v2\/posts\/127118\/revisions"}],"wp:featuredmedia":[{"embeddable":true,"href":"https:\/\/cdnoticias.com\/index.php\/wp-json\/wp\/v2\/media\/93842"}],"wp:attachment":[{"href":"https:\/\/cdnoticias.com\/index.php\/wp-json\/wp\/v2\/media?parent=127118"}],"wp:term":[{"taxonomy":"category","embeddable":true,"href":"https:\/\/cdnoticias.com\/index.php\/wp-json\/wp\/v2\/categories?post=127118"},{"taxonomy":"post_tag","embeddable":true,"href":"https:\/\/cdnoticias.com\/index.php\/wp-json\/wp\/v2\/tags?post=127118"}],"curies":[{"name":"wp","href":"https:\/\/api.w.org\/{rel}","templated":true}]}}