{"id":127116,"date":"2024-10-04T08:50:49","date_gmt":"2024-10-04T11:50:49","guid":{"rendered":"https:\/\/cdnoticias.com\/?p=127116"},"modified":"2024-10-04T13:03:33","modified_gmt":"2024-10-04T16:03:33","slug":"oscar-barbosa-q-e-p-d","status":"publish","type":"post","link":"https:\/\/cdnoticias.com\/index.php\/2024\/10\/04\/oscar-barbosa-q-e-p-d\/","title":{"rendered":"Oscar Barbosa (Q.E.P.D.)"},"content":{"rendered":"\n<p>Falleci\u00f3 en CABA el 3 de octubre de 2024 a los 69 a\u00f1os de edad. Su esposa Nora Eyler; sus hijos: Gonzalo Emanuel y Federico Augusto Barbosa Eyler; su hija pol\u00edtica Mar\u00eda Eugenia Oron\u00e1; sus nietos: Jano y Nilo Barbosa Oron\u00e1; sus hermanas: Mar\u00eda del Carmen, Elena Isabel y Marcelo Barbosa; sus hermanos pol\u00edticos: Roberto Mazza y Patricia Mezzanotte; M\u00f3nica Eyler, Luis G\u00f3mez y Gustavo Oliv\u00e1n; sus sobrinos; sus amigos y dem\u00e1s deudos participan su fallecimiento.<\/p>\n\n\n\n<p><\/p>\n\n\n\n<p>Sus restos son velados en Espa\u00f1a 2942, Departamento &#8220;F&#8221; viernes 4 de octubre hasta las 15. Responso en Capilla Ardiente. Cremaci\u00f3n en el Crematorio Pinos de Paz, en d\u00eda y horario a confirmar. <\/p>\n\n\n\n<p><\/p>\n\n\n\n<p>Vecino de barrio Pueblo Nuevo. Nacido en Olavarr\u00eda. M\u00e9dico Pediatra.<\/p>\n","protected":false},"excerpt":{"rendered":"<p>Falleci\u00f3 en CABA el 3 de octubre de 2024 a los 69 a\u00f1os de edad. Su esposa Nora Eyler; sus<\/p>\n","protected":false},"author":2,"featured_media":100390,"comment_status":"closed","ping_status":"closed","sticky":false,"template":"","format":"standard","meta":{"_jetpack_memberships_contains_paid_content":false,"footnotes":""},"categories":[10],"tags":[],"class_list":["post-127116","post","type-post","status-publish","format-standard","has-post-thumbnail","hentry","category-necrologicas"],"jetpack_featured_media_url":"https:\/\/i0.wp.com\/cdnoticias.com\/wp-content\/uploads\/2023\/10\/necrologicas-390-x-240.jpg?fit=390%2C240&ssl=1","jetpack_sharing_enabled":true,"_links":{"self":[{"href":"https:\/\/cdnoticias.com\/index.php\/wp-json\/wp\/v2\/posts\/127116","targetHints":{"allow":["GET"]}}],"collection":[{"href":"https:\/\/cdnoticias.com\/index.php\/wp-json\/wp\/v2\/posts"}],"about":[{"href":"https:\/\/cdnoticias.com\/index.php\/wp-json\/wp\/v2\/types\/post"}],"author":[{"embeddable":true,"href":"https:\/\/cdnoticias.com\/index.php\/wp-json\/wp\/v2\/users\/2"}],"replies":[{"embeddable":true,"href":"https:\/\/cdnoticias.com\/index.php\/wp-json\/wp\/v2\/comments?post=127116"}],"version-history":[{"count":0,"href":"https:\/\/cdnoticias.com\/index.php\/wp-json\/wp\/v2\/posts\/127116\/revisions"}],"wp:featuredmedia":[{"embeddable":true,"href":"https:\/\/cdnoticias.com\/index.php\/wp-json\/wp\/v2\/media\/100390"}],"wp:attachment":[{"href":"https:\/\/cdnoticias.com\/index.php\/wp-json\/wp\/v2\/media?parent=127116"}],"wp:term":[{"taxonomy":"category","embeddable":true,"href":"https:\/\/cdnoticias.com\/index.php\/wp-json\/wp\/v2\/categories?post=127116"},{"taxonomy":"post_tag","embeddable":true,"href":"https:\/\/cdnoticias.com\/index.php\/wp-json\/wp\/v2\/tags?post=127116"}],"curies":[{"name":"wp","href":"https:\/\/api.w.org\/{rel}","templated":true}]}}