{"id":127112,"date":"2024-10-04T19:01:59","date_gmt":"2024-10-04T22:01:59","guid":{"rendered":"https:\/\/cdnoticias.com\/?p=127112"},"modified":"2024-10-04T19:05:51","modified_gmt":"2024-10-04T22:05:51","slug":"presentacion-de-la-revista-marabunta-en-olavarria","status":"publish","type":"post","link":"https:\/\/cdnoticias.com\/index.php\/2024\/10\/04\/presentacion-de-la-revista-marabunta-en-olavarria\/","title":{"rendered":"Presentaci\u00f3n de la revista Marabunta en Olavarr\u00eda"},"content":{"rendered":"\n<p>Ser\u00e1 este s\u00e1bado a las 19:00 en el espacio cultural Insurgente. Se impulsa un espacio de reflexi\u00f3n, intercambio y discusi\u00f3n sobre temas claves de la actualidad socioambiental y en general.<\/p>\n\n\n\n<hr class=\"wp-block-separator has-alpha-channel-opacity\"\/>\n\n\n\n<p>Este <strong>s\u00e1bado 5 de octubre a las 19:00<\/strong>, se llevar\u00e1 a cabo la presentaci\u00f3n de la revista del Frente Socioambiental de Marabunta en el Espacio Cultural Insurgente, ubicado en <strong>Belgrano 3345<\/strong>. Este evento promete ser un espacio de <strong>reflexi\u00f3n, intercambio y discusi\u00f3n <\/strong>sobre temas claves de la actualidad socioambiental y en general.<\/p>\n\n\n\n<p><\/p>\n\n\n\n<p>La charla contar\u00e1 con la participaci\u00f3n de dos panelistas destacadas: <strong>Daiana Mel\u00f3n, olavarriense militante del Frente Cultural de Marabunta en La Plata y colaboradora de la revista, y Mirta Mill\u00e1n, integrante de la comunidad Mapuche Urbana Pillan Manke, docente universitaria y doctoranda en Antropolog\u00eda Social de la UNSAM (EIDAES). <\/strong>Ambas activistas compartir\u00e1n sus experiencias y perspectivas sobre los desaf\u00edos socioambientales actuales y las luchas territoriales.<\/p>\n\n\n\n<p><\/p>\n\n\n\n<p>El encuentro no solo ser\u00e1 una oportunidad para c<strong>onocer m\u00e1s sobre el trabajo del Frente Socioambiental de Marabunta y su revista<\/strong>, sino tambi\u00e9n para generar un <strong>espacio de debate <\/strong>sobre la necesidad de &#8220;organizaci\u00f3n popular frente a los embates de la clase dominante y la importancia de construir poder popular&#8221;, expres\u00f3 la organizaci\u00f3n.<\/p>\n\n\n\n<p><\/p>\n\n\n\n<p>En palabras de Marabunta respecto a su conformaci\u00f3n en Olavarr\u00eda: \u201cun grupo de compa\u00f1erxs vio la necesidad de <strong>organizarse en una herramienta pol\u00edtica y social en sus ciudades.<\/strong> Luego de reuniones y de poner en com\u00fan historias y experiencias, decidieron conformar la regional Sudeste de la Provincia de Buenos Aires, contaron respecto a la organizaci\u00f3n de la corriente en Mar del Plata, Necochea, Tandil y Olavarr\u00eda, regionales que se suman a otras como: Tucum\u00e1n, C\u00f3rdoba, Rio Negro, Neuqu\u00e9n, Trelew, GBA Zona Norte, GBA Zona Sur, La Plata y CABA, seg\u00fan su web: www.corrientemarabunta.org<\/p>\n\n\n\n<p><\/p>\n\n\n\n<p>Finalmente contaron que el cierre de la jornada contar\u00e1 con una intervenci\u00f3n cultural y un buffet a disposici\u00f3n de los asistentes.<\/p>\n","protected":false},"excerpt":{"rendered":"<p>Ser\u00e1 este s\u00e1bado a las 19:00 en el espacio cultural Insurgente. Se impulsa un espacio de reflexi\u00f3n, intercambio y discusi\u00f3n<\/p>\n","protected":false},"author":2,"featured_media":127113,"comment_status":"closed","ping_status":"closed","sticky":false,"template":"","format":"standard","meta":{"_jetpack_memberships_contains_paid_content":false,"footnotes":""},"categories":[5,1],"tags":[],"class_list":["post-127112","post","type-post","status-publish","format-standard","has-post-thumbnail","hentry","category-informacion-general","category-portada"],"jetpack_featured_media_url":"https:\/\/i0.wp.com\/cdnoticias.com\/wp-content\/uploads\/2024\/10\/flyer-marabunta.jpg?fit=800%2C445&ssl=1","jetpack_sharing_enabled":true,"_links":{"self":[{"href":"https:\/\/cdnoticias.com\/index.php\/wp-json\/wp\/v2\/posts\/127112","targetHints":{"allow":["GET"]}}],"collection":[{"href":"https:\/\/cdnoticias.com\/index.php\/wp-json\/wp\/v2\/posts"}],"about":[{"href":"https:\/\/cdnoticias.com\/index.php\/wp-json\/wp\/v2\/types\/post"}],"author":[{"embeddable":true,"href":"https:\/\/cdnoticias.com\/index.php\/wp-json\/wp\/v2\/users\/2"}],"replies":[{"embeddable":true,"href":"https:\/\/cdnoticias.com\/index.php\/wp-json\/wp\/v2\/comments?post=127112"}],"version-history":[{"count":0,"href":"https:\/\/cdnoticias.com\/index.php\/wp-json\/wp\/v2\/posts\/127112\/revisions"}],"wp:featuredmedia":[{"embeddable":true,"href":"https:\/\/cdnoticias.com\/index.php\/wp-json\/wp\/v2\/media\/127113"}],"wp:attachment":[{"href":"https:\/\/cdnoticias.com\/index.php\/wp-json\/wp\/v2\/media?parent=127112"}],"wp:term":[{"taxonomy":"category","embeddable":true,"href":"https:\/\/cdnoticias.com\/index.php\/wp-json\/wp\/v2\/categories?post=127112"},{"taxonomy":"post_tag","embeddable":true,"href":"https:\/\/cdnoticias.com\/index.php\/wp-json\/wp\/v2\/tags?post=127112"}],"curies":[{"name":"wp","href":"https:\/\/api.w.org\/{rel}","templated":true}]}}