{"id":127088,"date":"2024-10-04T11:20:59","date_gmt":"2024-10-04T14:20:59","guid":{"rendered":"https:\/\/cdnoticias.com\/?p=127088"},"modified":"2024-10-04T12:33:29","modified_gmt":"2024-10-04T15:33:29","slug":"wesner-recorrio-la-87-exposicion-general-de-ganaderia-del-circuito-angus-bonaerense","status":"publish","type":"post","link":"https:\/\/cdnoticias.com\/index.php\/2024\/10\/04\/wesner-recorrio-la-87-exposicion-general-de-ganaderia-del-circuito-angus-bonaerense\/","title":{"rendered":"Wesner recorri\u00f3 la 87\u00b0 Exposici\u00f3n General de Ganader\u00eda del Circuito Angus Bonaerense"},"content":{"rendered":"\n<p>\u201cEs importante estar y acompa\u00f1ar estos eventos que se llevan adelante en el coraz\u00f3n productivo de la provincia de Buenos Aires, ya que nuestra ciudad es la m\u00e1xima exponente de producci\u00f3n ganadera del pa\u00eds\u201d sostuvo el Intendente.<\/p>\n\n\n\n<hr class=\"wp-block-separator aligncenter has-alpha-channel-opacity\"\/>\n\n\n\n<p>En el mediod\u00eda de este mi\u00e9rcoles el Intendente <strong>Maximiliano Wesner visit\u00f3 y recorri\u00f3 el predio ferial de la Sociedad Rural<\/strong>, donde se llev\u00f3 a cabo la <strong>87\u00b0 Exposici\u00f3n General de Ganader\u00eda del Circuito Angus Bonaerense<\/strong>.<\/p>\n\n\n\n<p><\/p>\n\n\n\n<p>El jefe comunal concurri\u00f3 acompa\u00f1ado por el secretario de Desarrollo Econ\u00f3mico y Productivo Gast\u00f3n Sarachu y la directora de Desarrollo Agropecuario Mar\u00eda In\u00e9s Gonz\u00e1lez.<\/p>\n\n\n\n<p><\/p>\n\n\n\n<figure class=\"wp-block-image aligncenter size-full\"><img data-recalc-dims=\"1\" loading=\"lazy\" decoding=\"async\" width=\"800\" height=\"466\" src=\"https:\/\/i0.wp.com\/cdnoticias.com\/wp-content\/uploads\/2024\/10\/angus-wesner-sociedad-rural1.png?resize=800%2C466&#038;ssl=1\" alt=\"\" class=\"wp-image-127090\" srcset=\"https:\/\/i0.wp.com\/cdnoticias.com\/wp-content\/uploads\/2024\/10\/angus-wesner-sociedad-rural1.png?w=885&amp;ssl=1 885w, https:\/\/i0.wp.com\/cdnoticias.com\/wp-content\/uploads\/2024\/10\/angus-wesner-sociedad-rural1.png?resize=300%2C175&amp;ssl=1 300w, https:\/\/i0.wp.com\/cdnoticias.com\/wp-content\/uploads\/2024\/10\/angus-wesner-sociedad-rural1.png?resize=768%2C447&amp;ssl=1 768w\" sizes=\"auto, (max-width: 800px) 100vw, 800px\" \/><\/figure>\n\n\n\n<p><\/p>\n\n\n\n<blockquote class=\"wp-block-quote is-layout-flow wp-block-quote-is-layout-flow\">\n<p>Durante la recorrida por la Exposici\u00f3n y apreciando los exponentes que se pusieron a remate, Wesner resalt\u00f3 que \u201ces importante estar y acompa\u00f1ar estos eventos que se llevan adelante en el coraz\u00f3n productivo de la provincia de Buenos Aires, ya que nuestra ciudad es la m\u00e1xima exponente de producci\u00f3n ganadera del pa\u00eds\u201d .<\/p>\n<\/blockquote>\n\n\n\n<p><\/p>\n\n\n\n<p>Luego, invitado especialmente por las autoridades de la Sociedad Rural, el Jefe comunal comparti\u00f3 el <strong>tradicional almuerzo de camarer\u00eda <\/strong>junto a los representantes de las m\u00e1s de 20 caba\u00f1as que presentaron a los mejores exponentes, tanto en machos como en hembras de la raza Angus.<\/p>\n\n\n\n<p><\/p>\n\n\n\n<figure class=\"wp-block-image aligncenter size-full\"><img data-recalc-dims=\"1\" loading=\"lazy\" decoding=\"async\" width=\"800\" height=\"466\" src=\"https:\/\/i0.wp.com\/cdnoticias.com\/wp-content\/uploads\/2024\/10\/angus-wesner-sociedad-rural2.png?resize=800%2C466&#038;ssl=1\" alt=\"\" class=\"wp-image-127091\" srcset=\"https:\/\/i0.wp.com\/cdnoticias.com\/wp-content\/uploads\/2024\/10\/angus-wesner-sociedad-rural2.png?w=890&amp;ssl=1 890w, https:\/\/i0.wp.com\/cdnoticias.com\/wp-content\/uploads\/2024\/10\/angus-wesner-sociedad-rural2.png?resize=300%2C175&amp;ssl=1 300w, https:\/\/i0.wp.com\/cdnoticias.com\/wp-content\/uploads\/2024\/10\/angus-wesner-sociedad-rural2.png?resize=768%2C447&amp;ssl=1 768w\" sizes=\"auto, (max-width: 800px) 100vw, 800px\" \/><\/figure>\n\n\n\n<p><\/p>\n\n\n\n<p>Adem\u00e1s, dialog\u00f3 con los responsables de las caba\u00f1as de nuestra ciudad, que participan de este importante evento como La So\u00f1ada, La Camila y Lomas Pampas, como as\u00ed tambi\u00e9n productores locales interesados en esta raza.<\/p>\n","protected":false},"excerpt":{"rendered":"<p>\u201cEs importante estar y acompa\u00f1ar estos eventos que se llevan adelante en el coraz\u00f3n productivo de la provincia de Buenos<\/p>\n","protected":false},"author":6,"featured_media":127089,"comment_status":"closed","ping_status":"closed","sticky":false,"template":"","format":"standard","meta":{"_jetpack_memberships_contains_paid_content":false,"footnotes":""},"categories":[5,1],"tags":[],"class_list":["post-127088","post","type-post","status-publish","format-standard","has-post-thumbnail","hentry","category-informacion-general","category-portada"],"jetpack_featured_media_url":"https:\/\/i0.wp.com\/cdnoticias.com\/wp-content\/uploads\/2024\/10\/angus-wesner-sociedad-rural.png?fit=884%2C493&ssl=1","jetpack_sharing_enabled":true,"_links":{"self":[{"href":"https:\/\/cdnoticias.com\/index.php\/wp-json\/wp\/v2\/posts\/127088","targetHints":{"allow":["GET"]}}],"collection":[{"href":"https:\/\/cdnoticias.com\/index.php\/wp-json\/wp\/v2\/posts"}],"about":[{"href":"https:\/\/cdnoticias.com\/index.php\/wp-json\/wp\/v2\/types\/post"}],"author":[{"embeddable":true,"href":"https:\/\/cdnoticias.com\/index.php\/wp-json\/wp\/v2\/users\/6"}],"replies":[{"embeddable":true,"href":"https:\/\/cdnoticias.com\/index.php\/wp-json\/wp\/v2\/comments?post=127088"}],"version-history":[{"count":0,"href":"https:\/\/cdnoticias.com\/index.php\/wp-json\/wp\/v2\/posts\/127088\/revisions"}],"wp:featuredmedia":[{"embeddable":true,"href":"https:\/\/cdnoticias.com\/index.php\/wp-json\/wp\/v2\/media\/127089"}],"wp:attachment":[{"href":"https:\/\/cdnoticias.com\/index.php\/wp-json\/wp\/v2\/media?parent=127088"}],"wp:term":[{"taxonomy":"category","embeddable":true,"href":"https:\/\/cdnoticias.com\/index.php\/wp-json\/wp\/v2\/categories?post=127088"},{"taxonomy":"post_tag","embeddable":true,"href":"https:\/\/cdnoticias.com\/index.php\/wp-json\/wp\/v2\/tags?post=127088"}],"curies":[{"name":"wp","href":"https:\/\/api.w.org\/{rel}","templated":true}]}}