{"id":12705,"date":"2021-02-01T11:36:11","date_gmt":"2021-02-01T14:36:11","guid":{"rendered":"http:\/\/www.centraldenoticias.com.ar\/?p=12705"},"modified":"2021-02-01T12:34:11","modified_gmt":"2021-02-01T15:34:11","slug":"el-concejo-deliberante-reabrio-sus-puertas","status":"publish","type":"post","link":"https:\/\/cdnoticias.com\/index.php\/2021\/02\/01\/el-concejo-deliberante-reabrio-sus-puertas\/","title":{"rendered":"El Concejo Deliberante reabri\u00f3 sus puertas"},"content":{"rendered":"<p>Tras el receso de enero, este lunes retom\u00f3 la actividad el Legislativo. El funcionamiento de las comisiones. El regreso de Guillermo Lascano. La primera sesi\u00f3n ordinaria, el 11 de marzo.<!--more--><\/p>\n<hr \/>\n<p><strong>Este lunes regres\u00f3 a la actividad el Concejo Deliberante<\/strong>. La sede de Alsina y San Mart\u00edn volvi\u00f3 a abrir sus puertas despu\u00e9s del receso de enero y por este mes tendr\u00e1 nueva composici\u00f3n.<\/p>\n<p>Si bien la reapertura implica centralmente que<strong> se retomaron las actividades administrativas<\/strong>, en los pr\u00f3ximos d\u00edas <strong>se analizar\u00e1 la vuelta a las reuniones de comisi\u00f3n<\/strong> y que por estos d\u00edas se dar\u00e1 ingreso a los expedientes que llegaron del Ejecutivo.<\/p>\n<p>Seg\u00fan se aclar\u00f3 ante la consulta de <strong>Central de Noticias<\/strong>, cada presidente definir\u00e1 la modalidad que prev\u00e9: <strong>mantener la virtualidad o pasar a la presencialidad<\/strong>. Las comisiones m\u00e1s numerosas son las de Legislaci\u00f3n y de Hacienda, que tambi\u00e9n son las m\u00e1s importantes en t\u00e9rminos de debate legislativo, con lo que all\u00ed se esperan las definiciones m\u00e1s importantes para la labor del Concejo.<\/p>\n<p>No obstante, se se\u00f1al\u00f3 que <strong>la actividad sostenida de las comisiones se dar\u00e1 en la segunda mitad de febrero<\/strong> ya con el inicio del periodo ordinario en la mira.<\/p>\n<p>Durante el receso no se presentaron proyectos de temas de inter\u00e9s para el Ejecutivo. En tanto, el bloque Foro Olavarr\u00eda (interbloque Frente de Todos) dio a conocer semanas atr\u00e1s una cuestionamiento a la <a href=\"https:\/\/cdnoticias.com\/index.php\/2021\/01\/18\/es-responsabilidad-del-municipio-el-cuidado-y-la-conservacion-del-arbolado-publico\/\" target=\"_blank\" rel=\"noopener\">poda de \u00e1rboles en una sector de avenida Pellegrini<\/a> y con ello, los concejales hab\u00edan adelantado su intenci\u00f3n de <a href=\"https:\/\/cdnoticias.com\/index.php\/2021\/01\/16\/el-foro-olavarria-pedira-informes-por-la-tala-de-14-arboles\/\" target=\"_blank\" rel=\"noopener\">llevar este tema al Concejo<\/a>.<\/p>\n<p>El 1\u00ba de marzo se iniciar\u00e1 el periodo ordinario de sesiones. Tras el acto formal de apertura, que encabeza el intendente donde brinda un discurso ante los concejales, <strong>la primera sesi\u00f3n ordinaria se har\u00e1 el jueves 11 de marzo<\/strong>.<\/p>\n<p><strong>Composici\u00f3n<\/strong><\/p>\n<p>Con la <strong>salida de Juan Mujica del bloque Juntos por el Cambio<\/strong> para ser<a href=\"https:\/\/cdnoticias.com\/index.php\/2021\/01\/31\/nuevo-intendente-y-las-definiciones-para-la-vuelta-a-las-escuelas\/\" target=\"_blank\" rel=\"noopener\"> intendente interino<\/a> por este mes, el Concejo Deliberante tendr\u00e1 nueva composici\u00f3n.<\/p>\n<p>Su reemplazante es <strong>Guillermo Lascano<\/strong>, quien de esta manera vuelve a ser representante legislativo, y suma para el bloque Radicales en Juntos por el Cambio, junto con Celeste Arouxet.<\/p>\n<p>Este cambio tendr\u00e1 peso en caso de que se traten en comisiones temas destacados, especialmente en las de Legislaci\u00f3n, Hacienda o Infraestructura que ser\u00e1n en las que estar\u00e1 Lascano.<\/p>\n<p>Cabe aclarar que <strong>no se esperan sesiones extraordinarias<\/strong>, ni tampoco los proyectos que est\u00e1n en tratamiento en las comisiones dejar\u00edan debates de alto impacto p\u00fablico.<\/p>\n<p>Igualmente, y como todo lo que sucede en el plano pol\u00edtico, habr\u00e1 que prestar atenci\u00f3n a los temas que lleguen a tratamiento de los concejales.<\/p>\n","protected":false},"excerpt":{"rendered":"<p>Tras el receso de enero, este lunes retom\u00f3 la actividad el Legislativo. El funcionamiento de las comisiones. El regreso de<\/p>\n","protected":false},"author":4,"featured_media":2709,"comment_status":"closed","ping_status":"closed","sticky":false,"template":"","format":"standard","meta":{"_jetpack_memberships_contains_paid_content":false,"footnotes":""},"categories":[4,1],"tags":[],"class_list":["post-12705","post","type-post","status-publish","format-standard","has-post-thumbnail","hentry","category-politica","category-portada"],"jetpack_featured_media_url":"https:\/\/i0.wp.com\/cdnoticias.com\/wp-content\/uploads\/2020\/09\/Concejo-Generica.jpg?fit=4608%2C3072&ssl=1","jetpack_sharing_enabled":true,"_links":{"self":[{"href":"https:\/\/cdnoticias.com\/index.php\/wp-json\/wp\/v2\/posts\/12705","targetHints":{"allow":["GET"]}}],"collection":[{"href":"https:\/\/cdnoticias.com\/index.php\/wp-json\/wp\/v2\/posts"}],"about":[{"href":"https:\/\/cdnoticias.com\/index.php\/wp-json\/wp\/v2\/types\/post"}],"author":[{"embeddable":true,"href":"https:\/\/cdnoticias.com\/index.php\/wp-json\/wp\/v2\/users\/4"}],"replies":[{"embeddable":true,"href":"https:\/\/cdnoticias.com\/index.php\/wp-json\/wp\/v2\/comments?post=12705"}],"version-history":[{"count":0,"href":"https:\/\/cdnoticias.com\/index.php\/wp-json\/wp\/v2\/posts\/12705\/revisions"}],"wp:featuredmedia":[{"embeddable":true,"href":"https:\/\/cdnoticias.com\/index.php\/wp-json\/wp\/v2\/media\/2709"}],"wp:attachment":[{"href":"https:\/\/cdnoticias.com\/index.php\/wp-json\/wp\/v2\/media?parent=12705"}],"wp:term":[{"taxonomy":"category","embeddable":true,"href":"https:\/\/cdnoticias.com\/index.php\/wp-json\/wp\/v2\/categories?post=12705"},{"taxonomy":"post_tag","embeddable":true,"href":"https:\/\/cdnoticias.com\/index.php\/wp-json\/wp\/v2\/tags?post=12705"}],"curies":[{"name":"wp","href":"https:\/\/api.w.org\/{rel}","templated":true}]}}