{"id":12694,"date":"2021-02-01T09:34:14","date_gmt":"2021-02-01T12:34:14","guid":{"rendered":"http:\/\/www.centraldenoticias.com.ar\/?p=12694"},"modified":"2021-02-01T09:34:14","modified_gmt":"2021-02-01T12:34:14","slug":"pot-insiste-en-el-rechazo-a-la-contribucion-por-recambio-de-medidor","status":"publish","type":"post","link":"https:\/\/cdnoticias.com\/index.php\/2021\/02\/01\/pot-insiste-en-el-rechazo-a-la-contribucion-por-recambio-de-medidor\/","title":{"rendered":"POT insiste en el rechazo a la \u201ccontribuci\u00f3n por recambio de medidor\u201d"},"content":{"rendered":"<p>Lanzaron una campa\u00f1a de junta de firmas en los barrios: esperan que 10.000 vecinos se sumen. Volver\u00e1n con el reclamo ante la Autoridad del Agua.<!--more--><\/p>\n<hr \/>\n<p><strong>La agrupaci\u00f3n vecinal Por Olavarr\u00eda Todos (POT) dio a conocer que llevar\u00e1 adelante una campa\u00f1a de junta de firmas en rechazo a \u201ccontribuci\u00f3n por recambio de medidor\u201d<\/strong> que desde febrero del a\u00f1o pasado se cobra a todos los usuarios del servicio de obras sanitarias.<\/p>\n<p>POT reiter\u00f3 su consideraci\u00f3n de que<strong> se trata de un \u201ccobro indebido\u201d<\/strong> y adelant\u00f3 que se espera reunir <strong>10.000 firmas<\/strong>.<\/p>\n<blockquote><p>Andrea Coronel, referente del partido vecinal expres\u00f3: \u201cmanifestamos nuestra oposici\u00f3n rotunda desde la creaci\u00f3n de este \u00edtem en la facturaci\u00f3n de agua, luego de una presentaci\u00f3n en la Defensor\u00eda del Pueblo, a\u00fan sin respuesta, es que iniciamos una junta de firmas en los distintos barrios de nuestra ciudad, para ser acompa\u00f1adas junto a un petitorio dirigido a la Autoridad del Agua (ADA) con copia a INAES\u201d.<\/p><\/blockquote>\n<p>Apunt\u00f3 a <strong>\u201cla defensa de derechos elementales de los usuarios de servicios p\u00fablicos\u201d<\/strong> y al <strong>contenido del Reglamento del Usuario de Coopelectric<\/strong> para explicar su postura de rechazo.<\/p>\n<p>En este sentido, Coronel record\u00f3 que el reglamento establece que \u201cel costo de incorporaci\u00f3n al sistema medido, incluyendo la provisi\u00f3n e instalaci\u00f3n del o de los medidores de caudales, <strong>se har\u00e1 sin cargo a usuarios<\/strong> que cuenten con conexi\u00f3n existente\u201d. A su vez, se refiri\u00f3 a la Ley 22.802 de Lealtad Comercial para acusar a la prestadora de <strong>\u201cpublicidad enga\u00f1osa\u201d<\/strong> y de incumplimientos varios por falta de informaci\u00f3n, ausencia de constancia escrita y falta de devoluci\u00f3n.<\/p>\n<p><strong>\u201cEs m\u00e1s que evidente el abuso en contra del usuario, nunca se renovaron los medidores\u201d<\/strong> sostuvo Andrea Coronel quien agreg\u00f3 que para el POT \u201cnos indigna la administraci\u00f3n desleal de Coopelectric, antes de inventar \u00edtems abusivos, que se atienda a los numerosos cuestionamientos de la comunidad\u201d.<\/p>\n<p>Pidieron a los vecinos interesados en sumarse al reclamo <strong>contactarse con los referentes del POT<\/strong> quienes en los pr\u00f3ximos d\u00edas recorrer\u00e1n los barrios Nicol\u00e1s Avellaneda, Coronel Dorrego, Escuela 6, Mataderos, Barrio Trabajadores, 4 de Octubre, Sarmiento Norte, Pueblo Nuevo, Scac, Barrio Bel\u00e9n, Juan Mart\u00edn de Pueyrred\u00f3n, Alberdi, Sierras Bayas, Sierra Chica, Loma Negra e Hinojo. A su vez estar\u00e1n disponibles las planillas a trav\u00e9s de la p\u00e1gina de Facebook \u201cPor Olavarr\u00eda Todos\u201d.<\/p>\n","protected":false},"excerpt":{"rendered":"<p>Lanzaron una campa\u00f1a de junta de firmas en los barrios: esperan que 10.000 vecinos se sumen. Volver\u00e1n con el reclamo<\/p>\n","protected":false},"author":4,"featured_media":12696,"comment_status":"closed","ping_status":"closed","sticky":false,"template":"","format":"standard","meta":{"_jetpack_memberships_contains_paid_content":false,"footnotes":""},"categories":[4,1],"tags":[],"class_list":["post-12694","post","type-post","status-publish","format-standard","has-post-thumbnail","hentry","category-politica","category-portada"],"jetpack_featured_media_url":"https:\/\/i0.wp.com\/cdnoticias.com\/wp-content\/uploads\/2021\/02\/POT-planilla-coopelectric.jpeg?fit=1280%2C750&ssl=1","jetpack_sharing_enabled":true,"_links":{"self":[{"href":"https:\/\/cdnoticias.com\/index.php\/wp-json\/wp\/v2\/posts\/12694","targetHints":{"allow":["GET"]}}],"collection":[{"href":"https:\/\/cdnoticias.com\/index.php\/wp-json\/wp\/v2\/posts"}],"about":[{"href":"https:\/\/cdnoticias.com\/index.php\/wp-json\/wp\/v2\/types\/post"}],"author":[{"embeddable":true,"href":"https:\/\/cdnoticias.com\/index.php\/wp-json\/wp\/v2\/users\/4"}],"replies":[{"embeddable":true,"href":"https:\/\/cdnoticias.com\/index.php\/wp-json\/wp\/v2\/comments?post=12694"}],"version-history":[{"count":0,"href":"https:\/\/cdnoticias.com\/index.php\/wp-json\/wp\/v2\/posts\/12694\/revisions"}],"wp:featuredmedia":[{"embeddable":true,"href":"https:\/\/cdnoticias.com\/index.php\/wp-json\/wp\/v2\/media\/12696"}],"wp:attachment":[{"href":"https:\/\/cdnoticias.com\/index.php\/wp-json\/wp\/v2\/media?parent=12694"}],"wp:term":[{"taxonomy":"category","embeddable":true,"href":"https:\/\/cdnoticias.com\/index.php\/wp-json\/wp\/v2\/categories?post=12694"},{"taxonomy":"post_tag","embeddable":true,"href":"https:\/\/cdnoticias.com\/index.php\/wp-json\/wp\/v2\/tags?post=12694"}],"curies":[{"name":"wp","href":"https:\/\/api.w.org\/{rel}","templated":true}]}}