{"id":126917,"date":"2024-10-02T20:57:42","date_gmt":"2024-10-02T23:57:42","guid":{"rendered":"https:\/\/cdnoticias.com\/?p=126917"},"modified":"2024-10-03T08:39:51","modified_gmt":"2024-10-03T11:39:51","slug":"gran-convocatoria-en-la-segunda-marcha-en-defensa-de-la-universidad-publica-en-olavarria","status":"publish","type":"post","link":"https:\/\/cdnoticias.com\/index.php\/2024\/10\/02\/gran-convocatoria-en-la-segunda-marcha-en-defensa-de-la-universidad-publica-en-olavarria\/","title":{"rendered":"Gran convocatoria en la segunda marcha en defensa de la Universidad P\u00fablica en Olavarr\u00eda"},"content":{"rendered":"\n<p>Con salida desde la Facultad de Salud, la columna de cientos de manifestantes recorri\u00f3 varias cuadras hasta llegar al Paseo Jes\u00fas Mend\u00eda en pedido de \u201cno al veto\u201d de la Ley de Financiamiento de las universidades.<\/p>\n\n\n\n<hr class=\"wp-block-separator aligncenter has-alpha-channel-opacity\"\/>\n\n\n\n<p>Escuchar en varias oportunidades<em><strong> \u201csoy la primera generaci\u00f3n de universitarios en mi familia\u201d <\/strong><\/em>en este tipo de movilizaciones es muy com\u00fan. Y movilizador. <strong>As\u00ed de simple y valiosa es la importancia de la universidad en las cientos de personas que participaron de la marcha en defensa de la educaci\u00f3n p\u00fablica gratuita y de calidad en Olavarr\u00eda.<\/strong><\/p>\n\n\n\n<p><strong>Con la obra paralizada (por el gobierno nacional) de la Facultad de Salud como s\u00edmbolo, el punto de partida fue dicha casa de estudios de la Unicen,<\/strong> con autoridades educativas, sindicales, del Municipio, estudiantes, dirigentes estudiantiles, familias, y un largo etc\u00e9tera que le pidi\u00f3 al Presidente Milei que no vete la Ley de Financiamiento de las Universidades.<\/p>\n\n\n\n<figure class=\"wp-block-image size-large\"><img data-recalc-dims=\"1\" loading=\"lazy\" decoding=\"async\" width=\"800\" height=\"445\" src=\"https:\/\/i0.wp.com\/cdnoticias.com\/wp-content\/uploads\/2024\/10\/marcha-universitaria6.jpg?resize=800%2C445&#038;ssl=1\" alt=\"\" class=\"wp-image-126925\" srcset=\"https:\/\/i0.wp.com\/cdnoticias.com\/wp-content\/uploads\/2024\/10\/marcha-universitaria6.jpg?resize=1024%2C570&amp;ssl=1 1024w, https:\/\/i0.wp.com\/cdnoticias.com\/wp-content\/uploads\/2024\/10\/marcha-universitaria6.jpg?resize=300%2C167&amp;ssl=1 300w, https:\/\/i0.wp.com\/cdnoticias.com\/wp-content\/uploads\/2024\/10\/marcha-universitaria6.jpg?resize=768%2C428&amp;ssl=1 768w, https:\/\/i0.wp.com\/cdnoticias.com\/wp-content\/uploads\/2024\/10\/marcha-universitaria6.jpg?resize=800%2C445&amp;ssl=1 800w, https:\/\/i0.wp.com\/cdnoticias.com\/wp-content\/uploads\/2024\/10\/marcha-universitaria6.jpg?w=1072&amp;ssl=1 1072w\" sizes=\"auto, (max-width: 800px) 100vw, 800px\" \/><\/figure>\n\n\n\n<p>Entre los m\u00e1s destacados, <strong>estuvieron los decanos de las tres casas de estudio, Mar\u00eda Peralta (Ingenier\u00eda), Gabriela Gamberini (Sociales) y H\u00e9ctor \u201cCacho\u201d Trebucq (Salud) sumado a representantes del gremio docente (Ludmila Adad y Eugenia Iturralde) y no docente (Olivia Orsatti y Margarita L\u00f3pez). Tambi\u00e9n tuvo participaci\u00f3n el intendente Maximiliano Wesner<\/strong>, que estuvo acompa\u00f1ado por buena parte de su gabinete, entre los que se vio a Mercedes Land\u00edvar (Jefa de Gabinete) varios secretarios, subsecretarios, directores, entre otros.<\/p>\n\n\n\n<figure class=\"wp-block-image size-large\"><img data-recalc-dims=\"1\" loading=\"lazy\" decoding=\"async\" width=\"800\" height=\"445\" src=\"https:\/\/i0.wp.com\/cdnoticias.com\/wp-content\/uploads\/2024\/10\/marcha-universitaria9.jpg?resize=800%2C445&#038;ssl=1\" alt=\"\" class=\"wp-image-126928\" srcset=\"https:\/\/i0.wp.com\/cdnoticias.com\/wp-content\/uploads\/2024\/10\/marcha-universitaria9.jpg?resize=1024%2C570&amp;ssl=1 1024w, https:\/\/i0.wp.com\/cdnoticias.com\/wp-content\/uploads\/2024\/10\/marcha-universitaria9.jpg?resize=300%2C167&amp;ssl=1 300w, https:\/\/i0.wp.com\/cdnoticias.com\/wp-content\/uploads\/2024\/10\/marcha-universitaria9.jpg?resize=768%2C428&amp;ssl=1 768w, https:\/\/i0.wp.com\/cdnoticias.com\/wp-content\/uploads\/2024\/10\/marcha-universitaria9.jpg?resize=800%2C445&amp;ssl=1 800w, https:\/\/i0.wp.com\/cdnoticias.com\/wp-content\/uploads\/2024\/10\/marcha-universitaria9.jpg?w=1072&amp;ssl=1 1072w\" sizes=\"auto, (max-width: 800px) 100vw, 800px\" \/><\/figure>\n\n\n\n<figure class=\"wp-block-image size-large\"><img data-recalc-dims=\"1\" loading=\"lazy\" decoding=\"async\" width=\"800\" height=\"445\" src=\"https:\/\/i0.wp.com\/cdnoticias.com\/wp-content\/uploads\/2024\/10\/marcha-universitaria8.jpg?resize=800%2C445&#038;ssl=1\" alt=\"\" class=\"wp-image-126927\" srcset=\"https:\/\/i0.wp.com\/cdnoticias.com\/wp-content\/uploads\/2024\/10\/marcha-universitaria8.jpg?resize=1024%2C570&amp;ssl=1 1024w, https:\/\/i0.wp.com\/cdnoticias.com\/wp-content\/uploads\/2024\/10\/marcha-universitaria8.jpg?resize=300%2C167&amp;ssl=1 300w, https:\/\/i0.wp.com\/cdnoticias.com\/wp-content\/uploads\/2024\/10\/marcha-universitaria8.jpg?resize=768%2C428&amp;ssl=1 768w, https:\/\/i0.wp.com\/cdnoticias.com\/wp-content\/uploads\/2024\/10\/marcha-universitaria8.jpg?resize=800%2C445&amp;ssl=1 800w, https:\/\/i0.wp.com\/cdnoticias.com\/wp-content\/uploads\/2024\/10\/marcha-universitaria8.jpg?w=1072&amp;ssl=1 1072w\" sizes=\"auto, (max-width: 800px) 100vw, 800px\" \/><\/figure>\n\n\n\n<figure class=\"wp-block-image size-large\"><img data-recalc-dims=\"1\" loading=\"lazy\" decoding=\"async\" width=\"800\" height=\"445\" src=\"https:\/\/i0.wp.com\/cdnoticias.com\/wp-content\/uploads\/2024\/10\/marcha-universitaria3.jpg?resize=800%2C445&#038;ssl=1\" alt=\"\" class=\"wp-image-126922\" srcset=\"https:\/\/i0.wp.com\/cdnoticias.com\/wp-content\/uploads\/2024\/10\/marcha-universitaria3.jpg?resize=1024%2C570&amp;ssl=1 1024w, https:\/\/i0.wp.com\/cdnoticias.com\/wp-content\/uploads\/2024\/10\/marcha-universitaria3.jpg?resize=300%2C167&amp;ssl=1 300w, https:\/\/i0.wp.com\/cdnoticias.com\/wp-content\/uploads\/2024\/10\/marcha-universitaria3.jpg?resize=768%2C428&amp;ssl=1 768w, https:\/\/i0.wp.com\/cdnoticias.com\/wp-content\/uploads\/2024\/10\/marcha-universitaria3.jpg?resize=800%2C445&amp;ssl=1 800w, https:\/\/i0.wp.com\/cdnoticias.com\/wp-content\/uploads\/2024\/10\/marcha-universitaria3.jpg?w=1072&amp;ssl=1 1072w\" sizes=\"auto, (max-width: 800px) 100vw, 800px\" \/><\/figure>\n\n\n\n<p>Tambi\u00e9n participaron concejales de Uni\u00f3n por la Patria y la UCR, as\u00ed como dirigentes de varios partidos pol\u00edticos, sindicalistas, la presencia de la CGT local, entre los m\u00e1s destacados.<\/p>\n\n\n\n<figure class=\"wp-block-image size-large\"><img data-recalc-dims=\"1\" loading=\"lazy\" decoding=\"async\" width=\"800\" height=\"445\" src=\"https:\/\/i0.wp.com\/cdnoticias.com\/wp-content\/uploads\/2024\/10\/marcha-universitaria4.jpg?resize=800%2C445&#038;ssl=1\" alt=\"\" class=\"wp-image-126923\" srcset=\"https:\/\/i0.wp.com\/cdnoticias.com\/wp-content\/uploads\/2024\/10\/marcha-universitaria4.jpg?resize=1024%2C570&amp;ssl=1 1024w, https:\/\/i0.wp.com\/cdnoticias.com\/wp-content\/uploads\/2024\/10\/marcha-universitaria4.jpg?resize=300%2C167&amp;ssl=1 300w, https:\/\/i0.wp.com\/cdnoticias.com\/wp-content\/uploads\/2024\/10\/marcha-universitaria4.jpg?resize=768%2C428&amp;ssl=1 768w, https:\/\/i0.wp.com\/cdnoticias.com\/wp-content\/uploads\/2024\/10\/marcha-universitaria4.jpg?resize=800%2C445&amp;ssl=1 800w, https:\/\/i0.wp.com\/cdnoticias.com\/wp-content\/uploads\/2024\/10\/marcha-universitaria4.jpg?w=1072&amp;ssl=1 1072w\" sizes=\"auto, (max-width: 800px) 100vw, 800px\" \/><\/figure>\n\n\n\n<p><em><strong>\u201cTraigan al gorila de Milei\/para que vea\/que este pueblo no cambia de ideas\/pelea, pelea por la educaci\u00f3n\u201d<\/strong><\/em> fue el hit de la jornada, que enteramente fue dedicada a las pol\u00edticas y las ideas que lleva adelante el Presidente Javier Milei.<\/p>\n\n\n\n<p>La columna \u2013de m\u00e1s de tres cuadras- recorri\u00f3 avenida Pringles hasta llegar a calle Necochea, luego fue hasta Rivadavia, y dieron la vuelta por la plaza central para ingresar al Paseo Jes\u00fas Mend\u00eda por calle Necochea, para terminar en un escenario ubicado fuera de la Parroquia San Jos\u00e9.<\/p>\n\n\n\n<figure class=\"wp-block-image size-large\"><img data-recalc-dims=\"1\" loading=\"lazy\" decoding=\"async\" width=\"800\" height=\"445\" src=\"https:\/\/i0.wp.com\/cdnoticias.com\/wp-content\/uploads\/2024\/10\/marcha-universitaria10.jpg?resize=800%2C445&#038;ssl=1\" alt=\"\" class=\"wp-image-126929\" srcset=\"https:\/\/i0.wp.com\/cdnoticias.com\/wp-content\/uploads\/2024\/10\/marcha-universitaria10.jpg?resize=1024%2C570&amp;ssl=1 1024w, https:\/\/i0.wp.com\/cdnoticias.com\/wp-content\/uploads\/2024\/10\/marcha-universitaria10.jpg?resize=300%2C167&amp;ssl=1 300w, https:\/\/i0.wp.com\/cdnoticias.com\/wp-content\/uploads\/2024\/10\/marcha-universitaria10.jpg?resize=768%2C427&amp;ssl=1 768w, https:\/\/i0.wp.com\/cdnoticias.com\/wp-content\/uploads\/2024\/10\/marcha-universitaria10.jpg?resize=800%2C445&amp;ssl=1 800w, https:\/\/i0.wp.com\/cdnoticias.com\/wp-content\/uploads\/2024\/10\/marcha-universitaria10.jpg?w=1037&amp;ssl=1 1037w\" sizes=\"auto, (max-width: 800px) 100vw, 800px\" \/><\/figure>\n\n\n\n<figure class=\"wp-block-image size-large\"><img data-recalc-dims=\"1\" loading=\"lazy\" decoding=\"async\" width=\"800\" height=\"445\" src=\"https:\/\/i0.wp.com\/cdnoticias.com\/wp-content\/uploads\/2024\/10\/marcha-universitaria5.jpg?resize=800%2C445&#038;ssl=1\" alt=\"\" class=\"wp-image-126924\" srcset=\"https:\/\/i0.wp.com\/cdnoticias.com\/wp-content\/uploads\/2024\/10\/marcha-universitaria5.jpg?resize=1024%2C570&amp;ssl=1 1024w, https:\/\/i0.wp.com\/cdnoticias.com\/wp-content\/uploads\/2024\/10\/marcha-universitaria5.jpg?resize=300%2C167&amp;ssl=1 300w, https:\/\/i0.wp.com\/cdnoticias.com\/wp-content\/uploads\/2024\/10\/marcha-universitaria5.jpg?resize=768%2C428&amp;ssl=1 768w, https:\/\/i0.wp.com\/cdnoticias.com\/wp-content\/uploads\/2024\/10\/marcha-universitaria5.jpg?resize=800%2C445&amp;ssl=1 800w, https:\/\/i0.wp.com\/cdnoticias.com\/wp-content\/uploads\/2024\/10\/marcha-universitaria5.jpg?w=1072&amp;ssl=1 1072w\" sizes=\"auto, (max-width: 800px) 100vw, 800px\" \/><\/figure>\n\n\n\n<p>\u201c<strong><em>Universidad\/de los trajadores\/y al que no le gusta\/se jode, se jode\u201d <\/em><\/strong>sonaba en los parlantes en una versi\u00f3n \u201cremixada\u201d que fue acompa\u00f1ada por los cientos de presentes que se ubicaban alrededor del escenario que, marcaba, el final de la movilizaci\u00f3n, para darle paso a los discursos.<\/p>\n\n\n\n<p><strong>Una nueva y contundente manifestaci\u00f3n en una ciudad que tuvo un crecimiento exponencial en la vida universitaria. Que le cambi\u00f3 la vida a miles de personas, ya sea porque pudieron acceder a la Facultad, porque pudieron enviar sus hijos, a sus nietos o sus familiares. Porque pudieron acceder a una profesi\u00f3n que hace muchos a\u00f1os era imposible.<\/strong><\/p>\n\n\n\n<p>Por todo ello, las cientos de personas \u2013y los integrantes de Central de Noticias- <strong>pidieron que la Universidad sea p\u00fablica, gratuita y de calidad.<\/strong><\/p>\n","protected":false},"excerpt":{"rendered":"<p>Con salida desde la Facultad de Salud, la columna de cientos de manifestantes recorri\u00f3 varias cuadras hasta llegar al Paseo<\/p>\n","protected":false},"author":2,"featured_media":126920,"comment_status":"closed","ping_status":"closed","sticky":false,"template":"","format":"standard","meta":{"_jetpack_memberships_contains_paid_content":false,"footnotes":""},"categories":[5,1],"tags":[],"class_list":["post-126917","post","type-post","status-publish","format-standard","has-post-thumbnail","hentry","category-informacion-general","category-portada"],"jetpack_featured_media_url":"https:\/\/i0.wp.com\/cdnoticias.com\/wp-content\/uploads\/2024\/10\/marcha-universitaria1.jpg?fit=1072%2C596&ssl=1","jetpack_sharing_enabled":true,"_links":{"self":[{"href":"https:\/\/cdnoticias.com\/index.php\/wp-json\/wp\/v2\/posts\/126917","targetHints":{"allow":["GET"]}}],"collection":[{"href":"https:\/\/cdnoticias.com\/index.php\/wp-json\/wp\/v2\/posts"}],"about":[{"href":"https:\/\/cdnoticias.com\/index.php\/wp-json\/wp\/v2\/types\/post"}],"author":[{"embeddable":true,"href":"https:\/\/cdnoticias.com\/index.php\/wp-json\/wp\/v2\/users\/2"}],"replies":[{"embeddable":true,"href":"https:\/\/cdnoticias.com\/index.php\/wp-json\/wp\/v2\/comments?post=126917"}],"version-history":[{"count":0,"href":"https:\/\/cdnoticias.com\/index.php\/wp-json\/wp\/v2\/posts\/126917\/revisions"}],"wp:featuredmedia":[{"embeddable":true,"href":"https:\/\/cdnoticias.com\/index.php\/wp-json\/wp\/v2\/media\/126920"}],"wp:attachment":[{"href":"https:\/\/cdnoticias.com\/index.php\/wp-json\/wp\/v2\/media?parent=126917"}],"wp:term":[{"taxonomy":"category","embeddable":true,"href":"https:\/\/cdnoticias.com\/index.php\/wp-json\/wp\/v2\/categories?post=126917"},{"taxonomy":"post_tag","embeddable":true,"href":"https:\/\/cdnoticias.com\/index.php\/wp-json\/wp\/v2\/tags?post=126917"}],"curies":[{"name":"wp","href":"https:\/\/api.w.org\/{rel}","templated":true}]}}