{"id":126908,"date":"2024-10-03T08:39:35","date_gmt":"2024-10-03T11:39:35","guid":{"rendered":"https:\/\/cdnoticias.com\/?p=126908"},"modified":"2024-10-03T11:00:45","modified_gmt":"2024-10-03T14:00:45","slug":"tres-olavarrienses-imputados-por-cazar-una-especie-protegida","status":"publish","type":"post","link":"https:\/\/cdnoticias.com\/index.php\/2024\/10\/03\/tres-olavarrienses-imputados-por-cazar-una-especie-protegida\/","title":{"rendered":"Tres olavarrienses imputados por cazar una especie protegida"},"content":{"rendered":"<p>Los hechos se dieron en enero y las actuaciones avanzan en el Ministerio de Desarrollo Agrario de la provincia de Buenos Aires.<!--more--><\/p>\n<hr \/>\n<p>En <strong>enero<\/strong> pasado el<strong> Comando de Prevenci\u00f3n Rural de Olavarr\u00eda (CPR)<\/strong> intercept\u00f3 a<strong> tres olavarrienses que transportaban \u00f1and\u00faes cazados<\/strong> y fueron infraccionados. Las <strong>actuaciones se elevaron al Ministerio de Desarrollo Agrario<\/strong> de la provincia de Buenos Aires que en los \u00faltimos d\u00edas expuso el <strong>avance de las actuaciones con la imputaci\u00f3n de los acusados<\/strong>.<\/p>\n<p>Interviene la <em>Subdirecci\u00f3n de Gesti\u00f3n, Control, Fiscalizaci\u00f3n y Estad\u00edstica<\/em>, dependiente de la <em>Direcci\u00f3n de Instrucci\u00f3n Sumaria<\/em> del ministerio bonaerense. Las actuaciones se encuadraron como <strong>infracci\u00f3n al art\u00edculo 287\u00b0 de la Ley N\u00b0 10.081\/83 (C\u00f3digo Rural)<\/strong> y as\u00ed fueron<strong> formalmente acusados los olavarrienses.<\/strong><\/p>\n<p>En las actuaciones a las que accedi\u00f3<strong> Central de Noticias<\/strong> se detall\u00f3 que <strong>el sumario se inici\u00f3 el 27 de enero<\/strong> de este a\u00f1o mediante la orden labrada por el CPR a ra\u00edz de <strong>haber hallado en el camino a Mu\u00f1oz un veh\u00edculo en el que transitaban tres hombres<\/strong>, quienes fueron identificados y est\u00e1n domiciliados en nuestra ciudad, que <strong>informaron que hab\u00edan cazado dentro de un establecimiento rural<\/strong> y que<strong> llevaban 10 perros galgos<\/strong>.<\/p>\n<blockquote><p>En su poder llevaban dos \u00f1and\u00faes despostados. El \u00f1and\u00fa es una especie protegida, por lo que se encuentra prohibida su caza, conforme lo establece el art\u00edculo 287 del C\u00f3digo Rural de la Provincia.<\/p><\/blockquote>\n<p>Ese art\u00edculo establece que <em>toda especie no mencionada expresamente como susceptible de caza<\/em> en los reglamentos que al efecto dicte el Poder Ejecutivo, <em>se considera protegida y su caza prohibida<\/em>, as\u00ed como la tenencia y el comercio de ejemplares vivos o de sus productos o despojos.<\/p>\n<p>Se aclar\u00f3 que <em>los restos de los \u00f1and\u00faes, que fueron secuestrados por los efectivos policiales, fueron entregados a La M\u00e1xima<\/em>.<\/p>\n<p>La Direcci\u00f3n de Instrucci\u00f3n Sumarial procedi\u00f3 a<em> imputar a los tres hombres que estaban en el veh\u00edculos<\/em>. El proceso contin\u00faa y se habilita por estos d\u00edas la actuaci\u00f3n de las defensas de los acusados.<\/p>\n","protected":false},"excerpt":{"rendered":"<p>Los hechos se dieron en enero y las actuaciones avanzan en el Ministerio de Desarrollo Agrario de la provincia de<\/p>\n","protected":false},"author":4,"featured_media":126909,"comment_status":"closed","ping_status":"closed","sticky":false,"template":"","format":"standard","meta":{"_jetpack_memberships_contains_paid_content":false,"footnotes":""},"categories":[14,1],"tags":[],"class_list":["post-126908","post","type-post","status-publish","format-standard","has-post-thumbnail","hentry","category-policiales","category-portada"],"jetpack_featured_media_url":"https:\/\/i0.wp.com\/cdnoticias.com\/wp-content\/uploads\/2024\/10\/nandu-00.jpg?fit=800%2C445&ssl=1","jetpack_sharing_enabled":true,"_links":{"self":[{"href":"https:\/\/cdnoticias.com\/index.php\/wp-json\/wp\/v2\/posts\/126908","targetHints":{"allow":["GET"]}}],"collection":[{"href":"https:\/\/cdnoticias.com\/index.php\/wp-json\/wp\/v2\/posts"}],"about":[{"href":"https:\/\/cdnoticias.com\/index.php\/wp-json\/wp\/v2\/types\/post"}],"author":[{"embeddable":true,"href":"https:\/\/cdnoticias.com\/index.php\/wp-json\/wp\/v2\/users\/4"}],"replies":[{"embeddable":true,"href":"https:\/\/cdnoticias.com\/index.php\/wp-json\/wp\/v2\/comments?post=126908"}],"version-history":[{"count":0,"href":"https:\/\/cdnoticias.com\/index.php\/wp-json\/wp\/v2\/posts\/126908\/revisions"}],"wp:featuredmedia":[{"embeddable":true,"href":"https:\/\/cdnoticias.com\/index.php\/wp-json\/wp\/v2\/media\/126909"}],"wp:attachment":[{"href":"https:\/\/cdnoticias.com\/index.php\/wp-json\/wp\/v2\/media?parent=126908"}],"wp:term":[{"taxonomy":"category","embeddable":true,"href":"https:\/\/cdnoticias.com\/index.php\/wp-json\/wp\/v2\/categories?post=126908"},{"taxonomy":"post_tag","embeddable":true,"href":"https:\/\/cdnoticias.com\/index.php\/wp-json\/wp\/v2\/tags?post=126908"}],"curies":[{"name":"wp","href":"https:\/\/api.w.org\/{rel}","templated":true}]}}