{"id":126844,"date":"2024-10-02T08:37:08","date_gmt":"2024-10-02T11:37:08","guid":{"rendered":"https:\/\/cdnoticias.com\/?p=126844"},"modified":"2024-10-02T10:31:03","modified_gmt":"2024-10-02T13:31:03","slug":"cambio-en-la-forma-de-votar-el-congreso-aprobo-la-boleta-unica-de-papel","status":"publish","type":"post","link":"https:\/\/cdnoticias.com\/index.php\/2024\/10\/02\/cambio-en-la-forma-de-votar-el-congreso-aprobo-la-boleta-unica-de-papel\/","title":{"rendered":"Cambio en la forma de votar: el Congreso aprob\u00f3 la boleta \u00fanica de papel"},"content":{"rendered":"<p>Se usar\u00e1 en las pr\u00f3ximas elecciones para los cargos nacionales. Tuvo el apoyo de una amplia mayor\u00eda tras un acuerdo entre el oficialismo, Pro, la Coalici\u00f3n C\u00edvica y la UCR. El modelo que se usar\u00e1.<!--more--><\/p>\n<hr \/>\n<p>La <strong>C\u00e1mara de Diputados sancion\u00f3<\/strong> este mi\u00e9rcoles <strong>un cambio de fondo en el sistema electoral<\/strong>: la <strong>implementaci\u00f3n de la boleta \u00fanica papel (BUP)<\/strong> para elegir <strong>cargos nacionales<\/strong> -es decir, presidente, vice, y legisladores del Congreso Nacional- a partir de las pr\u00f3ximas elecciones. Se aprob\u00f3 por <strong>143 votos afirmativos, 87 rechazos y cinco abstenciones<\/strong>. Fue acompa\u00f1ado por el oficialismo, la UCR, Pro y la Coalici\u00f3n C\u00edvica (CC).<\/p>\n<blockquote><p>El punto principal de esta reforma es la eliminaci\u00f3n de la actual papeleta partidaria \u2013que distribuye y cuida cada espacio pol\u00edtico\u2013 para adoptar una \u00fanica boleta que aglutine toda la oferta electoral nacional. El modelo elegido es el que ya se aplica en la provincia de Mendoza, con los partidos en el orden vertical y los cargos en el horizontal. No se incluy\u00f3 la posibilidad de tildar boleta completa.<\/p><\/blockquote>\n<p>Un solo legislador de Uni\u00f3n por la Patria apoy\u00f3 la BUP: el juje\u00f1o Guillermo Snopek, que ya hab\u00eda presentado un proyecto propio al respecto cuando fue senador por su provincia.<\/p>\n<p><strong>Javier Milei<\/strong> querr\u00e1 hacer del cambio hist\u00f3rico un triunfo pol\u00edtico de su gesti\u00f3n, en medio de las turbulencias que atraviesa desde hace varias semanas. La Casa Rosada <strong>acord\u00f3 finalmente con el PRO, el radicalismo, la Coalici\u00f3n C\u00edvica, el espacio de Miguel Pichetto y las fuerzas provinciales aceptar la propuesta<\/strong> que gran parte de los gobernadores impusieron en la C\u00e1mara alta.<\/p>\n<p><img data-recalc-dims=\"1\" loading=\"lazy\" decoding=\"async\" class=\"size-full wp-image-126846 aligncenter\" src=\"https:\/\/i0.wp.com\/cdnoticias.com\/wp-content\/uploads\/2024\/10\/DIB-congreso-voto-boleta-unica-01.jpg?resize=800%2C450&#038;ssl=1\" alt=\"\" width=\"800\" height=\"450\" srcset=\"https:\/\/i0.wp.com\/cdnoticias.com\/wp-content\/uploads\/2024\/10\/DIB-congreso-voto-boleta-unica-01.jpg?w=1000&amp;ssl=1 1000w, https:\/\/i0.wp.com\/cdnoticias.com\/wp-content\/uploads\/2024\/10\/DIB-congreso-voto-boleta-unica-01.jpg?resize=300%2C169&amp;ssl=1 300w, https:\/\/i0.wp.com\/cdnoticias.com\/wp-content\/uploads\/2024\/10\/DIB-congreso-voto-boleta-unica-01.jpg?resize=768%2C432&amp;ssl=1 768w\" sizes=\"auto, (max-width: 800px) 100vw, 800px\" \/><\/p>\n<blockquote><p>La BUP que sancion\u00f3 el Congreso establece que desde los pr\u00f3ximos comicios \u2013en 2025 hay elecciones legislativas\u2013 cada votante recibir\u00e1 de manos de la autoridad de mesa una hoja con todos los candidatos de todos los sellos electorales juntos. All\u00ed se tendr\u00e1 que marcar con una lapicera qu\u00e9 candidato para cada cargo se elige.<\/p><\/blockquote>\n<p>El acuerdo parlamentario filo-oficialista contempl\u00f3 aceptar la votaci\u00f3n del Senado del 12 de septiembre pasado, pese a que all\u00ed fue modificado el texto original que Diputados hab\u00eda aprobado en 2022. <strong>Hubo una fuerte reticencia de los legisladores que responden a mandatarios provinciales<\/strong> que cuestionaban que si exist\u00eda un bot\u00f3n de lista completa, tendr\u00edan menos competitividad los sellos electorales que no presenten candidato a la Casa Rosada.<\/p>\n<p>La reforma sancionada plantea que <strong>es la C\u00e1mara Nacional Electoral la responsable de dise\u00f1ar las BUP<\/strong>; mientras que<strong> las Juntas Electorales Nacionales ser\u00e1n las encargadas de adaptar la boleta a la oferta electoral de cada distrito<\/strong>. En tanto, el Ministerio de Interior, a trav\u00e9s de la Direcci\u00f3n Nacional Electoral (DINE) es responsable de imprimir y distribuir las boletas. <em>Ya no ser\u00e1n m\u00e1s los partidos pol\u00edticos los encargados de reponer las tradicionales papeletas a medida que se acaben en los cuartos oscuros.<\/em><\/p>\n<p>La BUP contendr\u00e1 el <strong>nombre de la agrupaci\u00f3n pol\u00edtica<\/strong>; la sigla, s\u00edmbolo distintivo y el n\u00famero de identificaci\u00f3n de la agrupaci\u00f3n pol\u00edtica; la categor\u00eda de cargos a elegir. Aparecer\u00e1n todos los <strong>nombres y fotos de los postulantes<\/strong> \u2013presidente y vice, senadores, diputados y parlamentarios del Mercosur\u2013. Sin embargo, en las provincias que tienen que votar muchos diputados \u2013por ejemplo en Buenos Aires se eligen 35 bancas\u2013 el segmento para ese cargo legislativo solo contendr\u00e1 la identificaci\u00f3n de los 5 primeros candidatos y candidatas.<\/p>\n<p>Otra de las modificaciones que introdujo la C\u00e1mara alta tiene que ver con el <strong>calendario electoral: las PASO se adelantar\u00e1n del segundo al primer domingo de agosto<\/strong>. Adem\u00e1s, se pasa de 50 a 60 d\u00edas anteriores a la elecci\u00f3n el plazo para el cierre de las listas y de 40 a 45 d\u00edas para exhibir el dise\u00f1o de la boleta \u00fanica. La campa\u00f1a electoral comenzar\u00e1 60 d\u00edas antes de las elecciones. <strong>La justicia federal con competencia electoral y la Direcci\u00f3n Nacional Electoral har\u00e1n una campa\u00f1a de difusi\u00f3n y capacitaci\u00f3n p\u00fablica sobre el uso del sistema de BUP.<\/strong><\/p>\n<p><img data-recalc-dims=\"1\" loading=\"lazy\" decoding=\"async\" class=\"size-large wp-image-126845 aligncenter\" src=\"https:\/\/i0.wp.com\/cdnoticias.com\/wp-content\/uploads\/2024\/10\/DIB-boleta-unica-modelo.jpg?resize=800%2C252&#038;ssl=1\" alt=\"\" width=\"800\" height=\"252\" srcset=\"https:\/\/i0.wp.com\/cdnoticias.com\/wp-content\/uploads\/2024\/10\/DIB-boleta-unica-modelo.jpg?resize=1024%2C323&amp;ssl=1 1024w, https:\/\/i0.wp.com\/cdnoticias.com\/wp-content\/uploads\/2024\/10\/DIB-boleta-unica-modelo.jpg?resize=300%2C95&amp;ssl=1 300w, https:\/\/i0.wp.com\/cdnoticias.com\/wp-content\/uploads\/2024\/10\/DIB-boleta-unica-modelo.jpg?resize=768%2C242&amp;ssl=1 768w, https:\/\/i0.wp.com\/cdnoticias.com\/wp-content\/uploads\/2024\/10\/DIB-boleta-unica-modelo.jpg?w=1525&amp;ssl=1 1525w\" sizes=\"auto, (max-width: 800px) 100vw, 800px\" \/><\/p>\n<p>El debate por la BUP estuvo cruzado por un <strong>fuerte cuestionamiento de los libertarios y la oposici\u00f3n blanda contra Uni\u00f3n por la Patria<\/strong>. Fundamentalmente los patrocinadores del nuevo sistema de sufragio acusaron el hist\u00f3rico rechazo del peronismo-kirchnerismo a cambiar las reglas de juego, amen de conservar la herramienta muy ligada al clientelismo y el robo de boletas. <strong>Desde el kirchnerismo negaron las acusaciones y se\u00f1alaron que la flamante papeleta \u00fanica atenta contra la democracia.<\/strong><\/p>\n<blockquote><p>\u201cLes preocupa porque disminuye el peso del dinero en la contienda electoral\u201d, cuestion\u00f3 la macrista Silvia Lospennato, que se\u00f1al\u00f3 que la resistencia peronista ya llevaba 17 a\u00f1os. \u201cHabr\u00e1 boleta \u00fanica en la Argentina porque una mayor\u00eda multipartidaria logr\u00f3 privilegiar lo que tenemos en com\u00fan frente a lo que nos diferencia, pero estos cambios solo los consolida el tiempo y los ciudadanos\u201d, defendi\u00f3 la legisladora que impuls\u00f3 en su momento una reforma que ahora se concret\u00f3, y manifest\u00f3: \u201cHay dos verdades que los polit\u00f3logos conocemos respecto al sistema electoral, la primera es que no hay reformas neutras y la segunda que ning\u00fan sistema por m\u00e1s ama\u00f1ado que sea si se garantizan elecciones libres puede contra la voluntad popular\u201d.<\/p><\/blockquote>\n<p>Las huestes peronistas lanzaron varias l\u00edneas discursivas para evitar una derrota que ya estaba cantada de antemano. <strong>\u201cLo que funciona bien lo estamos queriendo cambiar por una tilinguer\u00eda. Esto no es una demanda ciudadana, como s\u00ed lo son las jubilaciones dignas, los salarios, la educaci\u00f3n p\u00fablica\u201d, lament\u00f3 en UP Eduardo Vald\u00e9s<\/strong>. \u201cNosotros nunca denunciamos fraude, nos bancamos los resultados electorales como corresponde. Incluso cuando (Daniel) Scioli perdi\u00f3 con (Mauricio) Macri con una m\u00ednima diferencia\u201d, record\u00f3 el diputado, que <strong>vaticin\u00f3 que el nuevo sistema va a costar cinco veces m\u00e1s que el actual.<\/strong><\/p>\n<p>Por su parte,<strong> Victoria Tolosa Paz pronostic\u00f3 que el nuevo sistema electoral \u201cva a aumentar el voto en blanco y el nulo\u201d<\/strong>. Advirti\u00f3 que esta reforma \u201cva a complejizar la elecci\u00f3n del elector, dejando un aumento de votos que no son la preferencia del elector en la categor\u00eda gobernador, senador, diputados nacionales y provinciales\u201d.<\/p>\n<p>Pese al amplio apoyo de la oposici\u00f3n autollamada dialoguista, hubo quienes aprobaron la iniciativa que quedaron un tanto disconforme. <strong>La vicejefa del bloque radical, Karina Banfi, plante\u00f3 su queja por la falta del casillero de lista completa<\/strong>, que fue la condici\u00f3n de los gobernadores para acompa\u00f1ar finalmente el voto a favor. <strong>Anunci\u00f3 que presentar\u00e1 un proyecto de ley \u201cal d\u00eda siguiente\u201d de que la BUP sea reglamentada para sumar ese bot\u00f3n<\/strong>: \u201cVotar no es solo un derecho, es nuestro poder\u2026 el poder que le damos a las personas para decidir sobre nuestras vidas\u201d, justific\u00f3. Diputados de otras fuerzas como Juan Br\u00fcgge y Margarita Stolbizer coincidieron con el radicalismo en impulsar en el futuro esa incorporaci\u00f3n.<\/p>\n<p>Fuente y fotos: <em>Agencia DIB<\/em><\/p>\n","protected":false},"excerpt":{"rendered":"<p>Se usar\u00e1 en las pr\u00f3ximas elecciones para los cargos nacionales. Tuvo el apoyo de una amplia mayor\u00eda tras un acuerdo<\/p>\n","protected":false},"author":4,"featured_media":126847,"comment_status":"closed","ping_status":"closed","sticky":false,"template":"","format":"standard","meta":{"_jetpack_memberships_contains_paid_content":false,"footnotes":""},"categories":[6,1],"tags":[],"class_list":["post-126844","post","type-post","status-publish","format-standard","has-post-thumbnail","hentry","category-nacionales","category-portada"],"jetpack_featured_media_url":"https:\/\/i0.wp.com\/cdnoticias.com\/wp-content\/uploads\/2024\/10\/DIB-congreso-voto-boleta-unica-00.jpg?fit=800%2C445&ssl=1","jetpack_sharing_enabled":true,"_links":{"self":[{"href":"https:\/\/cdnoticias.com\/index.php\/wp-json\/wp\/v2\/posts\/126844","targetHints":{"allow":["GET"]}}],"collection":[{"href":"https:\/\/cdnoticias.com\/index.php\/wp-json\/wp\/v2\/posts"}],"about":[{"href":"https:\/\/cdnoticias.com\/index.php\/wp-json\/wp\/v2\/types\/post"}],"author":[{"embeddable":true,"href":"https:\/\/cdnoticias.com\/index.php\/wp-json\/wp\/v2\/users\/4"}],"replies":[{"embeddable":true,"href":"https:\/\/cdnoticias.com\/index.php\/wp-json\/wp\/v2\/comments?post=126844"}],"version-history":[{"count":0,"href":"https:\/\/cdnoticias.com\/index.php\/wp-json\/wp\/v2\/posts\/126844\/revisions"}],"wp:featuredmedia":[{"embeddable":true,"href":"https:\/\/cdnoticias.com\/index.php\/wp-json\/wp\/v2\/media\/126847"}],"wp:attachment":[{"href":"https:\/\/cdnoticias.com\/index.php\/wp-json\/wp\/v2\/media?parent=126844"}],"wp:term":[{"taxonomy":"category","embeddable":true,"href":"https:\/\/cdnoticias.com\/index.php\/wp-json\/wp\/v2\/categories?post=126844"},{"taxonomy":"post_tag","embeddable":true,"href":"https:\/\/cdnoticias.com\/index.php\/wp-json\/wp\/v2\/tags?post=126844"}],"curies":[{"name":"wp","href":"https:\/\/api.w.org\/{rel}","templated":true}]}}