{"id":126764,"date":"2024-10-01T14:58:20","date_gmt":"2024-10-01T17:58:20","guid":{"rendered":"https:\/\/cdnoticias.com\/?p=126764"},"modified":"2024-10-01T14:58:22","modified_gmt":"2024-10-01T17:58:22","slug":"foro-olavarria-frente-renovador-acompana-la-marcha-federal-universitaria-en-olavarria","status":"publish","type":"post","link":"https:\/\/cdnoticias.com\/index.php\/2024\/10\/01\/foro-olavarria-frente-renovador-acompana-la-marcha-federal-universitaria-en-olavarria\/","title":{"rendered":"Foro Olavarr\u00eda &#8211; Frente Renovador acompa\u00f1a la Marcha Federal Universitaria en Olavarr\u00eda"},"content":{"rendered":"<p>Desde el Foro Olavarr\u00eda &#8211; Frente Renovador, espacio que conduce Eduardo Rodr\u00edguez, manifestaron su apoyo y acompa\u00f1amiento a la Marcha Federal Universitaria convocada para el pr\u00f3ximo mi\u00e9rcoles 2 de octubre.<!--more--><\/p>\n<hr \/>\n<p>Este <strong>mi\u00e9rcoles 2 de octubre<\/strong> se llevar\u00e1 a cabo en todo el pa\u00eds la <strong>Marcha Federal Universitaria<\/strong> en<strong> rechazo al veto de la Ley de Financiamiento Universitario<\/strong> que <a href=\"https:\/\/cdnoticias.com\/index.php\/2024\/09\/13\/veto-total-milei-ya-definio-que-hara-con-la-ley-de-financiamiento-universitario\/\" target=\"_blank\" rel=\"noopener\">busca el presidente Javier Milei<\/a>. En nuestra ciudad, <strong>la movilizaci\u00f3n tendr\u00e1 su punto de concentraci\u00f3n en la Facultad de Ciencias de la Salud<\/strong> (av. Pringles y Grimaldi) a las 17 horas, <a href=\"https:\/\/cdnoticias.com\/index.php\/2024\/10\/01\/la-unicen-convoco-a-la-segunda-marcha-federal-universitaria-en-olavarria\/\" target=\"_blank\" rel=\"noopener\">tal como se anunci\u00f3 este martes<\/a>.<\/p>\n<blockquote><p>&#8220;Apoyamos esta movilizaci\u00f3n porque entendemos que la educaci\u00f3n es un derecho fundamental y un pilar del futuro de nuestra naci\u00f3n. El presidente Javier Milei busca un veto a la ley de financiamiento universitario que atenta contra los derechos de los estudiantes, docentes e investigadores, poniendo en riesgo el desarrollo cient\u00edfico y acad\u00e9mico del pa\u00eds&#8221;, afirmaron desde el Foro Olavarr\u00eda &#8211; Frente Renovador.<\/p><\/blockquote>\n<p>La marcha, que concentrar\u00e1 a representantes de distintos sectores, estudiantes, docentes y autoridades universitarias, exige <strong>salarios dignos para los trabajadores<\/strong> de la educaci\u00f3n superior, actualizaci\u00f3n y mejoras en las <strong>becas estudiantiles<\/strong>, esenciales para garantizar el <strong>acceso a la educaci\u00f3n de miles de j\u00f3venes<\/strong>, y el fomento y garant\u00eda de la<strong> investigaci\u00f3n cient\u00edfica<\/strong>, pieza fundamental para el desarrollo del pa\u00eds.<\/p>\n<p>El <em>Foro Olavarr\u00eda &#8211; Frente Renovador invit\u00f3 &#8220;a toda la comunidad a sumarse a esta jornada<\/em> en defensa de la educaci\u00f3n y a exigir que se respeten las conquistas hist\u00f3ricas que han garantizado una universidad p\u00fablica, con autonom\u00eda y autarqu\u00eda financiera&#8221;.<\/p>\n","protected":false},"excerpt":{"rendered":"<p>Desde el Foro Olavarr\u00eda &#8211; Frente Renovador, espacio que conduce Eduardo Rodr\u00edguez, manifestaron su apoyo y acompa\u00f1amiento a la Marcha<\/p>\n","protected":false},"author":4,"featured_media":75539,"comment_status":"closed","ping_status":"closed","sticky":false,"template":"","format":"standard","meta":{"_jetpack_memberships_contains_paid_content":false,"footnotes":""},"categories":[4,1],"tags":[],"class_list":["post-126764","post","type-post","status-publish","format-standard","has-post-thumbnail","hentry","category-politica","category-portada"],"jetpack_featured_media_url":"https:\/\/i0.wp.com\/cdnoticias.com\/wp-content\/uploads\/2023\/01\/foro-olavarria-frente-renovador.jpg?fit=843%2C468&ssl=1","jetpack_sharing_enabled":true,"_links":{"self":[{"href":"https:\/\/cdnoticias.com\/index.php\/wp-json\/wp\/v2\/posts\/126764","targetHints":{"allow":["GET"]}}],"collection":[{"href":"https:\/\/cdnoticias.com\/index.php\/wp-json\/wp\/v2\/posts"}],"about":[{"href":"https:\/\/cdnoticias.com\/index.php\/wp-json\/wp\/v2\/types\/post"}],"author":[{"embeddable":true,"href":"https:\/\/cdnoticias.com\/index.php\/wp-json\/wp\/v2\/users\/4"}],"replies":[{"embeddable":true,"href":"https:\/\/cdnoticias.com\/index.php\/wp-json\/wp\/v2\/comments?post=126764"}],"version-history":[{"count":0,"href":"https:\/\/cdnoticias.com\/index.php\/wp-json\/wp\/v2\/posts\/126764\/revisions"}],"wp:featuredmedia":[{"embeddable":true,"href":"https:\/\/cdnoticias.com\/index.php\/wp-json\/wp\/v2\/media\/75539"}],"wp:attachment":[{"href":"https:\/\/cdnoticias.com\/index.php\/wp-json\/wp\/v2\/media?parent=126764"}],"wp:term":[{"taxonomy":"category","embeddable":true,"href":"https:\/\/cdnoticias.com\/index.php\/wp-json\/wp\/v2\/categories?post=126764"},{"taxonomy":"post_tag","embeddable":true,"href":"https:\/\/cdnoticias.com\/index.php\/wp-json\/wp\/v2\/tags?post=126764"}],"curies":[{"name":"wp","href":"https:\/\/api.w.org\/{rel}","templated":true}]}}