{"id":126728,"date":"2024-09-30T18:30:39","date_gmt":"2024-09-30T21:30:39","guid":{"rendered":"https:\/\/cdnoticias.com\/?p=126728"},"modified":"2024-09-30T18:30:41","modified_gmt":"2024-09-30T21:30:41","slug":"acto-protocolar-por-el-75-aniversario-de-bomberos-voluntarios","status":"publish","type":"post","link":"https:\/\/cdnoticias.com\/index.php\/2024\/09\/30\/acto-protocolar-por-el-75-aniversario-de-bomberos-voluntarios\/","title":{"rendered":"Acto protocolar por el 75\u00b0 aniversario de Bomberos Voluntarios"},"content":{"rendered":"\n<p>Ser\u00e1 este mi\u00e9rcoles 2 de octubre en las instalaciones del Cuartel Central. Se har\u00e1 entrega de distinciones y se dar\u00e1n a conocer proyectos importantes para Bomberos.<\/p>\n\n\n\n<hr class=\"wp-block-separator aligncenter has-alpha-channel-opacity\"\/>\n\n\n\n<p>El <strong>mi\u00e9rcoles 2 de octubre<\/strong> la <strong>Asociaci\u00f3n de Bomberos Voluntarios de Olavarr\u00eda<\/strong> celebrar\u00e1 su <strong>septuag\u00e9simo quinto aniversario.<\/strong><\/p>\n\n\n\n<p><\/p>\n\n\n\n<p>En ese sentido, autoridades, bomberos, bomberas y familiares se reunir\u00e1n en lo que ser\u00e1 el acto protocolar para conmemorar este nuevo aniversario.<\/p>\n\n\n\n<p><\/p>\n\n\n\n<p>El acto comenzar\u00e1 a las 20:30 horas en el Cuartel Central donde <strong>se realizar\u00e1n distinciones<\/strong> as\u00ed como tambi\u00e9n s<strong>e dar\u00e1n a conocer nuevos e importantes proyectos para Bomberos.<\/strong> M\u00e1s tarde, se pasar\u00e1 a disfrutar de una cena entre los presentes.<\/p>\n\n\n\n<p><\/p>\n\n\n\n<p>Por \u00faltimo, se indic\u00f3 que \u201c<em>esto ser\u00e1 el pre\u00e1mbulo para el acto oficial que tendr\u00e1 lugar el pr\u00f3ximo 5 de octubre, con un despliegue \u00fanico para hacerle honor a la fecha\u201d.<\/em><\/p>\n","protected":false},"excerpt":{"rendered":"<p>Ser\u00e1 este mi\u00e9rcoles 2 de octubre en las instalaciones del Cuartel Central. Se har\u00e1 entrega de distinciones y se dar\u00e1n<\/p>\n","protected":false},"author":6,"featured_media":4752,"comment_status":"closed","ping_status":"closed","sticky":false,"template":"","format":"standard","meta":{"_jetpack_memberships_contains_paid_content":false,"footnotes":""},"categories":[5,1],"tags":[],"class_list":["post-126728","post","type-post","status-publish","format-standard","has-post-thumbnail","hentry","category-informacion-general","category-portada"],"jetpack_featured_media_url":"https:\/\/i0.wp.com\/cdnoticias.com\/wp-content\/uploads\/2020\/10\/bomberosvoluntarios01.jpg?fit=4608%2C3072&ssl=1","jetpack_sharing_enabled":true,"_links":{"self":[{"href":"https:\/\/cdnoticias.com\/index.php\/wp-json\/wp\/v2\/posts\/126728","targetHints":{"allow":["GET"]}}],"collection":[{"href":"https:\/\/cdnoticias.com\/index.php\/wp-json\/wp\/v2\/posts"}],"about":[{"href":"https:\/\/cdnoticias.com\/index.php\/wp-json\/wp\/v2\/types\/post"}],"author":[{"embeddable":true,"href":"https:\/\/cdnoticias.com\/index.php\/wp-json\/wp\/v2\/users\/6"}],"replies":[{"embeddable":true,"href":"https:\/\/cdnoticias.com\/index.php\/wp-json\/wp\/v2\/comments?post=126728"}],"version-history":[{"count":0,"href":"https:\/\/cdnoticias.com\/index.php\/wp-json\/wp\/v2\/posts\/126728\/revisions"}],"wp:featuredmedia":[{"embeddable":true,"href":"https:\/\/cdnoticias.com\/index.php\/wp-json\/wp\/v2\/media\/4752"}],"wp:attachment":[{"href":"https:\/\/cdnoticias.com\/index.php\/wp-json\/wp\/v2\/media?parent=126728"}],"wp:term":[{"taxonomy":"category","embeddable":true,"href":"https:\/\/cdnoticias.com\/index.php\/wp-json\/wp\/v2\/categories?post=126728"},{"taxonomy":"post_tag","embeddable":true,"href":"https:\/\/cdnoticias.com\/index.php\/wp-json\/wp\/v2\/tags?post=126728"}],"curies":[{"name":"wp","href":"https:\/\/api.w.org\/{rel}","templated":true}]}}