{"id":126718,"date":"2024-10-22T08:29:48","date_gmt":"2024-10-22T11:29:48","guid":{"rendered":"https:\/\/cdnoticias.com\/?p=126718"},"modified":"2024-10-22T10:01:38","modified_gmt":"2024-10-22T13:01:38","slug":"energias-renovables-el-aula-movil-de-ypf-estara-en-olavarria","status":"publish","type":"post","link":"https:\/\/cdnoticias.com\/index.php\/2024\/10\/22\/energias-renovables-el-aula-movil-de-ypf-estara-en-olavarria\/","title":{"rendered":"Energ\u00edas renovables: el Aula M\u00f3vil de YPF estar\u00e1 en Olavarr\u00eda"},"content":{"rendered":"<p>La empresa inform\u00f3 el recorrido previsto para octubre: el 23 y 24 llegar\u00e1 a Olavarr\u00eda. El aula m\u00f3vil busca concientizar sobre la importancia de la transici\u00f3n energ\u00e9tica. Taller de formaci\u00f3n en energ\u00edas renovables para estudiantes del \u00faltimo a\u00f1o de secundaria.<!--more--><\/p>\n<hr \/>\n<p>El <strong>aula m\u00f3vil de Fundaci\u00f3n YPF<\/strong> contin\u00faa su recorrido por el pa\u00eds con una<strong> propuesta educativa, innovadora, gratuita y abierta<\/strong> para todas las comunidades.<\/p>\n<blockquote><p>Junto a YPF Luz, el aula de energ\u00edas renovables recorrer\u00e1 distintos puntos a lo largo del mes y se incluy\u00f3 Olavarr\u00eda: estar\u00e1 en el parque e\u00f3lico en construcci\u00f3n ubicado en Cementos Avellaneda.<\/p><\/blockquote>\n<ul>\n<li>Del 1 al 3 de octubre lleg\u00f3 a San Juan, con talleres de energ\u00edas renovables y divulgaci\u00f3n en escuelas. Como parte del recorrido, en la primera fecha estuvo en Rodeo, departamento de Iglesia, donde se ubica el Parque Solar Zonda.<\/li>\n<\/ul>\n<ul>\n<li>El 8 de octubre estuvo en El Bracho, donde est\u00e1 el Complejo Generaci\u00f3n Tucum\u00e1n. El 9 y 10 se traslad\u00f3 a Tucum\u00e1n, al Centro de Innovaci\u00f3n CIIDEPT.<\/li>\n<\/ul>\n<ul>\n<li><strong>23 y 24 de octubre<\/strong> visitar\u00e1 la localidad de Olavarr\u00eda donde se ubica el <strong><a href=\"https:\/\/cdnoticias.com\/index.php\/2024\/04\/26\/ypf-luz-y-cementos-avellaneda-construiran-un-parque-eolico-en-olavarria\/\" target=\"_blank\" rel=\"noopener\">parque e\u00f3lico CASA<\/a> (Cementos Avellaneda S.A.), proyecto de YPF Luz en construcci\u00f3n.<\/strong><\/li>\n<\/ul>\n<ul>\n<li>5 y 6 de noviembre estar\u00e1 en la localidad de General Levalle, C\u00f3rdoba, donde se encuentra el parque e\u00f3lico m\u00e1s grande de Argentina, que se inaugurar\u00e1 a finales de este a\u00f1o.<\/li>\n<\/ul>\n<p><img data-recalc-dims=\"1\" loading=\"lazy\" decoding=\"async\" class=\"size-full wp-image-126721 aligncenter\" src=\"https:\/\/i0.wp.com\/cdnoticias.com\/wp-content\/uploads\/2024\/09\/aula-movil-YPF-01.jpg?resize=800%2C445&#038;ssl=1\" alt=\"\" width=\"800\" height=\"445\" srcset=\"https:\/\/i0.wp.com\/cdnoticias.com\/wp-content\/uploads\/2024\/09\/aula-movil-YPF-01.jpg?w=800&amp;ssl=1 800w, https:\/\/i0.wp.com\/cdnoticias.com\/wp-content\/uploads\/2024\/09\/aula-movil-YPF-01.jpg?resize=300%2C167&amp;ssl=1 300w, https:\/\/i0.wp.com\/cdnoticias.com\/wp-content\/uploads\/2024\/09\/aula-movil-YPF-01.jpg?resize=768%2C427&amp;ssl=1 768w\" sizes=\"auto, (max-width: 800px) 100vw, 800px\" \/><\/p>\n<p>El aula m\u00f3vil busca <strong>concientizar sobre la importancia de la transici\u00f3n energ\u00e9tica<\/strong> y la oportunidad de <strong>alcanzar una matriz energ\u00e9tica m\u00e1s limpia y sostenible<\/strong>. Es un espacio tecnol\u00f3gico que cuenta con un muro interactivo de contenidos sobre la transici\u00f3n, adem\u00e1s de videojuegos y realidad aumentada donde los estudiantes aprenden <strong>c\u00f3mo se genera la energ\u00eda, qu\u00e9 consumo energ\u00e9tico tiene una casa y consejos para reducir el consumo.<\/strong><\/p>\n<p>A su vez, se realiza un<strong> taller de formaci\u00f3n en energ\u00edas renovables para estudiantes del \u00faltimo a\u00f1o de secundaria<\/strong>. Se tratan diferentes temas relacionados a la transici\u00f3n energ\u00e9tica, la generaci\u00f3n distribuida y las energ\u00edas renovables seg\u00fan el recurso en la zona de influencia. En el taller, los participantes<em> interact\u00faan con equipamiento de energ\u00eda solar t\u00e9rmica, fotovoltaica y e\u00f3lica de baja potencia.<\/em><\/p>\n<p><img data-recalc-dims=\"1\" loading=\"lazy\" decoding=\"async\" class=\"size-full wp-image-126720 aligncenter\" src=\"https:\/\/i0.wp.com\/cdnoticias.com\/wp-content\/uploads\/2024\/09\/aula-movil-YPF-02.jpg?resize=800%2C444&#038;ssl=1\" alt=\"\" width=\"800\" height=\"444\" srcset=\"https:\/\/i0.wp.com\/cdnoticias.com\/wp-content\/uploads\/2024\/09\/aula-movil-YPF-02.jpg?w=800&amp;ssl=1 800w, https:\/\/i0.wp.com\/cdnoticias.com\/wp-content\/uploads\/2024\/09\/aula-movil-YPF-02.jpg?resize=300%2C167&amp;ssl=1 300w, https:\/\/i0.wp.com\/cdnoticias.com\/wp-content\/uploads\/2024\/09\/aula-movil-YPF-02.jpg?resize=768%2C426&amp;ssl=1 768w\" sizes=\"auto, (max-width: 800px) 100vw, 800px\" \/><\/p>\n<p>YPF Luz acompa\u00f1a el trabajo de Fundaci\u00f3n YPF con estas actividades de formaci\u00f3n y divulgaci\u00f3n, donde colaboradores y especialistas comparten sus conocimientos en los seminarios para educaci\u00f3n secundaria, t\u00e9cnica, universitaria y p\u00fablico en general. Estas acciones forman parte del plan de inversi\u00f3n social de YPF Luz.<\/p>\n<p><strong>Durante 2024, el aula m\u00f3vil de energ\u00edas renovables ya recorri\u00f3 16 localidades<\/strong> y participaron en las actividades educativas del programa m\u00e1s de 9.400 personas. Por <em>consultas sobre el cronograma de actividades<\/em>, pueden comunicarse a <em>sugerenciasypfluz@ypf.com.<\/em><\/p>\n<blockquote class=\"wp-embedded-content\" data-secret=\"9pZmKvg0pT\"><p><a href=\"https:\/\/cdnoticias.com\/index.php\/2024\/04\/26\/ypf-luz-y-cementos-avellaneda-construiran-un-parque-eolico-en-olavarria\/\">YPF Luz y Cementos Avellaneda construir\u00e1n un Parque E\u00f3lico en Olavarr\u00eda<\/a><\/p><\/blockquote>\n<p><iframe loading=\"lazy\" class=\"wp-embedded-content\" sandbox=\"allow-scripts\" security=\"restricted\" style=\"position: absolute; visibility: hidden;\" title=\"&#8220;YPF Luz y Cementos Avellaneda construir\u00e1n un Parque E\u00f3lico en Olavarr\u00eda&#8221; &#8212; Central de Noticias | Olavarr\u00eda\" src=\"https:\/\/cdnoticias.com\/index.php\/2024\/04\/26\/ypf-luz-y-cementos-avellaneda-construiran-un-parque-eolico-en-olavarria\/embed\/#?secret=iYjaTKtK58#?secret=9pZmKvg0pT\" data-secret=\"9pZmKvg0pT\" width=\"600\" height=\"338\" frameborder=\"0\" marginwidth=\"0\" marginheight=\"0\" scrolling=\"no\"><\/iframe><\/p>\n","protected":false},"excerpt":{"rendered":"<p>La empresa inform\u00f3 el recorrido previsto para octubre: el 23 y 24 llegar\u00e1 a Olavarr\u00eda. El aula m\u00f3vil busca concientizar<\/p>\n","protected":false},"author":4,"featured_media":126719,"comment_status":"closed","ping_status":"closed","sticky":false,"template":"","format":"standard","meta":{"_jetpack_memberships_contains_paid_content":false,"footnotes":""},"categories":[5,1],"tags":[],"class_list":["post-126718","post","type-post","status-publish","format-standard","has-post-thumbnail","hentry","category-informacion-general","category-portada"],"jetpack_featured_media_url":"https:\/\/i0.wp.com\/cdnoticias.com\/wp-content\/uploads\/2024\/09\/aula-movil-YPF-00.jpg?fit=800%2C445&ssl=1","jetpack_sharing_enabled":true,"_links":{"self":[{"href":"https:\/\/cdnoticias.com\/index.php\/wp-json\/wp\/v2\/posts\/126718","targetHints":{"allow":["GET"]}}],"collection":[{"href":"https:\/\/cdnoticias.com\/index.php\/wp-json\/wp\/v2\/posts"}],"about":[{"href":"https:\/\/cdnoticias.com\/index.php\/wp-json\/wp\/v2\/types\/post"}],"author":[{"embeddable":true,"href":"https:\/\/cdnoticias.com\/index.php\/wp-json\/wp\/v2\/users\/4"}],"replies":[{"embeddable":true,"href":"https:\/\/cdnoticias.com\/index.php\/wp-json\/wp\/v2\/comments?post=126718"}],"version-history":[{"count":0,"href":"https:\/\/cdnoticias.com\/index.php\/wp-json\/wp\/v2\/posts\/126718\/revisions"}],"wp:featuredmedia":[{"embeddable":true,"href":"https:\/\/cdnoticias.com\/index.php\/wp-json\/wp\/v2\/media\/126719"}],"wp:attachment":[{"href":"https:\/\/cdnoticias.com\/index.php\/wp-json\/wp\/v2\/media?parent=126718"}],"wp:term":[{"taxonomy":"category","embeddable":true,"href":"https:\/\/cdnoticias.com\/index.php\/wp-json\/wp\/v2\/categories?post=126718"},{"taxonomy":"post_tag","embeddable":true,"href":"https:\/\/cdnoticias.com\/index.php\/wp-json\/wp\/v2\/tags?post=126718"}],"curies":[{"name":"wp","href":"https:\/\/api.w.org\/{rel}","templated":true}]}}