{"id":126709,"date":"2024-09-30T14:25:39","date_gmt":"2024-09-30T17:25:39","guid":{"rendered":"https:\/\/cdnoticias.com\/?p=126709"},"modified":"2024-09-30T14:25:41","modified_gmt":"2024-09-30T17:25:41","slug":"nueva-edicion-del-festival-de-jazz-en-olavarria","status":"publish","type":"post","link":"https:\/\/cdnoticias.com\/index.php\/2024\/09\/30\/nueva-edicion-del-festival-de-jazz-en-olavarria\/","title":{"rendered":"Nueva edici\u00f3n del Festival de Jazz en Olavarr\u00eda"},"content":{"rendered":"\n<p>Ser\u00e1 el pr\u00f3ximo 18 y 19 de octubre por la noche, en el Teatro Municipal, con entrada libre y gratuita. Qu\u00e9 artistas participar\u00e1n.<\/p>\n\n\n\n<hr class=\"wp-block-separator aligncenter has-alpha-channel-opacity\"\/>\n\n\n\n<p>Llega una nueva edici\u00f3n del <strong>Festival de Jazz de Olavarr\u00eda organizado de manera conjunta por la Municipalidad de Olavarr\u00eda y el Centro Cultural Itinerante \u201cCultura Colgante\u201d, con el apoyo del Instituto Cultural de la Provincia de Buenos Aires.<\/strong><\/p>\n\n\n\n<p>Esta sexta edici\u00f3n se realizar\u00e1 los d\u00edas<strong> viernes 18 y s\u00e1bado 19 de octubre a las 21 horas, en el Teatro Municipal, con entrada libre y gratuita.<\/strong><\/p>\n\n\n\n<p>En estas jornadas el p\u00fablico de la ciudad y la zona tendr\u00e1n la oportunidad de disfrutar de lo mejor de la escena actual del jazz argentino.<\/p>\n\n\n\n<p>Este festival, oportunamente declarado de Inter\u00e9s Municipal y Provincial, ha tenido en su programaci\u00f3n <strong>m\u00fasicos de much\u00edsimo prestigio nacional e internacional, <\/strong>lo que ha transformado a este evento en una propuesta muy esperada.<\/p>\n\n\n\n<p class=\"has-large-font-size\">Programaci\u00f3n<\/p>\n\n\n\n<p class=\"has-medium-font-size\">Viernes 18 de octubre<\/p>\n\n\n\n<p><strong>21 horas<\/strong><\/p>\n\n\n\n<p>Juan Canosa Quinteto (C.A.B.A)<\/p>\n\n\n\n<p>Big Band Regional<\/p>\n\n\n\n<p class=\"has-medium-font-size\">S\u00e1bado 19 de octubre<\/p>\n\n\n\n<p><strong>21 horas<\/strong><\/p>\n\n\n\n<p>Los Yipsis (Olavarr\u00eda) \/ Actuaci\u00f3n en el hall de Teatro (20:00 horas)<\/p>\n\n\n\n<p>Tr\u00edo Dapine (Mar del Plata)<\/p>\n\n\n\n<p>Yamile Burich &amp; Jazz Lad<\/p>\n\n\n\n<p class=\"has-large-font-size\">Actividades complementarias<\/p>\n\n\n\n<p class=\"has-medium-font-size\">S\u00e1bado 19 de octubre<\/p>\n\n\n\n<p><strong>17 horas<\/strong><\/p>\n\n\n\n<p>Hall del Teatro Municipal<\/p>\n\n\n\n<p>&nbsp;Espacio de jazz y libros con Nicol\u00e1s Pasetti con la presentaci\u00f3n del \u201cNotas y Tonos\u201d de Art Taylor.<\/p>\n\n\n\n<p class=\"has-large-font-size\">Los artistas<\/p>\n\n\n\n<p><strong>Juan Canosa Quinteto<\/strong><\/p>\n\n\n\n<p>El Quinteto formado por: Sergio Wagner en trompeta, Dante Picca en piano, Leonel Cejas en contrabajo, Sergio Verdinelli en bater\u00eda y Juan Canosa en tromb\u00f3n y voz.&nbsp; Presentar\u00e1 en esta oportunidad una s\u00f3lida secci\u00f3n r\u00edtmica que genera una atm\u00f3sfera de sonido del Hard Bop de los 60\u2019s.<\/p>\n\n\n\n<p>Trombonista, compositor y arreglador Juan Canosa inici\u00f3 sus estudios en la Academia de M\u00fasica Municipal de Azul. Desde el 2004 se encuentra radicado en Buenos Aires y ha participado en m\u00e1s de cien discos como sesionista, es integrante entre otras de bandas como Cuatro Varas, La Grande, Mariano Otero Grupo, Juan Cruz De Urquiza, Ramiro Flores,entre muchos otros.<\/p>\n\n\n\n<p><strong>Big Band Regional<\/strong><\/p>\n\n\n\n<p>La orquesta de la Casa ser\u00e1 parte del 6to Festival de Jazz Olavarr\u00eda.<\/p>\n\n\n\n<p>En sus 3 a\u00f1os de trabaja y luego de colaborar con invitados internacionales entre los que podemos mencionar a Guillermo Klein (U.S.A), Ramiro Zayas (Alemania) y Elena Z\u00fa\u00f1iga Escobar (Costa Rica) desde el centro de la provincia de Buenos Aires, el grupo contiene los talentos de 18 m\u00fasicos de Olavarr\u00eda, Tandil, Azul, Tres Arroyos, Chaves. Ha llevado su m\u00fasica a m\u00e1s de 15 Ciudades. Realizando en 2022-2023 la Gira UNION presentando su primer disco de m\u00fasica Original titulado Uni\u00f3n.<\/p>\n\n\n\n<p>Para esta edici\u00f3n del Festival de Jazz de Olavarr\u00eda se ha seleccionado m\u00fasica representativa de varias etapas del jazz que estar\u00e1n orientadas al swing y la m\u00fasica de las grandes orquestas, as\u00ed como como parte del repertorio del jazz contempor\u00e1neo. Un concierto para disfrutar de la sonoridad de una agrupaci\u00f3n de esta dimensi\u00f3n.<\/p>\n\n\n\n<p><strong>Los Yipsis<\/strong><\/p>\n\n\n\n<p>Los Yipsis es una agrupaci\u00f3n dentro del estilo gypsy jazz, swing y jazz tradicional. Comenz\u00f3 en el a\u00f1o 2012 tocando en diferentes bares de la ciudad y la zona y a lo largo del tiempo y con algunos integrantes diferentes, se ha mantenido fiel al estilo y perdurando en el tiempo de la escena jazz\u00edstica local.<\/p>\n\n\n\n<p>Leonardo Ferreira da Silva y Gabriel Larraz \u2013 guitarras<\/p>\n\n\n\n<p>Nicolas de Martini \u2013 percusi\u00f3n<\/p>\n\n\n\n<p>Emilio Hurtado \u2013 bajo el\u00e9ctrico<\/p>\n\n\n\n<p><strong>Tr\u00edo Dapine<\/strong><\/p>\n\n\n\n<p>Tr\u00edo Dapine est\u00e1 integrado por Federico Viceconte en saxo, Nicolas Pasetti en contrabajo y Luciano Monte en bater\u00eda.<\/p>\n\n\n\n<p>Creado en 2010, y atravesado por m\u00faltiples influencias, el tr\u00edo navega a trav\u00e9s del fino equilibrio entre la improvisaci\u00f3n, composici\u00f3n, tradici\u00f3n e innovaci\u00f3n; combinando diversas formas de interpretaci\u00f3n, a trav\u00e9s de elementos pautados y libres. La improvisaci\u00f3n y el di\u00e1logo son el eje sobre el que se sustenta este trio.<\/p>\n\n\n\n<p><strong>Yamile Burich &amp; Jazz Ladies<\/strong><\/p>\n\n\n\n<p>El concierto contar\u00e1 con m\u00fasica original de la artista argentina, canciones de su \u00faltimo disco \u00abAgosto\u00bb y de toda su carrera art\u00edstica, tales como \u201cAlegr\u00eda\u201d, \u201cPlaza\u201d, \u201cNito\u201d, \u201cBlack Jack\u201d, entre otros. Yamile inici\u00f3 la formaci\u00f3n \u00edntegramente femenina de jazz desde hace 10 a\u00f1os, siendo la primera propuesta de esa \u00edndole en el pa\u00eds, y hasta el d\u00eda de hoy sigue vigente con el recorrido y participaci\u00f3n de diversas artistas.<\/p>\n\n\n\n<p>Saxofonista y compositora Argentina, Yamile Burich lleva editados diez discos solistas. Fue parte de importantes festivales nacionales e internacionales junto a sus proyectos. Sus discos \u201cAlegr\u00eda\u201d y \u201cBardo\u201d fueron nominados a los Premios Gardel en la categor\u00eda de jazz. Trabaj\u00f3 junto artistas como Abel Pintos, Ciro y los Persas, La Portuaria, entre otros.<\/p>\n\n\n\n<p>Conform\u00f3 el primer grupo de jazz de la Argentina conformado solo por mujeres en la historia del Pa\u00eds, creado por ella en 2014.<\/p>\n\n\n\n<p>Fue convocada para ser parte de la Experiencia Piazzolla 2020, junto al quinteto en el Konex. En 2021 toc\u00f3 junto al proyecto electr\u00f3nico Piazzolla en el Teatro Col\u00f3n.<\/p>\n\n\n\n<p>Yamile Burich saxo y direcci\u00f3n\/Paula Guill\u00e9n: Bater\u00eda\/ Victoria Scioli Piano\/ Maia Korosec contrabajo<\/p>\n\n\n\n<p>Espacio Jazz y Libros con Nicolas Pasetti \u2013 Presentaci\u00f3n del Libro Notas y Tonos de Art Taylor.<\/p>\n\n\n\n<p class=\"has-medium-font-size\">Presentaci\u00f3n de la colecci\u00f3n de libros de jazz editada por ECEM<\/p>\n\n\n\n<p><strong>La edici\u00f3n y traducci\u00f3n al espa\u00f1ol de libros fundamentales en la literatura del jazz, hasta ahora in\u00e9ditos en nuestra lengua, es una tarea fundamental para ampliar el acceso a este g\u00e9nero<\/strong>. Desde el inicio del proyecto se han traducido y editado: Talking Jazz de Ben Sidran, Free Jazz de Eckehard Jost, Miles por Miles de Maher y Dorr y el reciente Notas y Tonos de Art Taylor, que ofrecen perspectivas esenciales sobre la historia, sus protagonistas y la evoluci\u00f3n del jazz.<\/p>\n\n\n\n<p>Traducir estos textos no solo <strong>permite que m\u00e1s personas puedan tener acceso a este tipo de informaci\u00f3n antes in\u00e9dita, sino que tambi\u00e9n enriquece el di\u00e1logo cultural en torno al jazz, facilitando que m\u00fasicos, estudiantes y aficionados de todas las edades se conecten con su legado de manera m\u00e1s directa y profunda.<\/strong><\/p>\n\n\n\n<p>En la oportunidad, <strong>se recibir\u00e1 a Nicol\u00e1s Pasetti integrante de ECEM (Espacio Colectivo de Experiencias Musicales) quien relatar\u00e1 c\u00f3mo en conjunto con la Editorial Letra Sudaca se ha tomado la iniciativa de llevar a cabo estas traducciones<\/strong>, reconociendo la necesidad de ampliar el acceso a estas obras fundamentales.<\/p>\n","protected":false},"excerpt":{"rendered":"<p>Ser\u00e1 el pr\u00f3ximo 18 y 19 de octubre por la noche, en el Teatro Municipal, con entrada libre y gratuita.<\/p>\n","protected":false},"author":2,"featured_media":126710,"comment_status":"closed","ping_status":"closed","sticky":false,"template":"","format":"standard","meta":{"_jetpack_memberships_contains_paid_content":false,"footnotes":""},"categories":[9,1],"tags":[],"class_list":["post-126709","post","type-post","status-publish","format-standard","has-post-thumbnail","hentry","category-cultura","category-portada"],"jetpack_featured_media_url":"https:\/\/i0.wp.com\/cdnoticias.com\/wp-content\/uploads\/2024\/09\/festival-de-jazz-olavarria.jpg?fit=1024%2C681&ssl=1","jetpack_sharing_enabled":true,"_links":{"self":[{"href":"https:\/\/cdnoticias.com\/index.php\/wp-json\/wp\/v2\/posts\/126709","targetHints":{"allow":["GET"]}}],"collection":[{"href":"https:\/\/cdnoticias.com\/index.php\/wp-json\/wp\/v2\/posts"}],"about":[{"href":"https:\/\/cdnoticias.com\/index.php\/wp-json\/wp\/v2\/types\/post"}],"author":[{"embeddable":true,"href":"https:\/\/cdnoticias.com\/index.php\/wp-json\/wp\/v2\/users\/2"}],"replies":[{"embeddable":true,"href":"https:\/\/cdnoticias.com\/index.php\/wp-json\/wp\/v2\/comments?post=126709"}],"version-history":[{"count":0,"href":"https:\/\/cdnoticias.com\/index.php\/wp-json\/wp\/v2\/posts\/126709\/revisions"}],"wp:featuredmedia":[{"embeddable":true,"href":"https:\/\/cdnoticias.com\/index.php\/wp-json\/wp\/v2\/media\/126710"}],"wp:attachment":[{"href":"https:\/\/cdnoticias.com\/index.php\/wp-json\/wp\/v2\/media?parent=126709"}],"wp:term":[{"taxonomy":"category","embeddable":true,"href":"https:\/\/cdnoticias.com\/index.php\/wp-json\/wp\/v2\/categories?post=126709"},{"taxonomy":"post_tag","embeddable":true,"href":"https:\/\/cdnoticias.com\/index.php\/wp-json\/wp\/v2\/tags?post=126709"}],"curies":[{"name":"wp","href":"https:\/\/api.w.org\/{rel}","templated":true}]}}