{"id":126698,"date":"2024-09-30T13:43:12","date_gmt":"2024-09-30T16:43:12","guid":{"rendered":"https:\/\/cdnoticias.com\/?p=126698"},"modified":"2024-09-30T17:47:36","modified_gmt":"2024-09-30T20:47:36","slug":"suba-de-la-tarifa-de-agua-el-tratamiento-tiene-que-ser-urgente-no-solamente-rapido","status":"publish","type":"post","link":"https:\/\/cdnoticias.com\/index.php\/2024\/09\/30\/suba-de-la-tarifa-de-agua-el-tratamiento-tiene-que-ser-urgente-no-solamente-rapido\/","title":{"rendered":"Suba de la tarifa de agua: \u201cel tratamiento tiene que ser urgente, no solamente r\u00e1pido\u201d"},"content":{"rendered":"<p>Lo dijo Cruz Arouxet, presidente de Coopelectric, quien estuvo este lunes en el HCD donde la comisi\u00f3n de Hacienda analiz\u00f3 el pedido de suba tarifaria. Buscan un mecanismo de ajuste \u201ccada 3 o 4 meses\u201d.<!--more--><\/p>\n<hr \/>\n<p>Este lunes <strong>se reuni\u00f3 la comisi\u00f3n de Hacienda del HCD<\/strong> y recibi\u00f3 a los r<strong>epresentantes de Coopelectric<\/strong> quienes expusieron sobre el <strong>pedido de suba tarifaria de agua y cloacas<\/strong>. <strong>Central de Noticias<\/strong> habl\u00f3 con<strong> Cruz Arouxet, presidente del consejo de administraci\u00f3n de Coopelectric<\/strong>, al cierre de la reuni\u00f3n.<\/p>\n<p><strong>Coopelectric pidi\u00f3 en su proyecto 430% de suba y el Ejecutivo autoriz\u00f3 alrededor de 340% de incremento<\/strong> en obras sanitarias. Cabe recordar que en la <strong>audiencia p\u00fablica<\/strong>, celebrada en marzo, la cooperativa <a href=\"https:\/\/cdnoticias.com\/index.php\/2024\/03\/25\/audiencia-publica-por-la-tarifa-de-agua-solo-tres-oradores-y-coopelectric-pidio-292-de-suba\/\" target=\"_blank\" rel=\"noopener\">hab\u00eda expresado una solicitud de 292% de aumento tarifario<\/a>.<\/p>\n<blockquote><p>\u201cCreemos que el tratamiento tiene que ser urgente, no solamente r\u00e1pido porque la actualizaci\u00f3n tarifaria qued\u00f3 muy desfasado en la tarifa y eso va a repercutir en el mantenimiento. Por supuesto que es lo que la cooperativa no quiere, siempre hemos llevado un mantenimiento acorde y lo vamos a seguir haciendo, pero obviamente se necesita la tarifa correcta\u201d destac\u00f3 Arouxet.<\/p><\/blockquote>\n<blockquote class=\"instagram-media\" style=\"background: #FFF; border: 0; border-radius: 3px; box-shadow: 0 0 1px 0 rgba(0,0,0,0.5),0 1px 10px 0 rgba(0,0,0,0.15); margin: 1px; max-width: 540px; min-width: 326px; padding: 0; width: calc(100% - 2px);\" data-instgrm-permalink=\"https:\/\/www.instagram.com\/reel\/DAjF771vO6O\/?utm_source=ig_embed&amp;utm_campaign=loading\" data-instgrm-version=\"14\">\n<div style=\"padding: 16px;\">\n<div style=\"display: flex; flex-direction: row; align-items: center;\">\n<div style=\"background-color: #f4f4f4; border-radius: 50%; flex-grow: 0; height: 40px; margin-right: 14px; width: 40px;\"><\/div>\n<div style=\"display: flex; flex-direction: column; flex-grow: 1; justify-content: center;\">\n<div style=\"background-color: #f4f4f4; border-radius: 4px; flex-grow: 0; height: 14px; margin-bottom: 6px; width: 100px;\"><\/div>\n<div style=\"background-color: #f4f4f4; border-radius: 4px; flex-grow: 0; height: 14px; width: 60px;\"><\/div>\n<\/div>\n<\/div>\n<div style=\"padding: 19% 0;\"><\/div>\n<div style=\"display: block; height: 50px; margin: 0 auto 12px; width: 50px;\"><\/div>\n<div style=\"padding-top: 8px;\">\n<div style=\"color: #3897f0; font-family: Arial,sans-serif; font-size: 14px; font-style: normal; font-weight: 550; line-height: 18px;\">Ver esta publicaci\u00f3n en Instagram<\/div>\n<\/div>\n<div style=\"padding: 12.5% 0;\"><\/div>\n<div style=\"display: flex; flex-direction: row; margin-bottom: 14px; align-items: center;\">\n<div>\n<div style=\"background-color: #f4f4f4; border-radius: 50%; height: 12.5px; width: 12.5px; transform: translateX(0px) translateY(7px);\"><\/div>\n<div style=\"background-color: #f4f4f4; height: 12.5px; transform: rotate(-45deg) translateX(3px) translateY(1px); width: 12.5px; flex-grow: 0; margin-right: 14px; margin-left: 2px;\"><\/div>\n<div style=\"background-color: #f4f4f4; border-radius: 50%; height: 12.5px; width: 12.5px; transform: translateX(9px) translateY(-18px);\"><\/div>\n<\/div>\n<div style=\"margin-left: 8px;\">\n<div style=\"background-color: #f4f4f4; border-radius: 50%; flex-grow: 0; height: 20px; width: 20px;\"><\/div>\n<div style=\"width: 0; height: 0; border-top: 2px solid transparent; border-left: 6px solid #f4f4f4; border-bottom: 2px solid transparent; transform: translateX(16px) translateY(-4px) rotate(30deg);\"><\/div>\n<\/div>\n<div style=\"margin-left: auto;\">\n<div style=\"width: 0px; border-top: 8px solid #F4F4F4; border-right: 8px solid transparent; transform: translateY(16px);\"><\/div>\n<div style=\"background-color: #f4f4f4; flex-grow: 0; height: 12px; width: 16px; transform: translateY(-4px);\"><\/div>\n<div style=\"width: 0; height: 0; border-top: 8px solid #F4F4F4; border-left: 8px solid transparent; transform: translateY(-4px) translateX(8px);\"><\/div>\n<\/div>\n<\/div>\n<div style=\"display: flex; flex-direction: column; flex-grow: 1; justify-content: center; margin-bottom: 24px;\">\n<div style=\"background-color: #f4f4f4; border-radius: 4px; flex-grow: 0; height: 14px; margin-bottom: 6px; width: 224px;\"><\/div>\n<div style=\"background-color: #f4f4f4; border-radius: 4px; flex-grow: 0; height: 14px; width: 144px;\"><\/div>\n<\/div>\n<p style=\"color: #c9c8cd; font-family: Arial,sans-serif; font-size: 14px; line-height: 17px; margin-bottom: 0; margin-top: 8px; overflow: hidden; padding: 8px 0 7px; text-align: center; text-overflow: ellipsis; white-space: nowrap;\"><a style=\"color: #c9c8cd; font-family: Arial,sans-serif; font-size: 14px; font-style: normal; font-weight: normal; line-height: 17px; text-decoration: none;\" href=\"https:\/\/www.instagram.com\/reel\/DAjF771vO6O\/?utm_source=ig_embed&amp;utm_campaign=loading\" target=\"_blank\" rel=\"noopener\">Una publicaci\u00f3n compartida por Central de Noticias Olavarr\u00eda (@cdnolavarria)<\/a><\/p>\n<\/div>\n<\/blockquote>\n<p><script async src=\"\/\/www.instagram.com\/embed.js\"><\/script><\/p>\n<p>Record\u00f3 que <strong>la \u00faltima actualizaci\u00f3n tarifaria se hab\u00eda aprobado en abril del a\u00f1o pasado<\/strong> &#8211;<a href=\"https:\/\/cdnoticias.com\/index.php\/2023\/04\/27\/hcd-por-mayoria-se-aprobo-la-suba-del-agua-de-24665-en-tres-veces\/\" target=\"_blank\" rel=\"noopener\">de 246,65%<\/a>&#8211; y en base al pedido presentado en diciembre de 2022.<\/p>\n<p><strong>\u201cNosotros hicimos una solicitud en 430% y el Ejecutivo pas\u00f3 otro valor<\/strong>, as\u00ed que estamos charlando con el Concejo Deliberante y tambi\u00e9n con el Ejecutivo, obviamente\u201d inform\u00f3 el presidente de Coopelectric.<\/p>\n<blockquote><p>A su vez, revel\u00f3 que en la charla con los ediles se analiz\u00f3 la posibilidad de \u201cun sistema de actualizaci\u00f3n\u201d para \u201crevisar cada 3 o 4 meses\u201d las tarifas.<\/p><\/blockquote>\n<p><img data-recalc-dims=\"1\" loading=\"lazy\" decoding=\"async\" class=\"size-full wp-image-126703 aligncenter\" src=\"https:\/\/i0.wp.com\/cdnoticias.com\/wp-content\/uploads\/2024\/09\/cruz-arouxet-coopelectric-01.jpg?resize=800%2C445&#038;ssl=1\" alt=\"\" width=\"800\" height=\"445\" srcset=\"https:\/\/i0.wp.com\/cdnoticias.com\/wp-content\/uploads\/2024\/09\/cruz-arouxet-coopelectric-01.jpg?w=1000&amp;ssl=1 1000w, https:\/\/i0.wp.com\/cdnoticias.com\/wp-content\/uploads\/2024\/09\/cruz-arouxet-coopelectric-01.jpg?resize=300%2C167&amp;ssl=1 300w, https:\/\/i0.wp.com\/cdnoticias.com\/wp-content\/uploads\/2024\/09\/cruz-arouxet-coopelectric-01.jpg?resize=768%2C427&amp;ssl=1 768w, https:\/\/i0.wp.com\/cdnoticias.com\/wp-content\/uploads\/2024\/09\/cruz-arouxet-coopelectric-01.jpg?resize=800%2C445&amp;ssl=1 800w\" sizes=\"auto, (max-width: 800px) 100vw, 800px\" \/><\/p>\n<h3>En la comisi\u00f3n<\/h3>\n<p>Acerca de la reuni\u00f3n realizada este lunes cont\u00f3 que \u201csurge a pedido de la cooperativa de una actualizaci\u00f3n tarifaria que ya viene retrasada. Llega al Concejo Deliberante con una propuesta del Ejecutivo y <strong>el Concejo nos cit\u00f3 a nosotros a hacernos diferentes preguntas respecto del servicio<\/strong>\u201d indic\u00f3 Arouxet.<\/p>\n<p>Inform\u00f3 que <strong>lo acompa\u00f1aron \u201cnuestro gerente y el asesor legal<\/strong>. Nos ponemos a disposici\u00f3n\u201d de los concejales.<\/p>\n<blockquote><p>En cuanto a las consultas de los concejales, indic\u00f3 que \u201clas preguntas fueron variadas. Ten\u00edan un conocimiento del expediente suficiente. Tambi\u00e9n se est\u00e1 tratando de que esto no ocurra, que pueda haber un sistema de actualizaci\u00f3n que sea paulatino y m\u00e1s acorde a los tiempos, que se pueda revisar cada 3 o 4 meses, hacer algo m\u00e1s din\u00e1mico siempre dentro de obviamente del contrato de concesi\u00f3n. As\u00ed que estuvimos charlando esos temas. Tambi\u00e9n sacando dudas respecto de c\u00f3mo la cooperativa realiza la actualizaci\u00f3n. As\u00ed que fue muy fruct\u00edfera la reuni\u00f3n\u201d.<\/p><\/blockquote>\n","protected":false},"excerpt":{"rendered":"<p>Lo dijo Cruz Arouxet, presidente de Coopelectric, quien estuvo este lunes en el HCD donde la comisi\u00f3n de Hacienda analiz\u00f3<\/p>\n","protected":false},"author":4,"featured_media":126702,"comment_status":"closed","ping_status":"closed","sticky":false,"template":"","format":"standard","meta":{"_jetpack_memberships_contains_paid_content":false,"footnotes":""},"categories":[4,1],"tags":[],"class_list":["post-126698","post","type-post","status-publish","format-standard","has-post-thumbnail","hentry","category-politica","category-portada"],"jetpack_featured_media_url":"https:\/\/i0.wp.com\/cdnoticias.com\/wp-content\/uploads\/2024\/09\/cruz-arouxet-coopelectric-00.jpg?fit=1000%2C556&ssl=1","jetpack_sharing_enabled":true,"_links":{"self":[{"href":"https:\/\/cdnoticias.com\/index.php\/wp-json\/wp\/v2\/posts\/126698","targetHints":{"allow":["GET"]}}],"collection":[{"href":"https:\/\/cdnoticias.com\/index.php\/wp-json\/wp\/v2\/posts"}],"about":[{"href":"https:\/\/cdnoticias.com\/index.php\/wp-json\/wp\/v2\/types\/post"}],"author":[{"embeddable":true,"href":"https:\/\/cdnoticias.com\/index.php\/wp-json\/wp\/v2\/users\/4"}],"replies":[{"embeddable":true,"href":"https:\/\/cdnoticias.com\/index.php\/wp-json\/wp\/v2\/comments?post=126698"}],"version-history":[{"count":0,"href":"https:\/\/cdnoticias.com\/index.php\/wp-json\/wp\/v2\/posts\/126698\/revisions"}],"wp:featuredmedia":[{"embeddable":true,"href":"https:\/\/cdnoticias.com\/index.php\/wp-json\/wp\/v2\/media\/126702"}],"wp:attachment":[{"href":"https:\/\/cdnoticias.com\/index.php\/wp-json\/wp\/v2\/media?parent=126698"}],"wp:term":[{"taxonomy":"category","embeddable":true,"href":"https:\/\/cdnoticias.com\/index.php\/wp-json\/wp\/v2\/categories?post=126698"},{"taxonomy":"post_tag","embeddable":true,"href":"https:\/\/cdnoticias.com\/index.php\/wp-json\/wp\/v2\/tags?post=126698"}],"curies":[{"name":"wp","href":"https:\/\/api.w.org\/{rel}","templated":true}]}}