{"id":126686,"date":"2024-09-30T11:58:07","date_gmt":"2024-09-30T14:58:07","guid":{"rendered":"https:\/\/cdnoticias.com\/?p=126686"},"modified":"2024-09-30T11:58:08","modified_gmt":"2024-09-30T14:58:08","slug":"este-lunes-coopelectric-celebra-96-anos","status":"publish","type":"post","link":"https:\/\/cdnoticias.com\/index.php\/2024\/09\/30\/este-lunes-coopelectric-celebra-96-anos\/","title":{"rendered":"Este lunes Coopelectric celebra 96 a\u00f1os"},"content":{"rendered":"<p>\u201cPonemos en valor nuestra historia y la sinergia del cooperativismo al servicio de los asociados\u201d expres\u00f3 la cooperativa para repasar sus inicios en la distribuci\u00f3n de electricidad en Olavarr\u00eda.<!--more--><\/p>\n<hr \/>\n<p>Este <strong>lunes 30 de septiembre<\/strong> se conmemora el <strong>96\u00ba aniversario de Coopelectric<\/strong>. Desde la entidad se destac\u00f3 que <strong>\u201cponemos en valor nuestra historia y la sinergia del cooperativismo al servicio de los asociados.<\/strong> Por tal motivo, en esa nota se abordan datos hist\u00f3ricos y el contexto de fundaci\u00f3n\u201d.<\/p>\n<h3>Desde los primeros faroles<\/h3>\n<p>A <strong>mediados del siglo XIX<\/strong> Azul era en la pr\u00e1ctica una especie de capital del centro de la Provincia de Buenos Aires, donde predominaba un gran desierto habitado en buena parte por los pueblos originarios.<\/p>\n<p>Con el correr del tiempo, la confianza por vivir en estas llanuras crec\u00eda. Por entonces <strong>se formaba un caser\u00edo a orillas de un arroyo<\/strong> que se llamar\u00eda en el tiempo Tapalqu\u00e9, se insinuaba un pueblo en ciernes.<\/p>\n<p>Y as\u00ed result\u00f3 que <strong>en 1867 el gobierno de la Provincia de Buenos Aires dispuso la creaci\u00f3n de un partido<\/strong>, que Azul deb\u00eda delimitar. <strong>Nace el pueblo de Olavarr\u00eda<\/strong>. El caser\u00edo inicial crec\u00eda y al tener forma de pueblo comenzaron a funcionar algunas instituciones y a escucharse el <strong>pedido de luz p\u00fablica<\/strong>, en un tiempo que la gran noticia fue la llegada del ferrocarril cuando el siglo ya se terminaba.<\/p>\n<p><strong>A\u00f1o 1900. Agua y luz pide el pueblo<\/strong>, seg\u00fan se reflejaba en las p\u00e1ginas de El Popular, donde han quedado grabados los pasajes salientes de esa historia inicial de Olavarr\u00eda.<\/p>\n<figure id=\"attachment_97984\" aria-describedby=\"caption-attachment-97984\" style=\"width: 800px\" class=\"wp-caption aligncenter\"><img data-recalc-dims=\"1\" loading=\"lazy\" decoding=\"async\" class=\"wp-image-97984 size-full\" src=\"https:\/\/i0.wp.com\/cdnoticias.com\/wp-content\/uploads\/2023\/10\/coopelectric-Antigua-I-00.jpg?resize=800%2C445&#038;ssl=1\" alt=\"\" width=\"800\" height=\"445\" srcset=\"https:\/\/i0.wp.com\/cdnoticias.com\/wp-content\/uploads\/2023\/10\/coopelectric-Antigua-I-00.jpg?w=800&amp;ssl=1 800w, https:\/\/i0.wp.com\/cdnoticias.com\/wp-content\/uploads\/2023\/10\/coopelectric-Antigua-I-00.jpg?resize=300%2C167&amp;ssl=1 300w, https:\/\/i0.wp.com\/cdnoticias.com\/wp-content\/uploads\/2023\/10\/coopelectric-Antigua-I-00.jpg?resize=768%2C427&amp;ssl=1 768w\" sizes=\"auto, (max-width: 800px) 100vw, 800px\" \/><figcaption id=\"caption-attachment-97984\" class=\"wp-caption-text\">Los motores MAN con los que comenz\u00f3 el suministro popular en 1933.<\/figcaption><\/figure>\n<h3>La calle de la Luz<\/h3>\n<p>Por esos tiempos<strong> lleg\u00f3 a Olavarr\u00eda, desde Buenos Aires, la empresa \u00c1ngel Brumana<\/strong> que hizo un ofrecimiento al municipio para <strong>instalar faroles que funcionaban a gas acetileno<\/strong>. Se instal\u00f3 alguno frente el municipio, pero centralmente en la <strong>calle Necochea, que se la denomin\u00f3 \u201cla calle de la luz\u201d.<\/strong><\/p>\n<p>No hab\u00eda por entonces veh\u00edculo alguno por la noche, los mateos s\u00f3lo transitaban durante el d\u00eda, y la calle Necochea era<strong> el camino hacia la estaci\u00f3n<\/strong>, pues en la noche pasaba un tren de pasajeros hacia Bah\u00eda Blanca, y otro desde Bah\u00eda a Constituci\u00f3n. Por eso, las personas que viajaban buscaban la Necochea para tener un camino a la vista.<\/p>\n<p>Como el costo de los faroles y de la concesi\u00f3n era algo costoso, <strong>se reclamaba que solo estuvieran encendidos hasta la medianoche<\/strong>, \u201cporque nadie queda en pie despu\u00e9s de esa hora\u201d se dec\u00eda, y hab\u00eda que pedirle al Ferrocarril del Sud, se opinaba, que el cruce de los trenes que mencionamos fuera durante el d\u00eda.<\/p>\n<blockquote><p>En 1905 se celebra que hab\u00eda llegado la electricidad en alguna forma, y unos 50 focos \u201ccon poder luminoso de 500 buj\u00edas cada uno. Tambi\u00e9n por aquel entonces, se logr\u00f3 la comunicaci\u00f3n telef\u00f3nica directa con la ciudad de Azul. Un gran adelanto, por cierto.<\/p><\/blockquote>\n<p>En <strong>1907<\/strong> continuo la lucha por disponer de un servicio el\u00e9ctrico amplio y efectivo. <strong>Se intent\u00f3 formar una Sociedad An\u00f3nima, pero nada se logr\u00f3<\/strong>.<\/p>\n<figure id=\"attachment_97985\" aria-describedby=\"caption-attachment-97985\" style=\"width: 800px\" class=\"wp-caption aligncenter\"><img data-recalc-dims=\"1\" loading=\"lazy\" decoding=\"async\" class=\"wp-image-97985 size-full\" src=\"https:\/\/i0.wp.com\/cdnoticias.com\/wp-content\/uploads\/2023\/10\/coopelectric-Antigua-II-00.jpg?resize=800%2C445&#038;ssl=1\" alt=\"\" width=\"800\" height=\"445\" srcset=\"https:\/\/i0.wp.com\/cdnoticias.com\/wp-content\/uploads\/2023\/10\/coopelectric-Antigua-II-00.jpg?w=800&amp;ssl=1 800w, https:\/\/i0.wp.com\/cdnoticias.com\/wp-content\/uploads\/2023\/10\/coopelectric-Antigua-II-00.jpg?resize=300%2C167&amp;ssl=1 300w, https:\/\/i0.wp.com\/cdnoticias.com\/wp-content\/uploads\/2023\/10\/coopelectric-Antigua-II-00.jpg?resize=768%2C427&amp;ssl=1 768w\" sizes=\"auto, (max-width: 800px) 100vw, 800px\" \/><figcaption id=\"caption-attachment-97985\" class=\"wp-caption-text\">La Usina de Coopelectric.<\/figcaption><\/figure>\n<p>En 1908 Olavarr\u00eda es declarada ciudad por el gobierno de la Provincia de Buenos Aires y en <strong>1909 hubo otro contrato con el concesionario \u00c1ngel Brumana.<\/strong> Por ese tiempo qued\u00f3 establecida la comunicaci\u00f3n telef\u00f3nica Olavarr\u00eda &#8211; Buenos Aires.<\/p>\n<blockquote><p>El 3 de julio de 1910, se celebra la llegada del servicio el\u00e9ctrico: \u201cluz admirable hasta la una de la ma\u00f1ana en el centro del pueblo\u201d mencionaba el diario local.<\/p><\/blockquote>\n<p>Aparecieron<strong> los primeros de los usuarios del servicio el\u00e9ctrico en Olavarr\u00eda, y se menciona a la Sociedad An\u00f3nima de Electricidad<\/strong>. En el Parque Mitre se construy\u00f3 <strong>un galp\u00f3n con dos motores que produc\u00edan la energ\u00eda<\/strong>. Lo que fue el piso de esa usina subsiste, a pocos metros de la calle Belgrano. Por aquel entonces desde diversos sectores se ped\u00eda electricidad, pero a todos los barrios no se pod\u00eda llegar.<\/p>\n<p>Durante las primeras d\u00e9cadas del Siglo XX se levantaron los magn\u00edficos edificios del Banco de Olavarr\u00eda y del Banco Edificadora, se construy\u00f3 la sede de la Municipalidad, el Teatro Municipal, nacieron distintos Clubes, surgieron nuevos edificios para los bancos Naci\u00f3n y Provincia de Buenos Aires, se construy\u00f3 el ingreso al cementerio municipal, empedrados, la Delegaci\u00f3n Municipal, Escuelas, llegaron las primeras f\u00e1bricas cementeras, y tantos otros avances.<\/p>\n<p>El contexto sumado a la fuerza de trabajo, el <strong>crecimiento y el desarrollo local propiciaron las condiciones para que los algunos vecinos tuvieran la inquietud de crear una Cooperativa de Electricidad<\/strong>.<\/p>\n<h3>Contexto de fundaci\u00f3n<\/h3>\n<p>Hacia<strong> mediados del a\u00f1o 1928<\/strong> operaba la<strong> Concesi\u00f3n del Servicio El\u00e9ctrico en Olavarr\u00eda, la empresa, que en un inicio tuvo capitales locales, SALEO (SA de Luz El\u00e9ctrica Olavarr\u00eda)<\/strong>. Pero <em>en septiembre de ese a\u00f1o fue vendida a un trust norteamericano<\/em>, la Compa\u00f1\u00eda Sudamericana de Servicios P\u00fablicos \u201cSUDAM\u201d, que ten\u00eda m\u00e1s de 80 usinas en todo el pa\u00eds, principalmente en el sur de la provincia de Buenos Aires. Esta empresa <em>monopolizaba el servicio y cobraba tarifas excesivamente altas<\/em>. Por ello, frente a esa situaci\u00f3n <strong>un grupo de vecinos comenz\u00f3 a organizarse con la intenci\u00f3n de crear una cooperativa local<\/strong>, teniendo en cuenta que por aquellos d\u00edas expiraba la concesi\u00f3n del servicio.<\/p>\n<figure id=\"attachment_126689\" aria-describedby=\"caption-attachment-126689\" style=\"width: 788px\" class=\"wp-caption aligncenter\"><img data-recalc-dims=\"1\" loading=\"lazy\" decoding=\"async\" class=\"wp-image-126689 size-large\" src=\"https:\/\/i0.wp.com\/cdnoticias.com\/wp-content\/uploads\/2024\/09\/Edificio-Belgrano-2850.jpg?resize=788%2C1024&#038;ssl=1\" alt=\"\" width=\"788\" height=\"1024\" srcset=\"https:\/\/i0.wp.com\/cdnoticias.com\/wp-content\/uploads\/2024\/09\/Edificio-Belgrano-2850.jpg?resize=788%2C1024&amp;ssl=1 788w, https:\/\/i0.wp.com\/cdnoticias.com\/wp-content\/uploads\/2024\/09\/Edificio-Belgrano-2850.jpg?resize=231%2C300&amp;ssl=1 231w, https:\/\/i0.wp.com\/cdnoticias.com\/wp-content\/uploads\/2024\/09\/Edificio-Belgrano-2850.jpg?resize=768%2C998&amp;ssl=1 768w, https:\/\/i0.wp.com\/cdnoticias.com\/wp-content\/uploads\/2024\/09\/Edificio-Belgrano-2850.jpg?resize=1182%2C1536&amp;ssl=1 1182w, https:\/\/i0.wp.com\/cdnoticias.com\/wp-content\/uploads\/2024\/09\/Edificio-Belgrano-2850.jpg?w=1348&amp;ssl=1 1348w\" sizes=\"auto, (max-width: 788px) 100vw, 788px\" \/><figcaption id=\"caption-attachment-126689\" class=\"wp-caption-text\">La sede de Coopelectric sobre calle Belgrano.<\/figcaption><\/figure>\n<p><strong>El 21 de septiembre de 1928, la ciudad conoci\u00f3 el \u201cmanifiesto\u201d<\/strong> dirigido a la poblaci\u00f3n, que circul\u00f3 por los diarios locales y en volantes que fueron repartidos casa por casa. All\u00ed <strong>se invitaba a los vecinos a participar de una reuni\u00f3n<\/strong> que se realizar\u00eda con el objetivo de sentar las bases de esa iniciativa popular. La primera reuni\u00f3n p\u00fablica tuvo lugar el 23 de septiembre y finalmente se convoc\u00f3 a otra para <strong>el 30 de septiembre, en la que se funda la Cooperativa Municipal de Electricidad de Olavarr\u00eda<\/strong> para comenzar a competir con el trust.<\/p>\n<p>Ese <strong>grupo fundador<\/strong> estuvo integrado por <em>Rodolfo F. Aramburu, Victoriano Arroyo, Francisco Baltz, Juan B. Costa Rubert, Juan A. Errecart, Jes\u00fas B. G\u00f3mez, Mart\u00edn Gregorini, Sergio Herb\u00f3n, Guillermo Hoffmann, Lucas L\u00e1zaro, Francisco Louge, Antonio Mazzuchi, Arist\u00f3bulo Moya, Antonio Pelegrino, Guillermo Pelliccioni Triaca, Cipriano P\u00e9rez, Claudio Presa, Dionisio Rigada, Pedro Ruiz, Federico Sacher, Guillermo Striebeck, Jos\u00e9 M. Ventre, Carlos U. Videla Rivero, Juan P. Winggler<\/em>.<\/p>\n<p>Luego de analizar y consensuar el caso en la Municipalidad, <strong>el 29 de octubre se sancion\u00f3 la Ordenanza Municipal<\/strong> que dec\u00eda:<\/p>\n<p><em>&#8220;Art\u00edculo 1\u00ba: La Municipalidad de Olavarr\u00eda apoya decididamente la formaci\u00f3n de la Cooperativa de Luz El\u00e9ctrica de Olavarr\u00eda&#8221;.<\/em><br \/>\n<em>&#8220;Art\u00edculo 2\u00b0: Las acciones no ser\u00e1n de un valor mayor de cincuenta pesos y podr\u00e1n cubrirse en cuotas mensuales de dos pesos&#8221;.<\/em><br \/>\n<em>&#8220;Art\u00edculo 3\u00b0: Decl\u00e1rase adherida la Municipalidad como cooperadora, de la Sociedad mencionada, con un n\u00famero de acciones que se fijar\u00e1 una vez que se haya suscripto el capital inicial por parte del vecindario&#8221;.<\/em><br \/>\n<em>&#8220;Art\u00edculo 4\u00b0: Una vez constituida la Sociedad, la Municipalidad adjudicar\u00e1 a la misma el servicio de alumbrado p\u00fablico con exclusividad de toda la otra instituci\u00f3n similar&#8221;<\/em>.<\/p>\n<p><img data-recalc-dims=\"1\" loading=\"lazy\" decoding=\"async\" class=\"size-large wp-image-2010 aligncenter\" src=\"https:\/\/i0.wp.com\/cdnoticias.com\/wp-content\/uploads\/2020\/09\/Coopelectric.jpeg?resize=800%2C533&#038;ssl=1\" alt=\"\" width=\"800\" height=\"533\" srcset=\"https:\/\/i0.wp.com\/cdnoticias.com\/wp-content\/uploads\/2020\/09\/Coopelectric.jpeg?resize=1024%2C682&amp;ssl=1 1024w, https:\/\/i0.wp.com\/cdnoticias.com\/wp-content\/uploads\/2020\/09\/Coopelectric.jpeg?resize=300%2C200&amp;ssl=1 300w, https:\/\/i0.wp.com\/cdnoticias.com\/wp-content\/uploads\/2020\/09\/Coopelectric.jpeg?resize=768%2C512&amp;ssl=1 768w, https:\/\/i0.wp.com\/cdnoticias.com\/wp-content\/uploads\/2020\/09\/Coopelectric.jpeg?resize=272%2C182&amp;ssl=1 272w, https:\/\/i0.wp.com\/cdnoticias.com\/wp-content\/uploads\/2020\/09\/Coopelectric.jpeg?w=1280&amp;ssl=1 1280w\" sizes=\"auto, (max-width: 800px) 100vw, 800px\" \/><\/p>\n<p>El 4 de noviembre se realiz\u00f3 una asamblea en la que se otorgaron atribuciones a la comisi\u00f3n organizadora para elaborar los estatutos, que una vez creados fueron entregados a todos los &#8220;vecinos adherentes&#8221; a la Cooperativa.<\/p>\n<p>Mientras tanto, el <strong>1 de diciembre de 1928 la SUDAM se hizo cargo de la usina de la ex SALEO<\/strong>, como compradora de la totalidad del paquete accionario. El &#8220;trust&#8221; americano buscaba una concesi\u00f3n por diez a\u00f1os, ya que el acuerdo existente con la Saleo condicionaba la concesi\u00f3n del servicio hasta agosto de 1930, t\u00e9rmino por dem\u00e1s exiguo para redoblar las inversiones que hac\u00edan falta.<\/p>\n<p>La SUDAM, que estaba al tanto de la iniciativa local, comenz\u00f3 a difundir una propuesta por medio de la cual se\u00f1alaba las ventajas que s\u00f3lo pod\u00edan ofrecer las grandes entidades, tales como la implementaci\u00f3n de equipos de generaci\u00f3n y costos de energ\u00eda m\u00e1s reducidos. Argumentaba que para una instituci\u00f3n que reci\u00e9n se iniciaba y contaba con escasos recursos, eso era algo imposible de obtener.<\/p>\n<p>No obstante, <strong>para 1929 la Cooperativa Municipal de Electricidad puso en marcha la suscripci\u00f3n de acciones<\/strong> y, simult\u00e1neamente, el directorio realiz\u00f3 una evaluaci\u00f3n de mercado para conocer el n\u00famero probable de consumidores que la Cooperativa sumar\u00eda cuando tuviera su propia usina. La suscripci\u00f3n de acciones se vio contenida y la Compa\u00f1\u00eda Sudamericana, a la que se le venc\u00eda el plazo de concesi\u00f3n, duplic\u00f3 su oferta acerca de la reducci\u00f3n de las tarifas de electricidad y fuerza motriz.<\/p>\n<p>En el a\u00f1o 1930 cae el Gobierno radical de Hip\u00f3lito Yrigoyen en el primer Golpe Militar que sufri\u00f3 nuestro pa\u00eds, y con el todos los gobernadores e intendentes. Con 821 accionistas, y sin gobierno Municipal, se avanza igual, aunque lentamente en el dise\u00f1o de la Cooperativa.<\/p>\n<blockquote><p>La Cooperativa gan\u00f3 un amplio reconocimiento por parte de las autoridades municipales y eso dio lugar a la consolidaci\u00f3n del movimiento cooperativo. El presidente de la primera comisi\u00f3n provisoria fue Mart\u00edn Gregorini, y el presidente del primer directorio fue Antonio Pelegrino.<\/p><\/blockquote>\n<p><strong>En agosto de 1931 se abrieron los sobres de una Licitaci\u00f3n de motores<\/strong> para la Usina de la Cooperativa, pero dada la cr\u00edtica situaci\u00f3n econ\u00f3mica mundial de esos a\u00f1os, se retira la oferta. La inversi\u00f3n era de $ 800.000 y se contaba solo con $ 340.000. Tanto el Comisionado en el Gobierno Municipal, el Ing. Jos\u00e9 Manuel Ferrecio, como el luego Intendente Grimaldi y el Concejo Deliberante, apoyan decididamente a la Cooperativa y aportan los recursos necesarios para comprar los motores.<\/p>\n<p><strong>A fines de ese mismo a\u00f1o obtuvo la Personer\u00eda Jur\u00eddica<\/strong>, quedando inscripta en el Registro de Cooperativas del Ministerio de Cultura.<\/p>\n<p>Finalmente, <strong>el 26 de febrero de 1933 se inaugura la \u201cUsina Popular\u201d con motores MAN<\/strong> entregados por la Ericsson, uno de 300 HP (250 Kw), y dos de 600 HP (500 Kw); y<strong> en marzo comienza el suministro p\u00fablico y particular.<\/strong><\/p>\n","protected":false},"excerpt":{"rendered":"<p>\u201cPonemos en valor nuestra historia y la sinergia del cooperativismo al servicio de los asociados\u201d expres\u00f3 la cooperativa para repasar<\/p>\n","protected":false},"author":4,"featured_media":126688,"comment_status":"closed","ping_status":"closed","sticky":false,"template":"","format":"standard","meta":{"_jetpack_memberships_contains_paid_content":false,"footnotes":""},"categories":[5,1],"tags":[],"class_list":["post-126686","post","type-post","status-publish","format-standard","has-post-thumbnail","hentry","category-informacion-general","category-portada"],"jetpack_featured_media_url":"https:\/\/i0.wp.com\/cdnoticias.com\/wp-content\/uploads\/2024\/09\/96o-ANIVERSARIO.jpeg?fit=1600%2C946&ssl=1","jetpack_sharing_enabled":true,"_links":{"self":[{"href":"https:\/\/cdnoticias.com\/index.php\/wp-json\/wp\/v2\/posts\/126686","targetHints":{"allow":["GET"]}}],"collection":[{"href":"https:\/\/cdnoticias.com\/index.php\/wp-json\/wp\/v2\/posts"}],"about":[{"href":"https:\/\/cdnoticias.com\/index.php\/wp-json\/wp\/v2\/types\/post"}],"author":[{"embeddable":true,"href":"https:\/\/cdnoticias.com\/index.php\/wp-json\/wp\/v2\/users\/4"}],"replies":[{"embeddable":true,"href":"https:\/\/cdnoticias.com\/index.php\/wp-json\/wp\/v2\/comments?post=126686"}],"version-history":[{"count":0,"href":"https:\/\/cdnoticias.com\/index.php\/wp-json\/wp\/v2\/posts\/126686\/revisions"}],"wp:featuredmedia":[{"embeddable":true,"href":"https:\/\/cdnoticias.com\/index.php\/wp-json\/wp\/v2\/media\/126688"}],"wp:attachment":[{"href":"https:\/\/cdnoticias.com\/index.php\/wp-json\/wp\/v2\/media?parent=126686"}],"wp:term":[{"taxonomy":"category","embeddable":true,"href":"https:\/\/cdnoticias.com\/index.php\/wp-json\/wp\/v2\/categories?post=126686"},{"taxonomy":"post_tag","embeddable":true,"href":"https:\/\/cdnoticias.com\/index.php\/wp-json\/wp\/v2\/tags?post=126686"}],"curies":[{"name":"wp","href":"https:\/\/api.w.org\/{rel}","templated":true}]}}