{"id":12667,"date":"2021-01-31T18:38:37","date_gmt":"2021-01-31T21:38:37","guid":{"rendered":"http:\/\/www.centraldenoticias.com.ar\/?p=12667"},"modified":"2021-01-31T19:55:01","modified_gmt":"2021-01-31T22:55:01","slug":"vuelven-las-lluvias-o-el-calor-como-estara-el-tiempo-en-el-inicio-de-la-semana","status":"publish","type":"post","link":"https:\/\/cdnoticias.com\/index.php\/2021\/01\/31\/vuelven-las-lluvias-o-el-calor-como-estara-el-tiempo-en-el-inicio-de-la-semana\/","title":{"rendered":"\u00bfVuelven las lluvias o el calor? C\u00f3mo estar\u00e1  el tiempo en el inicio de la semana"},"content":{"rendered":"<p>De s\u00e1bado inestable y lluvioso a domingo caluroso y ventoso. El pron\u00f3stico del Servicio Meteorol\u00f3gico para saber c\u00f3mo iniciar\u00e1 la semana.<!--more--><\/p>\n<hr \/>\n<p>Todo cada vez m\u00e1s cambiante e impredecible, y el tiempo lejos est\u00e1 de ser una excepci\u00f3n. El s\u00e1bado se present\u00f3 lluvioso, inestable y fresco principalmente sobre el cierre de la jornada. Este domingo, en cambio, el sol asom\u00f3 y se hizo sentir durante la tarde. <strong>Ahora la pregunta es c\u00f3mo seguir\u00e1 todo durante el inicio de la semana.<\/strong><\/p>\n<p>&nbsp;<\/p>\n<p>De acuerdo al pron\u00f3stico del Servicio Meteorol\u00f3gico Nacional <strong>el tiempo seguir\u00e1 inestable y as\u00ed se lo podr\u00e1 sentir ya en el inicio del lunes, ya que, si bien con bajo porcentaje, se prev\u00e9n chaparrones para la madrugada.<\/strong><\/p>\n<p>&nbsp;<\/p>\n<p>La previsi\u00f3n de precipitaciones acompa\u00f1a la mayor parte de la jornada, ya que <strong>tanto para la ma\u00f1ana como para la tarde se anticipan lluvias aisladas. La temperatura, por su parte, tendr\u00e1 una m\u00e1xima de apenas 20 grados.<\/strong><\/p>\n<p>&nbsp;<\/p>\n<p><strong>El martes, si bien no prev\u00e9n lluvias, el term\u00f3metro no subir\u00e1 mucho m\u00e1s en las marcas m\u00e1ximas, ya que se pronostican 22 grados como temperatura m\u00e1s elevada<\/strong>. El mi\u00e9rcoles, en cambio, podr\u00eda trepar hasta los 28 grados, pero el alivio llegar\u00e1 hasta all\u00ed, ya que el jueves volver\u00edan las precipitaciones, acompa\u00f1adas de fuertes vientos.<\/p>\n","protected":false},"excerpt":{"rendered":"<p>De s\u00e1bado inestable y lluvioso a domingo caluroso y ventoso. El pron\u00f3stico del Servicio Meteorol\u00f3gico para saber c\u00f3mo iniciar\u00e1 la<\/p>\n","protected":false},"author":3,"featured_media":12668,"comment_status":"closed","ping_status":"closed","sticky":false,"template":"","format":"standard","meta":{"_jetpack_memberships_contains_paid_content":false,"footnotes":""},"categories":[5,1],"tags":[],"class_list":["post-12667","post","type-post","status-publish","format-standard","has-post-thumbnail","hentry","category-informacion-general","category-portada"],"jetpack_featured_media_url":"https:\/\/i0.wp.com\/cdnoticias.com\/wp-content\/uploads\/2021\/01\/TOP_C13_CEN_ALTA_20210131_212015Z.jpg?fit=818%2C632&ssl=1","jetpack_sharing_enabled":true,"_links":{"self":[{"href":"https:\/\/cdnoticias.com\/index.php\/wp-json\/wp\/v2\/posts\/12667","targetHints":{"allow":["GET"]}}],"collection":[{"href":"https:\/\/cdnoticias.com\/index.php\/wp-json\/wp\/v2\/posts"}],"about":[{"href":"https:\/\/cdnoticias.com\/index.php\/wp-json\/wp\/v2\/types\/post"}],"author":[{"embeddable":true,"href":"https:\/\/cdnoticias.com\/index.php\/wp-json\/wp\/v2\/users\/3"}],"replies":[{"embeddable":true,"href":"https:\/\/cdnoticias.com\/index.php\/wp-json\/wp\/v2\/comments?post=12667"}],"version-history":[{"count":0,"href":"https:\/\/cdnoticias.com\/index.php\/wp-json\/wp\/v2\/posts\/12667\/revisions"}],"wp:featuredmedia":[{"embeddable":true,"href":"https:\/\/cdnoticias.com\/index.php\/wp-json\/wp\/v2\/media\/12668"}],"wp:attachment":[{"href":"https:\/\/cdnoticias.com\/index.php\/wp-json\/wp\/v2\/media?parent=12667"}],"wp:term":[{"taxonomy":"category","embeddable":true,"href":"https:\/\/cdnoticias.com\/index.php\/wp-json\/wp\/v2\/categories?post=12667"},{"taxonomy":"post_tag","embeddable":true,"href":"https:\/\/cdnoticias.com\/index.php\/wp-json\/wp\/v2\/tags?post=12667"}],"curies":[{"name":"wp","href":"https:\/\/api.w.org\/{rel}","templated":true}]}}