{"id":126600,"date":"2024-09-29T10:43:39","date_gmt":"2024-09-29T13:43:39","guid":{"rendered":"https:\/\/cdnoticias.com\/?p=126600"},"modified":"2024-09-29T20:39:42","modified_gmt":"2024-09-29T23:39:42","slug":"se-peleo-con-un-vecino-disparo-una-escopeta-y-le-pego-un-culatazo-que-lo-quebro-termino-preso","status":"publish","type":"post","link":"https:\/\/cdnoticias.com\/index.php\/2024\/09\/29\/se-peleo-con-un-vecino-disparo-una-escopeta-y-le-pego-un-culatazo-que-lo-quebro-termino-preso\/","title":{"rendered":"Se pele\u00f3 con un vecino, dispar\u00f3 una escopeta y le peg\u00f3 un culatazo que lo quebr\u00f3: termin\u00f3 preso"},"content":{"rendered":"\n<p>Fue en Las Heras al 9700. Una discusi\u00f3n vecinal deriv\u00f3 en la agresi\u00f3n. Tambi\u00e9n lo amenaz\u00f3 de muerte. Polic\u00edas que estaban de franco y trabajaban cerca intervinieron y lo redujeron.<\/p>\n\n\n\n<hr class=\"wp-block-separator aligncenter has-alpha-channel-opacity\"\/>\n\n\n\n<p>Este s\u00e1bado, <strong>un hombre de 57 a\u00f1os fue aprehendido por personal policial luego de discutir con un vecino, disparar una escopeta, pegarle un culatazo y fracturarle un brazo y amenazarlo. Efectivos que estaban de franco trabajando en un terreno escucharon la secuencia e intervinieron en el hecho.<\/strong><\/p>\n\n\n\n<p>Seg\u00fan se inform\u00f3, <strong>una discusi\u00f3n con una persona de 69 a\u00f1os deriv\u00f3 en una pelea a golpes y luego, sac\u00f3 una escopeta, dispar\u00f3 dos veces y golpe\u00f3 con la culata en el brazo izquierdo de la v\u00edctima, gener\u00e1ndole una fractura. Le apunt\u00f3, lo amenaz\u00f3 y sali\u00f3 corriendo hacia su domicilio.<\/strong><\/p>\n\n\n\n<p>Es que en ese momento, <strong>dos efectivos policiales que estaban de franco trabajando en un terreno cercano al lugar escucharon la secuencia e intervinieron. <\/strong>Utilizando fuerza m\u00ednima e indispensable lograron reducirlo, quitarle el arma y dos cartuchos, y solicitaron apoyo que lleg\u00f3 a los minutos.<\/p>\n\n\n\n<p><strong>El hombre de 57 a\u00f1os fue aprehendido<\/strong> por personal de la Subcomisar\u00eda de Loma Negra, en colaboraci\u00f3n con Comisar\u00eda Segunda y el Comando de Patrullas. Los efectivos de franco pertenecen a la Estaci\u00f3n Departamental y al Grupo GAD.<\/p>\n\n\n\n<p><strong>La v\u00edctima fue trasladada al Hospital Municipal para ser atendida por su fractura.<\/strong><\/p>\n\n\n\n<p>La escopeta fue secuestrada para su correspondiente peritaje, y el imputado fue trasladado a la Subcomisar\u00eda de Loma Negra en una primera instancia, y actualmente se encuentra alojado en la Comisar\u00eda Segunda. Ahora enfrenta cargos por <strong><em>\u201cLesiones graves, abuso de arma y amenazas calificadas\u201d<\/em><\/strong> en una causa que interviene la UFI N\u00b07, a cargo del doctor Url\u00e9zaga.<\/p>\n","protected":false},"excerpt":{"rendered":"<p>Fue en Las Heras al 9700. Una discusi\u00f3n vecinal deriv\u00f3 en la agresi\u00f3n. Tambi\u00e9n lo amenaz\u00f3 de muerte. Polic\u00edas que<\/p>\n","protected":false},"author":2,"featured_media":126601,"comment_status":"closed","ping_status":"closed","sticky":false,"template":"","format":"standard","meta":{"_jetpack_memberships_contains_paid_content":false,"footnotes":""},"categories":[14,1],"tags":[],"class_list":["post-126600","post","type-post","status-publish","format-standard","has-post-thumbnail","hentry","category-policiales","category-portada"],"jetpack_featured_media_url":"https:\/\/i0.wp.com\/cdnoticias.com\/wp-content\/uploads\/2024\/09\/WhatsApp-Image-2024-09-29-at-10.24.10.jpeg?fit=720%2C404&ssl=1","jetpack_sharing_enabled":true,"_links":{"self":[{"href":"https:\/\/cdnoticias.com\/index.php\/wp-json\/wp\/v2\/posts\/126600","targetHints":{"allow":["GET"]}}],"collection":[{"href":"https:\/\/cdnoticias.com\/index.php\/wp-json\/wp\/v2\/posts"}],"about":[{"href":"https:\/\/cdnoticias.com\/index.php\/wp-json\/wp\/v2\/types\/post"}],"author":[{"embeddable":true,"href":"https:\/\/cdnoticias.com\/index.php\/wp-json\/wp\/v2\/users\/2"}],"replies":[{"embeddable":true,"href":"https:\/\/cdnoticias.com\/index.php\/wp-json\/wp\/v2\/comments?post=126600"}],"version-history":[{"count":0,"href":"https:\/\/cdnoticias.com\/index.php\/wp-json\/wp\/v2\/posts\/126600\/revisions"}],"wp:featuredmedia":[{"embeddable":true,"href":"https:\/\/cdnoticias.com\/index.php\/wp-json\/wp\/v2\/media\/126601"}],"wp:attachment":[{"href":"https:\/\/cdnoticias.com\/index.php\/wp-json\/wp\/v2\/media?parent=126600"}],"wp:term":[{"taxonomy":"category","embeddable":true,"href":"https:\/\/cdnoticias.com\/index.php\/wp-json\/wp\/v2\/categories?post=126600"},{"taxonomy":"post_tag","embeddable":true,"href":"https:\/\/cdnoticias.com\/index.php\/wp-json\/wp\/v2\/tags?post=126600"}],"curies":[{"name":"wp","href":"https:\/\/api.w.org\/{rel}","templated":true}]}}