{"id":126592,"date":"2024-09-29T09:19:58","date_gmt":"2024-09-29T12:19:58","guid":{"rendered":"https:\/\/cdnoticias.com\/?p=126592"},"modified":"2024-09-29T11:03:39","modified_gmt":"2024-09-29T14:03:39","slug":"por-una-causa-de-abigeato-realizaron-dos-allanamientos-positivos-en-sierra-chica","status":"publish","type":"post","link":"https:\/\/cdnoticias.com\/index.php\/2024\/09\/29\/por-una-causa-de-abigeato-realizaron-dos-allanamientos-positivos-en-sierra-chica\/","title":{"rendered":"Por una causa de abigeato, realizaron dos allanamientos positivos en Sierra Chica"},"content":{"rendered":"\n<p>Fue en dos viviendas del barrio Plan Federal. Secuestraron alrededor de 20 kilos en cortes de carne. Horas antes, hab\u00edan faenado un animal en una chacra de la localidad.<\/p>\n\n\n\n<hr class=\"wp-block-separator aligncenter has-alpha-channel-opacity\"\/>\n\n\n\n<p>En la tarde del s\u00e1bado,<strong> personal de la SubDDI Olavarr\u00eda realiz\u00f3 dos importantes allanamientos en viviendas de la localidad de Sierra Chica por un hecho de abigeato que se registr\u00f3 en la madrugada del s\u00e1bado <\/strong>en una chacra cercana a la localidad. Adem\u00e1s, se denunci\u00f3 que se estaba comercializando en esa zona.<\/p>\n\n\n\n<p>Seg\u00fan la informaci\u00f3n oficial, la SubDDI trabaj\u00f3 de forma coordinada con la Ayudant\u00eda de Abigeatos y Delitos Conexos a cargo del doctor Ma\u00f1ero, quienes <strong>realizaron diversas investigaciones y dieron con los posibles domicilios de los autores del hecho.<\/strong><\/p>\n\n\n\n<figure class=\"wp-block-image size-large\"><img data-recalc-dims=\"1\" loading=\"lazy\" decoding=\"async\" width=\"800\" height=\"600\" src=\"https:\/\/i0.wp.com\/cdnoticias.com\/wp-content\/uploads\/2024\/09\/WhatsApp-Image-2024-09-28-at-22.57.52-1.jpeg?resize=800%2C600&#038;ssl=1\" alt=\"\" class=\"wp-image-126593\" srcset=\"https:\/\/i0.wp.com\/cdnoticias.com\/wp-content\/uploads\/2024\/09\/WhatsApp-Image-2024-09-28-at-22.57.52-1.jpeg?resize=1024%2C768&amp;ssl=1 1024w, https:\/\/i0.wp.com\/cdnoticias.com\/wp-content\/uploads\/2024\/09\/WhatsApp-Image-2024-09-28-at-22.57.52-1.jpeg?resize=300%2C225&amp;ssl=1 300w, https:\/\/i0.wp.com\/cdnoticias.com\/wp-content\/uploads\/2024\/09\/WhatsApp-Image-2024-09-28-at-22.57.52-1.jpeg?resize=768%2C576&amp;ssl=1 768w, https:\/\/i0.wp.com\/cdnoticias.com\/wp-content\/uploads\/2024\/09\/WhatsApp-Image-2024-09-28-at-22.57.52-1.jpeg?resize=1536%2C1153&amp;ssl=1 1536w, https:\/\/i0.wp.com\/cdnoticias.com\/wp-content\/uploads\/2024\/09\/WhatsApp-Image-2024-09-28-at-22.57.52-1.jpeg?w=1599&amp;ssl=1 1599w\" sizes=\"auto, (max-width: 800px) 100vw, 800px\" \/><\/figure>\n\n\n\n<p>Dichos procedimientos fueron avalados por el Juzgado de Garant\u00edas N\u00b02 a cargo del doctor Villamar\u00edn y se efectivizaron en dos casas del barrio Plan Federal de Sierra Chica.<\/p>\n\n\n\n<p>Tras el operativo, <strong>secuestraron m\u00e1s de 20 kilos de cortes de carne, un tel\u00e9fono celular \u201cde inter\u00e9s para la causa\u201d y un cuchillo y bolsas con posibles manchas hem\u00e1ticas, que podr\u00edan haber sido utilizadas para realizar el abigeato.<\/strong><\/p>\n\n\n\n<figure class=\"wp-block-image size-large\"><img data-recalc-dims=\"1\" loading=\"lazy\" decoding=\"async\" width=\"800\" height=\"600\" src=\"https:\/\/i0.wp.com\/cdnoticias.com\/wp-content\/uploads\/2024\/09\/WhatsApp-Image-2024-09-28-at-22.57.52.jpeg?resize=800%2C600&#038;ssl=1\" alt=\"\" class=\"wp-image-126594\" srcset=\"https:\/\/i0.wp.com\/cdnoticias.com\/wp-content\/uploads\/2024\/09\/WhatsApp-Image-2024-09-28-at-22.57.52.jpeg?resize=1024%2C768&amp;ssl=1 1024w, https:\/\/i0.wp.com\/cdnoticias.com\/wp-content\/uploads\/2024\/09\/WhatsApp-Image-2024-09-28-at-22.57.52.jpeg?resize=300%2C225&amp;ssl=1 300w, https:\/\/i0.wp.com\/cdnoticias.com\/wp-content\/uploads\/2024\/09\/WhatsApp-Image-2024-09-28-at-22.57.52.jpeg?resize=768%2C576&amp;ssl=1 768w, https:\/\/i0.wp.com\/cdnoticias.com\/wp-content\/uploads\/2024\/09\/WhatsApp-Image-2024-09-28-at-22.57.52.jpeg?w=1500&amp;ssl=1 1500w\" sizes=\"auto, (max-width: 800px) 100vw, 800px\" \/><\/figure>\n\n\n\n<p>Adem\u00e1s de SubDDI, del procedimiento participaron efectivos pertenecientes a la \u00f3rbita de la Estaci\u00f3n Departamental de Seguridad Olavarr\u00eda (Grupo de Tareas Operativas de Comisar\u00eda Segunda, Subcomisaria de Sierra Chica y Motopolic\u00edas pertenecientes a Unidad de Prevenci\u00f3n Polic\u00eda Local) como as\u00ed tambi\u00e9n personal perteneciente a Comando de Prevenci\u00f3n Rural y a la UTOI.<\/p>\n","protected":false},"excerpt":{"rendered":"<p>Fue en dos viviendas del barrio Plan Federal. Secuestraron alrededor de 20 kilos en cortes de carne. Horas antes, hab\u00edan<\/p>\n","protected":false},"author":2,"featured_media":126595,"comment_status":"closed","ping_status":"closed","sticky":false,"template":"","format":"standard","meta":{"_jetpack_memberships_contains_paid_content":false,"footnotes":""},"categories":[14,1],"tags":[],"class_list":["post-126592","post","type-post","status-publish","format-standard","has-post-thumbnail","hentry","category-policiales","category-portada"],"jetpack_featured_media_url":"https:\/\/i0.wp.com\/cdnoticias.com\/wp-content\/uploads\/2024\/09\/WhatsApp-Image-2024-09-28-at-22.57.51.jpeg?fit=1500%2C1125&ssl=1","jetpack_sharing_enabled":true,"_links":{"self":[{"href":"https:\/\/cdnoticias.com\/index.php\/wp-json\/wp\/v2\/posts\/126592","targetHints":{"allow":["GET"]}}],"collection":[{"href":"https:\/\/cdnoticias.com\/index.php\/wp-json\/wp\/v2\/posts"}],"about":[{"href":"https:\/\/cdnoticias.com\/index.php\/wp-json\/wp\/v2\/types\/post"}],"author":[{"embeddable":true,"href":"https:\/\/cdnoticias.com\/index.php\/wp-json\/wp\/v2\/users\/2"}],"replies":[{"embeddable":true,"href":"https:\/\/cdnoticias.com\/index.php\/wp-json\/wp\/v2\/comments?post=126592"}],"version-history":[{"count":0,"href":"https:\/\/cdnoticias.com\/index.php\/wp-json\/wp\/v2\/posts\/126592\/revisions"}],"wp:featuredmedia":[{"embeddable":true,"href":"https:\/\/cdnoticias.com\/index.php\/wp-json\/wp\/v2\/media\/126595"}],"wp:attachment":[{"href":"https:\/\/cdnoticias.com\/index.php\/wp-json\/wp\/v2\/media?parent=126592"}],"wp:term":[{"taxonomy":"category","embeddable":true,"href":"https:\/\/cdnoticias.com\/index.php\/wp-json\/wp\/v2\/categories?post=126592"},{"taxonomy":"post_tag","embeddable":true,"href":"https:\/\/cdnoticias.com\/index.php\/wp-json\/wp\/v2\/tags?post=126592"}],"curies":[{"name":"wp","href":"https:\/\/api.w.org\/{rel}","templated":true}]}}