{"id":12657,"date":"2021-01-31T17:20:02","date_gmt":"2021-01-31T20:20:02","guid":{"rendered":"http:\/\/www.centraldenoticias.com.ar\/?p=12657"},"modified":"2021-01-31T18:39:03","modified_gmt":"2021-01-31T21:39:03","slug":"este-lunes-se-pone-en-marcha-una-nueva-etapa-del-rta","status":"publish","type":"post","link":"https:\/\/cdnoticias.com\/index.php\/2021\/01\/31\/este-lunes-se-pone-en-marcha-una-nueva-etapa-del-rta\/","title":{"rendered":"Este lunes se pone en marcha una nueva etapa del RTA"},"content":{"rendered":"<p>Ser\u00e1 la octava y el puntapi\u00e9 inicial\u00a0 ser\u00e1 en el m\u00f3dulo ubicado frente al Hospital Municipal. Durante gran parte de la primera quincena de febrero se llegar\u00e1 a diversos puntos del casco urbano local. <strong>Cronograma completo<\/strong>.<!--more--><\/p>\n<hr \/>\n<p>El operativo de testeo masivo impulsado desde el municipio tendr\u00e1 a partir de este lunes la puesta en marcha de la octava etapa, con la cual<strong> recorrer\u00e1 varios puntos del casco urbano local durante gran parte de la primera quincena de febrero.<\/strong><\/p>\n<p>&nbsp;<\/p>\n<p>Con el inicio del mes venidero se inaugura un nuevo cap\u00edtulo de denominado RTA, que <strong>este lunes desde las 8 recibir\u00e1 en el m\u00f3dulo ubicado frente al Hospital Municipal a aquellas personas que presenten s\u00edntomas compatibles de coronavirus.<\/strong><\/p>\n<p>&nbsp;<\/p>\n<blockquote><p>Desde el Ejecutivo local se insisti\u00f3 en que s\u00f3lo se acerquen aquellas personas que tengan tos, dolor de garganta, falta de gusto u olfato, fiebre mayor a 37.5, falta de aire o m\u00e1s de 48 horas de diarrea.<\/p><\/blockquote>\n<p>&nbsp;<\/p>\n<p>Asimismo, se recuerda que <strong>desde las 7 contin\u00faan los hisopados PCR en el Hospital Municipal<\/strong> (de lunes a s\u00e1bado) y que en caso de lluvia o clima adverso, el RTA se suspende y los testeos del nosocomio se trasladan a la sede de la Sociedad de Fomento Mariano Moreno, tambi\u00e9n en el horario de 7 a 8.<\/p>\n<p>&nbsp;<\/p>\n<p><em><strong>El cronograma<\/strong><\/em><\/p>\n<p>&nbsp;<\/p>\n<p>Martes 2 de febrero: Paseo de la Salud (Belgrano y Brown) \u2013 9 horas.<\/p>\n<p>&nbsp;<\/p>\n<p>Mi\u00e9rcoles 3 de febrero: M\u00f3dulo del Hospital \u2013 8 horas.<\/p>\n<p>&nbsp;<\/p>\n<p>Jueves 4 de febrero: Paseo de la Salud (Belgrano y Brown) \u2013 9 horas.<\/p>\n<p>&nbsp;<\/p>\n<p>Viernes 5 de febrero: M\u00f3dulo del Hospital \u2013 8 horas.<\/p>\n<p>&nbsp;<\/p>\n<p><img data-recalc-dims=\"1\" loading=\"lazy\" decoding=\"async\" class=\"alignnone size-large wp-image-11814\" src=\"https:\/\/i0.wp.com\/cdnoticias.com\/wp-content\/uploads\/2021\/01\/Salud-Modulo-testeos-Hospital-3-1024x682-1024x682.jpg?resize=800%2C533&#038;ssl=1\" alt=\"\" width=\"800\" height=\"533\" srcset=\"https:\/\/i0.wp.com\/cdnoticias.com\/wp-content\/uploads\/2021\/01\/Salud-Modulo-testeos-Hospital-3-1024x682.jpg?resize=1024%2C682&amp;ssl=1 1024w, https:\/\/i0.wp.com\/cdnoticias.com\/wp-content\/uploads\/2021\/01\/Salud-Modulo-testeos-Hospital-3-1024x682.jpg?resize=300%2C200&amp;ssl=1 300w, https:\/\/i0.wp.com\/cdnoticias.com\/wp-content\/uploads\/2021\/01\/Salud-Modulo-testeos-Hospital-3-1024x682.jpg?resize=768%2C512&amp;ssl=1 768w, https:\/\/i0.wp.com\/cdnoticias.com\/wp-content\/uploads\/2021\/01\/Salud-Modulo-testeos-Hospital-3-1024x682.jpg?resize=272%2C182&amp;ssl=1 272w\" sizes=\"auto, (max-width: 800px) 100vw, 800px\" \/><\/p>\n<p>&nbsp;<\/p>\n<p>&nbsp;<\/p>\n<p>Lunes 8 de febrero: Servicio Municipal Territorial N\u00b02 \u2013 9 horas.<\/p>\n<p>&nbsp;<\/p>\n<p>Martes 9 de febrero: CAPS de Barrio AOMA \u2013 9 horas.<\/p>\n<p>&nbsp;<\/p>\n<p>Mi\u00e9rcoles 10 de febrero: Servicio Municipal Territorial N\u00b06 \u2013 9 horas.<\/p>\n<p>&nbsp;<\/p>\n<p>Jueves 11 de febrero: Jard\u00edn Bel\u00e9n \u2013 9 horas.<\/p>\n<p>&nbsp;<\/p>\n<p>Viernes 12 de febrero: Servicio Municipal Territorial N\u00b04 \u2013 9 horas.<\/p>\n<p>&nbsp;<\/p>\n<p>&nbsp;<\/p>\n","protected":false},"excerpt":{"rendered":"<p>Ser\u00e1 la octava y el puntapi\u00e9 inicial\u00a0 ser\u00e1 en el m\u00f3dulo ubicado frente al Hospital Municipal. Durante gran parte de<\/p>\n","protected":false},"author":3,"featured_media":6175,"comment_status":"closed","ping_status":"closed","sticky":false,"template":"","format":"standard","meta":{"_jetpack_memberships_contains_paid_content":false,"footnotes":""},"categories":[5,1],"tags":[],"class_list":["post-12657","post","type-post","status-publish","format-standard","has-post-thumbnail","hentry","category-informacion-general","category-portada"],"jetpack_featured_media_url":"https:\/\/i0.wp.com\/cdnoticias.com\/wp-content\/uploads\/2020\/11\/Salud-Modulo-RTA-Hospital-2.jpg?fit=1968%2C1312&ssl=1","jetpack_sharing_enabled":true,"_links":{"self":[{"href":"https:\/\/cdnoticias.com\/index.php\/wp-json\/wp\/v2\/posts\/12657","targetHints":{"allow":["GET"]}}],"collection":[{"href":"https:\/\/cdnoticias.com\/index.php\/wp-json\/wp\/v2\/posts"}],"about":[{"href":"https:\/\/cdnoticias.com\/index.php\/wp-json\/wp\/v2\/types\/post"}],"author":[{"embeddable":true,"href":"https:\/\/cdnoticias.com\/index.php\/wp-json\/wp\/v2\/users\/3"}],"replies":[{"embeddable":true,"href":"https:\/\/cdnoticias.com\/index.php\/wp-json\/wp\/v2\/comments?post=12657"}],"version-history":[{"count":0,"href":"https:\/\/cdnoticias.com\/index.php\/wp-json\/wp\/v2\/posts\/12657\/revisions"}],"wp:featuredmedia":[{"embeddable":true,"href":"https:\/\/cdnoticias.com\/index.php\/wp-json\/wp\/v2\/media\/6175"}],"wp:attachment":[{"href":"https:\/\/cdnoticias.com\/index.php\/wp-json\/wp\/v2\/media?parent=12657"}],"wp:term":[{"taxonomy":"category","embeddable":true,"href":"https:\/\/cdnoticias.com\/index.php\/wp-json\/wp\/v2\/categories?post=12657"},{"taxonomy":"post_tag","embeddable":true,"href":"https:\/\/cdnoticias.com\/index.php\/wp-json\/wp\/v2\/tags?post=12657"}],"curies":[{"name":"wp","href":"https:\/\/api.w.org\/{rel}","templated":true}]}}