{"id":126556,"date":"2024-09-28T11:18:33","date_gmt":"2024-09-28T14:18:33","guid":{"rendered":"https:\/\/cdnoticias.com\/?p=126556"},"modified":"2024-09-28T16:59:17","modified_gmt":"2024-09-28T19:59:17","slug":"que-leemos-este-finde-el-mundo-interior-de-los-personajes","status":"publish","type":"post","link":"https:\/\/cdnoticias.com\/index.php\/2024\/09\/28\/que-leemos-este-finde-el-mundo-interior-de-los-personajes\/","title":{"rendered":"\u00bfQu\u00e9 leemos este finde?: el mundo interior de los personajes"},"content":{"rendered":"\n<p>En Las Olas, Virginia Woolf nos propone una aventura narrativa a las emociones, pensamientos y reflexiones de seis personas a lo largo de sus vidas.<\/p>\n\n\n\n<hr class=\"wp-block-separator has-alpha-channel-opacity\"\/>\n\n\n\n<p><em>Yesica Guevara \/ del staff de Central de Noticias<\/em><\/p>\n\n\n\n<p><\/p>\n\n\n\n<p>\u201cDe aqu\u00ed que \u00e9l alcanzara la perfecci\u00f3n, pero yo fracasar\u00e9 y no dejar\u00e9 nada detr\u00e1s de m\u00ed excepto frases imperfectas manchadas de arena\u201d.<\/p>\n\n\n\n<p><\/p>\n\n\n\n<p><strong>Las olas es la s\u00e9ptima novela de Virgina Woolf, publicada en 1931. <\/strong>Con una estructura novedosa, narra la vida de <strong>seis personajes<\/strong>: Bernard, Susan, Rhoda, Neville, Jinny y Louis. En realidad, lo correcto ser\u00eda decir que <strong>ellos mismos narran su vida.<\/strong><\/p>\n\n\n\n<p><\/p>\n\n\n\n<p>A trav\u00e9s de <strong>extensas reflexiones interiores<\/strong> conocemos sus v\u00ednculos, sus miedos, sus pasiones y la opini\u00f3n que tiene cada uno sobre el otro. Un verdadero viaje narrativo que nos lleva a destejer distintas historias.<\/p>\n\n\n\n<p><\/p>\n\n\n\n<p>\u201cLa voz humana tiene una calidad que desarma (no somos \u00fanicos, somos todos el mismo)\u201d.<\/p>\n\n\n\n<p><\/p>\n\n\n\n<p>Woolf nos presenta la <strong>voz interna de los personajes<\/strong> en lugar del narrador tradicional. Esta es una caracter\u00edstica de la autora, poner a disposici\u00f3n del lector, el mon\u00f3logo interior de cada uno de ellos, y de esta forma, conocer sus emociones y estructura de pensamientos.<\/p>\n\n\n\n<p><\/p>\n\n\n\n<p>Con una<strong> escritura profundamente po\u00e9tica, <\/strong>Woolf nos presenta un mundo que podemos tocar, ver y o\u00edr. Una polifon\u00eda de voces que funciona como una enredadera de la que se desprenden distintos relatos.<\/p>\n\n\n\n<p><\/p>\n\n\n\n<p><strong>Sobre la autora<\/strong><\/p>\n\n\n\n<p><\/p>\n\n\n\n<figure class=\"wp-block-image size-full\"><img data-recalc-dims=\"1\" loading=\"lazy\" decoding=\"async\" width=\"800\" height=\"445\" src=\"https:\/\/i0.wp.com\/cdnoticias.com\/wp-content\/uploads\/2024\/09\/woolf.jpg?resize=800%2C445&#038;ssl=1\" alt=\"\" class=\"wp-image-126557\" srcset=\"https:\/\/i0.wp.com\/cdnoticias.com\/wp-content\/uploads\/2024\/09\/woolf.jpg?w=800&amp;ssl=1 800w, https:\/\/i0.wp.com\/cdnoticias.com\/wp-content\/uploads\/2024\/09\/woolf.jpg?resize=300%2C167&amp;ssl=1 300w, https:\/\/i0.wp.com\/cdnoticias.com\/wp-content\/uploads\/2024\/09\/woolf.jpg?resize=768%2C427&amp;ssl=1 768w\" sizes=\"auto, (max-width: 800px) 100vw, 800px\" \/><\/figure>\n\n\n\n<p><\/p>\n\n\n\n<p>Virginia Woolf fue una escritora brit\u00e1nica que naci\u00f3 el 25 de enero de 1882 y muri\u00f3 el 28 de marzo de 1941.<\/p>\n\n\n\n<p><\/p>\n\n\n\n<p>Autora de novelas, cuentos, obras teatrales y dem\u00e1s obras literarias; considerada una de las figuras m\u00e1s destacadas del modernismo vanguardista anglosaj\u00f3n del siglo XX y del feminismo internacional.<\/p>\n\n\n\n<p><\/p>\n\n\n\n<p>En una de sus obras, Una habitaci\u00f3n propia, la autora lleg\u00f3 a preguntarse: &#8220;\u00bfQu\u00e9 necesitan las mujeres para escribir buenas novelas? Independencia econ\u00f3mica y personal, o sea, una habitaci\u00f3n propia&#8221;.<\/p>\n\n\n\n<p><\/p>\n\n\n\n<p>En 1912 se cas\u00f3 y fund\u00f3 la editorial Hogarth Press con su marido, Leonard. As\u00ed pudieron editar ellos mismos las novelas de Woolf y publicaron obras de otros escritores.<\/p>\n\n\n\n<p><\/p>\n\n\n\n<p>Tanto ella como su marido, integraron el C\u00edrculo de Bloomsbury, un grupo de intelectuales unidos por su creencia en el valor del arte.<\/p>\n\n\n\n<p><\/p>\n\n\n\n<p>Pueden encontrar m\u00e1s lecturas en&nbsp;<a href=\"https:\/\/www.instagram.com\/queleistehoy\/\">\u00bfQu\u00e9 le\u00edste hoy?<\/a>&nbsp;y todos los s\u00e1bados de 10 a 13 en el programa&nbsp;<a href=\"https:\/\/open.spotify.com\/show\/4kx0kzlFcy8R82uybkJdw6?si=006e1e8f57f94d1a\">Radioaficionados&nbsp;<\/a>por Radio Universidad (90.1). <\/p>\n","protected":false},"excerpt":{"rendered":"<p>En Las Olas, Virginia Woolf nos propone una aventura narrativa a las emociones, pensamientos y reflexiones de seis personas a<\/p>\n","protected":false},"author":2,"featured_media":126558,"comment_status":"closed","ping_status":"closed","sticky":false,"template":"","format":"standard","meta":{"_jetpack_memberships_contains_paid_content":false,"footnotes":""},"categories":[9,1],"tags":[],"class_list":["post-126556","post","type-post","status-publish","format-standard","has-post-thumbnail","hentry","category-cultura","category-portada"],"jetpack_featured_media_url":"https:\/\/i0.wp.com\/cdnoticias.com\/wp-content\/uploads\/2024\/09\/lasolas-woolf.jpg?fit=1600%2C890&ssl=1","jetpack_sharing_enabled":true,"_links":{"self":[{"href":"https:\/\/cdnoticias.com\/index.php\/wp-json\/wp\/v2\/posts\/126556","targetHints":{"allow":["GET"]}}],"collection":[{"href":"https:\/\/cdnoticias.com\/index.php\/wp-json\/wp\/v2\/posts"}],"about":[{"href":"https:\/\/cdnoticias.com\/index.php\/wp-json\/wp\/v2\/types\/post"}],"author":[{"embeddable":true,"href":"https:\/\/cdnoticias.com\/index.php\/wp-json\/wp\/v2\/users\/2"}],"replies":[{"embeddable":true,"href":"https:\/\/cdnoticias.com\/index.php\/wp-json\/wp\/v2\/comments?post=126556"}],"version-history":[{"count":0,"href":"https:\/\/cdnoticias.com\/index.php\/wp-json\/wp\/v2\/posts\/126556\/revisions"}],"wp:featuredmedia":[{"embeddable":true,"href":"https:\/\/cdnoticias.com\/index.php\/wp-json\/wp\/v2\/media\/126558"}],"wp:attachment":[{"href":"https:\/\/cdnoticias.com\/index.php\/wp-json\/wp\/v2\/media?parent=126556"}],"wp:term":[{"taxonomy":"category","embeddable":true,"href":"https:\/\/cdnoticias.com\/index.php\/wp-json\/wp\/v2\/categories?post=126556"},{"taxonomy":"post_tag","embeddable":true,"href":"https:\/\/cdnoticias.com\/index.php\/wp-json\/wp\/v2\/tags?post=126556"}],"curies":[{"name":"wp","href":"https:\/\/api.w.org\/{rel}","templated":true}]}}