{"id":126545,"date":"2024-09-27T20:58:49","date_gmt":"2024-09-27T23:58:49","guid":{"rendered":"https:\/\/cdnoticias.com\/?p=126545"},"modified":"2024-09-28T09:46:19","modified_gmt":"2024-09-28T12:46:19","slug":"ioma-prescinde-de-los-servicios-de-femeba-en-olavarria","status":"publish","type":"post","link":"https:\/\/cdnoticias.com\/index.php\/2024\/09\/27\/ioma-prescinde-de-los-servicios-de-femeba-en-olavarria\/","title":{"rendered":"IOMA prescinde de los servicios de FEMEBA en Olavarr\u00eda"},"content":{"rendered":"\n<p>La mutual emiti\u00f3 un comunicado en el que confirm\u00f3 que regir\u00e1 desde el 1\u00b0 de octubre por &#8220;prestaci\u00f3n insatisfactoria&#8221;. La medida abarca adem\u00e1s a siete municipios.<\/p>\n\n\n\n<hr class=\"wp-block-separator aligncenter has-alpha-channel-opacity\"\/>\n\n\n\n<p>Este viernes, el <strong>Directorio de IOMA <\/strong>emiti\u00f3 un comunicado en el que confirm\u00f3 que<strong> desde el 1\u00b0 de octubre prescindir\u00e1 de los servicios de la Federaci\u00f3n M\u00e9dica de la Provincia de Buenos Aires (FEMEBA) en Olavarr\u00eda y otros siete Municipios.<\/strong><\/p>\n\n\n\n<p>Adem\u00e1s de nuestra ciudad, se suman Azul, Tapalqu\u00e9, General Alvear, General Lamadrid, Daireaux, Laprida y Lincoln, <strong>por resultar<em> \u201cinsatisfactoria la prestaci\u00f3n\u201d.<\/em><\/strong><\/p>\n\n\n\n<p>Entre los motivos que presenta el Directorio de la obra social destacaron la resoluci\u00f3n que<em><strong> \u201cse observan problemas de acceso principalmente en el primer nivel de atenci\u00f3n, donde existen restricciones por cobros indebidos, falta de profesionales e imposibilidad de obtener turnos en tiempos aceptables\u201d.<\/strong><\/em><\/p>\n\n\n\n<blockquote class=\"wp-block-quote is-layout-flow wp-block-quote-is-layout-flow\">\n<p>Tambi\u00e9n la obra social ha recibido una propuesta muy importante por parte de COCEBA (Consorcio del Centro de la Provincia de Buenos Aires) para gestionar la atenci\u00f3n y las prestaciones del universo afiliatorio del IOMA tanto en Olavarr\u00eda como en toda la regi\u00f3n.<\/p>\n<\/blockquote>\n\n\n\n<p><strong>El comunicado adem\u00e1s especifica la situaci\u00f3n de Lincoln<\/strong>, donde suman <em>\u201c<strong>el incumplimiento de la FEMEBA de atender a los afiliados provenientes de Jun\u00edn y otros partidos aleda\u00f1os en represalia con la medida dispuesta por el IOMA de prescindir de los servicios de la Federaci\u00f3n en esos lugares a partir del 1 de septiembre, llevando a cabo as\u00ed un trato discriminatorio <\/strong>a esos afiliados en relaci\u00f3n con los dem\u00e1s que no pueden ser tolerado por el IOMA, resultando necesario normalizar la atenci\u00f3n\u201d.<\/em><\/p>\n\n\n\n<p>Ese cese de servicios, vale decir,<strong> generaron un paro desde FEMEBA durante 72 horas donde instaron a retrotraer la medida de la mutual provincial.<\/strong><\/p>\n\n\n\n<p>Para cerrar el comunicado<strong>, IOMA abri\u00f3 la posibilidad de que<em> \u201clas y los profesionales puedan inscribirse y ser prestadores directos sin intermediaci\u00f3n, cuya tramitaci\u00f3n es simple y sencilla&#8221;<\/em><\/strong><a href=\"https:\/\/www.ioma.gba.gob.ar\/index.php\/2024\/08\/27\/53831\/\"> ingresando en el siguiente link.<\/a><\/p>\n","protected":false},"excerpt":{"rendered":"<p>La mutual emiti\u00f3 un comunicado en el que confirm\u00f3 que regir\u00e1 desde el 1\u00b0 de octubre por &#8220;prestaci\u00f3n insatisfactoria&#8221;. La<\/p>\n","protected":false},"author":2,"featured_media":107040,"comment_status":"closed","ping_status":"closed","sticky":false,"template":"","format":"standard","meta":{"_jetpack_memberships_contains_paid_content":false,"footnotes":""},"categories":[4,1],"tags":[],"class_list":["post-126545","post","type-post","status-publish","format-standard","has-post-thumbnail","hentry","category-politica","category-portada"],"jetpack_featured_media_url":"https:\/\/i0.wp.com\/cdnoticias.com\/wp-content\/uploads\/2024\/01\/ioma-danos.png?fit=986%2C419&ssl=1","jetpack_sharing_enabled":true,"_links":{"self":[{"href":"https:\/\/cdnoticias.com\/index.php\/wp-json\/wp\/v2\/posts\/126545","targetHints":{"allow":["GET"]}}],"collection":[{"href":"https:\/\/cdnoticias.com\/index.php\/wp-json\/wp\/v2\/posts"}],"about":[{"href":"https:\/\/cdnoticias.com\/index.php\/wp-json\/wp\/v2\/types\/post"}],"author":[{"embeddable":true,"href":"https:\/\/cdnoticias.com\/index.php\/wp-json\/wp\/v2\/users\/2"}],"replies":[{"embeddable":true,"href":"https:\/\/cdnoticias.com\/index.php\/wp-json\/wp\/v2\/comments?post=126545"}],"version-history":[{"count":0,"href":"https:\/\/cdnoticias.com\/index.php\/wp-json\/wp\/v2\/posts\/126545\/revisions"}],"wp:featuredmedia":[{"embeddable":true,"href":"https:\/\/cdnoticias.com\/index.php\/wp-json\/wp\/v2\/media\/107040"}],"wp:attachment":[{"href":"https:\/\/cdnoticias.com\/index.php\/wp-json\/wp\/v2\/media?parent=126545"}],"wp:term":[{"taxonomy":"category","embeddable":true,"href":"https:\/\/cdnoticias.com\/index.php\/wp-json\/wp\/v2\/categories?post=126545"},{"taxonomy":"post_tag","embeddable":true,"href":"https:\/\/cdnoticias.com\/index.php\/wp-json\/wp\/v2\/tags?post=126545"}],"curies":[{"name":"wp","href":"https:\/\/api.w.org\/{rel}","templated":true}]}}