{"id":126518,"date":"2024-09-27T17:53:21","date_gmt":"2024-09-27T20:53:21","guid":{"rendered":"https:\/\/cdnoticias.com\/?p=126518"},"modified":"2024-09-28T09:13:22","modified_gmt":"2024-09-28T12:13:22","slug":"los-trabajadores-municipales-cobraran-por-decreto-con-un-12-de-aumento","status":"publish","type":"post","link":"https:\/\/cdnoticias.com\/index.php\/2024\/09\/27\/los-trabajadores-municipales-cobraran-por-decreto-con-un-12-de-aumento\/","title":{"rendered":"Los trabajadores municipales cobrar\u00e1n por decreto con un 12% de aumento\u00a0"},"content":{"rendered":"\n<p>Los salarios estar\u00e1n depositados este s\u00e1bado. Tras no acordar con el sindicato, el incremento se dar\u00e1 por la v\u00eda del decreto firmado por el intendente Wesner.<\/p>\n\n\n\n<hr class=\"wp-block-separator aligncenter has-alpha-channel-opacity\"\/>\n\n\n\n<p>Tras una negociaci\u00f3n que no lleg\u00f3 a buen puerto entre el Municipio y el Sindicato de Trabajadores Municipales, <strong>finalmente se conoci\u00f3 este viernes que los empleados cobrar\u00e1n el s\u00e1bado con el 12% de aumento tras la firma de un decreto por parte del intendente Wesner.<\/strong><\/p>\n\n\n\n<p>Llegada la fecha l\u00edmite de liquidaci\u00f3n de haberes y sin acuerdo,<strong> finalmente la comuna decidi\u00f3 otorgar la suba salarial por decreto para no dilatar un mes m\u00e1s las negociaciones y, por consiguiente, la falta de impacto en los bolsillos de los trabajadores.<\/strong><\/p>\n\n\n\n<p>Seg\u00fan logr\u00f3 confirmar <strong>Central de Noticias, la suba ser\u00e1 la misma que fue la \u00faltima ofrecida al gremio: para aquellos trabajadores del agrupamiento obrero y servicio, administrativo, t\u00e9cnico, profesionales de la administraci\u00f3n, jornalizados y personal de cultura recibir\u00e1n el aumento del 12% sobre la base del mes de agosto 2024 al b\u00e1sico, adicional salarial de suma fija y bonificaci\u00f3n presentismo y puntualidad en la liquidaci\u00f3n de septiembre.<\/strong><\/p>\n\n\n\n<p>Quienes pertenezcan a la <strong>carrera M\u00e9dico Hospitalaria cobrar\u00e1n una de las dos partes del aumento, es decir el 6%, al B\u00e1sico, guardia, adicional salarial de suma fija y bonificaci\u00f3n de presentismo y puntualidad<\/strong>. Siempre bas\u00e1ndose en la \u00faltima oferta ofrecida en paritarias, cobrar\u00e1n otro 6% m\u00e1s en octubre.<\/p>\n\n\n\n<p>Mientras tanto,<strong> funcionarios y concejales recibir\u00e1n este mes un 4% de suba,<\/strong> y se aclar\u00f3 que los Concejales y cargos de la LOM atento a que el aumento es por Ley deber\u00e1n aceptar por declaraci\u00f3n jurada esta decisi\u00f3n.<strong> Este sector tambi\u00e9n recibir\u00e1 un 12% de aumento pero fraccionado en tres cuotas durante tres meses.<\/strong><\/p>\n\n\n\n<p>Adem\u00e1s, se inform\u00f3 a <strong>Central de Noticias que los empleados fueron notificados por la Direcci\u00f3n de Personal del cobro con aumento <\/strong>por lo que la informaci\u00f3n r\u00e1pidamente se conoci\u00f3 en el \u00e1mbito municipal y lleg\u00f3 a los medios.<\/p>\n","protected":false},"excerpt":{"rendered":"<p>Los salarios estar\u00e1n depositados este s\u00e1bado. Tras no acordar con el sindicato, el incremento se dar\u00e1 por la v\u00eda del<\/p>\n","protected":false},"author":2,"featured_media":111455,"comment_status":"closed","ping_status":"closed","sticky":false,"template":"","format":"standard","meta":{"_jetpack_memberships_contains_paid_content":false,"footnotes":""},"categories":[5,1],"tags":[],"class_list":["post-126518","post","type-post","status-publish","format-standard","has-post-thumbnail","hentry","category-informacion-general","category-portada"],"jetpack_featured_media_url":"https:\/\/i0.wp.com\/cdnoticias.com\/wp-content\/uploads\/2024\/03\/wesner-firma-decreto.jpg?fit=800%2C445&ssl=1","jetpack_sharing_enabled":true,"_links":{"self":[{"href":"https:\/\/cdnoticias.com\/index.php\/wp-json\/wp\/v2\/posts\/126518","targetHints":{"allow":["GET"]}}],"collection":[{"href":"https:\/\/cdnoticias.com\/index.php\/wp-json\/wp\/v2\/posts"}],"about":[{"href":"https:\/\/cdnoticias.com\/index.php\/wp-json\/wp\/v2\/types\/post"}],"author":[{"embeddable":true,"href":"https:\/\/cdnoticias.com\/index.php\/wp-json\/wp\/v2\/users\/2"}],"replies":[{"embeddable":true,"href":"https:\/\/cdnoticias.com\/index.php\/wp-json\/wp\/v2\/comments?post=126518"}],"version-history":[{"count":0,"href":"https:\/\/cdnoticias.com\/index.php\/wp-json\/wp\/v2\/posts\/126518\/revisions"}],"wp:featuredmedia":[{"embeddable":true,"href":"https:\/\/cdnoticias.com\/index.php\/wp-json\/wp\/v2\/media\/111455"}],"wp:attachment":[{"href":"https:\/\/cdnoticias.com\/index.php\/wp-json\/wp\/v2\/media?parent=126518"}],"wp:term":[{"taxonomy":"category","embeddable":true,"href":"https:\/\/cdnoticias.com\/index.php\/wp-json\/wp\/v2\/categories?post=126518"},{"taxonomy":"post_tag","embeddable":true,"href":"https:\/\/cdnoticias.com\/index.php\/wp-json\/wp\/v2\/tags?post=126518"}],"curies":[{"name":"wp","href":"https:\/\/api.w.org\/{rel}","templated":true}]}}