{"id":126503,"date":"2024-09-28T09:13:01","date_gmt":"2024-09-28T12:13:01","guid":{"rendered":"https:\/\/cdnoticias.com\/?p=126503"},"modified":"2024-09-28T10:16:30","modified_gmt":"2024-09-28T13:16:30","slug":"bucca-relanzo-un-proyecto-sobre-hogares-de-residencia-para-personas-con-discapacidad-severa","status":"publish","type":"post","link":"https:\/\/cdnoticias.com\/index.php\/2024\/09\/28\/bucca-relanzo-un-proyecto-sobre-hogares-de-residencia-para-personas-con-discapacidad-severa\/","title":{"rendered":"Bucca relanz\u00f3 un proyecto sobre hogares de residencia para personas con discapacidad severa"},"content":{"rendered":"<p>Es un proyecto de ley que se analiz\u00f3 en la Comisi\u00f3n de Igualdad Real de Trato, Oportunidades y de Discapacidad de la Legislatura. \u201cEs un proyecto que nace de visitar y recorrer centros de atenci\u00f3n de personas con discapacidad severa en toda la provincia de Buenos Aires\u201d dijo el senador de Bol\u00edvar.<!--more--><\/p>\n<hr \/>\n<p><strong>Eduardo \u201cBali\u201d Bucca<\/strong> relanz\u00f3 un <strong>proyecto que busca salvar y fortalecer los hogares de residencia<\/strong> que brindan contenci\u00f3n y asistencia para <strong>personas con discapacidad severa.<\/strong><\/p>\n<p>El senador provincial, Dr. Eduardo Bucca, <strong>relanz\u00f3 en la Comisi\u00f3n de Igualdad Real de Trato, Oportunidades y de Discapacidad del Senado provincial<\/strong>, desarrollada en la jornada del mi\u00e9rcoles, un <strong>proyecto de ley<\/strong> que pretende fortalecer y apoyar a los Hogares de Residencia que se encargan de contener a los j\u00f3venes y adultos con discapacidad severa.<\/p>\n<blockquote><p>\u201cEste es un proyecto que nace de visitar y recorrer centros de atenci\u00f3n de personas con discapacidad severa en toda la provincia de Buenos Aires. Y considero que fueron las familias y el personal de estos centros, los que han puesto la pluma para redactar este proyecto\u201d, enfatiz\u00f3 el m\u00e9dico Bucca.<\/p><\/blockquote>\n<p>Luego de su recorrida territorial, y de varias reuniones con el equipo t\u00e9cnico del Ejecutivo Provincial, logr\u00f3<strong> receptar sus consideraciones y readecuarlo a las necesidades m\u00e1s acuciantes<\/strong> vinculadas al requerimiento de casas-hogares que brinden asistencia y contenci\u00f3n a estos<strong> j\u00f3venes y adultos.<\/strong><\/p>\n<p><img data-recalc-dims=\"1\" loading=\"lazy\" decoding=\"async\" class=\"size-full wp-image-126505 aligncenter\" src=\"https:\/\/i0.wp.com\/cdnoticias.com\/wp-content\/uploads\/2024\/09\/eduardo-bali-bucca-comision-senado-01.jpg?resize=800%2C398&#038;ssl=1\" alt=\"\" width=\"800\" height=\"398\" srcset=\"https:\/\/i0.wp.com\/cdnoticias.com\/wp-content\/uploads\/2024\/09\/eduardo-bali-bucca-comision-senado-01.jpg?w=1000&amp;ssl=1 1000w, https:\/\/i0.wp.com\/cdnoticias.com\/wp-content\/uploads\/2024\/09\/eduardo-bali-bucca-comision-senado-01.jpg?resize=300%2C149&amp;ssl=1 300w, https:\/\/i0.wp.com\/cdnoticias.com\/wp-content\/uploads\/2024\/09\/eduardo-bali-bucca-comision-senado-01.jpg?resize=768%2C382&amp;ssl=1 768w\" sizes=\"auto, (max-width: 800px) 100vw, 800px\" \/><\/p>\n<blockquote><p>Al respecto, el legislador nacido en Bol\u00edvar asegur\u00f3 que es fundamental \u201cpromover la creaci\u00f3n de nuevos centros-hogares y tambi\u00e9n potenciar los existentes\u201d, y agreg\u00f3: \u201chay una pregunta angustiante que se repite en las familias, y es sobre el futuro de sus hijos, qui\u00e9n los cuidar\u00e1 cuando ellos no est\u00e9n, porque son personas que no pueden tomar decisiones por s\u00ed mismas\u201d.<\/p><\/blockquote>\n<p>En este sentido, el proyecto <strong>promueve brindar asistencia a los Hogares de Residencia<\/strong> que funcionan en la actualidad y <strong>apoyar a la puesta en funcionamiento de aquellos que est\u00e1n construidos y habilitados pero que requieren de un acompa\u00f1amiento econ\u00f3mico<\/strong> hasta tanto obtengan los recursos de los Agentes de Salud.<\/p>\n<p>La readecuaci\u00f3n de este proyecto estar\u00eda destinado a<strong> generar un Fondo<\/strong> que establezca el Poder Ejecutivo Provincial, para <strong>cubrir los gastos iniciales que demandan el pago de los haberes y cargas sociales del equipo Interdisciplinario<\/strong> de dichos hogares, hasta tanto las obras sociales realicen el pago de los mismos.<\/p>\n<p>Adem\u00e1s, propone <strong>establecer un r\u00e9gimen tarifario especial en relaci\u00f3n a los servicios p\u00fablicos provinciales<\/strong>. Tambi\u00e9n crear un<strong> Registro \u00danico Provincial de los Hogares<\/strong> para tener informaci\u00f3n actualizada de los mismos y desarrollar un abordaje comunitario en el proceso de habilitaci\u00f3n, que flexibilice los requerimientos en la conformaci\u00f3n de los equipos interdisciplinarios que permita articular con los municipios el abordaje de los servicios de salud.<\/p>\n","protected":false},"excerpt":{"rendered":"<p>Es un proyecto de ley que se analiz\u00f3 en la Comisi\u00f3n de Igualdad Real de Trato, Oportunidades y de Discapacidad<\/p>\n","protected":false},"author":4,"featured_media":126504,"comment_status":"closed","ping_status":"closed","sticky":false,"template":"","format":"standard","meta":{"_jetpack_memberships_contains_paid_content":false,"footnotes":""},"categories":[4,1],"tags":[],"class_list":["post-126503","post","type-post","status-publish","format-standard","has-post-thumbnail","hentry","category-politica","category-portada"],"jetpack_featured_media_url":"https:\/\/i0.wp.com\/cdnoticias.com\/wp-content\/uploads\/2024\/09\/eduardo-bali-bucca-00.jpg?fit=1000%2C556&ssl=1","jetpack_sharing_enabled":true,"_links":{"self":[{"href":"https:\/\/cdnoticias.com\/index.php\/wp-json\/wp\/v2\/posts\/126503","targetHints":{"allow":["GET"]}}],"collection":[{"href":"https:\/\/cdnoticias.com\/index.php\/wp-json\/wp\/v2\/posts"}],"about":[{"href":"https:\/\/cdnoticias.com\/index.php\/wp-json\/wp\/v2\/types\/post"}],"author":[{"embeddable":true,"href":"https:\/\/cdnoticias.com\/index.php\/wp-json\/wp\/v2\/users\/4"}],"replies":[{"embeddable":true,"href":"https:\/\/cdnoticias.com\/index.php\/wp-json\/wp\/v2\/comments?post=126503"}],"version-history":[{"count":0,"href":"https:\/\/cdnoticias.com\/index.php\/wp-json\/wp\/v2\/posts\/126503\/revisions"}],"wp:featuredmedia":[{"embeddable":true,"href":"https:\/\/cdnoticias.com\/index.php\/wp-json\/wp\/v2\/media\/126504"}],"wp:attachment":[{"href":"https:\/\/cdnoticias.com\/index.php\/wp-json\/wp\/v2\/media?parent=126503"}],"wp:term":[{"taxonomy":"category","embeddable":true,"href":"https:\/\/cdnoticias.com\/index.php\/wp-json\/wp\/v2\/categories?post=126503"},{"taxonomy":"post_tag","embeddable":true,"href":"https:\/\/cdnoticias.com\/index.php\/wp-json\/wp\/v2\/tags?post=126503"}],"curies":[{"name":"wp","href":"https:\/\/api.w.org\/{rel}","templated":true}]}}