{"id":126461,"date":"2024-09-27T11:50:38","date_gmt":"2024-09-27T14:50:38","guid":{"rendered":"https:\/\/cdnoticias.com\/?p=126461"},"modified":"2024-09-27T12:35:14","modified_gmt":"2024-09-27T15:35:14","slug":"wesner-participo-del-acto-por-el-aniversario-de-la-unidad-27-de-sierra-chica","status":"publish","type":"post","link":"https:\/\/cdnoticias.com\/index.php\/2024\/09\/27\/wesner-participo-del-acto-por-el-aniversario-de-la-unidad-27-de-sierra-chica\/","title":{"rendered":"Wesner particip\u00f3 del acto por el aniversario de la Unidad 27 de Sierra Chica"},"content":{"rendered":"\n<p>Estuvo acompa\u00f1ado por el ministro de Justicia y Derechos Humanos de la Provincia de Buenos Aires, Juan Mart\u00edn Mena. Adem\u00e1s, se inaugur\u00f3 una nueva oficina de inclusi\u00f3n.<\/p>\n\n\n\n<hr class=\"wp-block-separator aligncenter has-alpha-channel-opacity\"\/>\n\n\n\n<p>En la tarde de este jueves, <strong>el intendente Maximiliano Wesner visit\u00f3 la Unidad Penal N\u00b0 27 de Sierra Chica<\/strong>, donde particip\u00f3 del acto en conmemoraci\u00f3n del <strong>31\u00b0 aniversario de esa sede penal<\/strong>. En la ocasi\u00f3n, adem\u00e1s, <strong>se inaugur\u00f3 una oficina de inclusi\u00f3n.<\/strong> En la actividad <strong>Wesner concurri\u00f3 acompa\u00f1ado<\/strong> por el ministro de Justicia y Derechos Humanos de la Provincia de Buenos Aires,<strong> Juan Mart\u00edn Mena.<\/strong><\/p>\n\n\n\n<p><\/p>\n\n\n\n<p>Asimismo, fueron recibidos por el subsecretario de Pol\u00edtica Penitenciaria Jos\u00e9 Gonz\u00e1lez Hueso, la subsecretaria de Inclusi\u00f3n Laboral y Comunitaria de Personas en Conflicto con la Ley Penal Nora Calandra, el subsecretario de Planificaci\u00f3n, Control de Gesti\u00f3n y Relaciones Institucionales Jos\u00e9 Luis Zerillo, el subjefe del Servicio Penitenciario Bonaerense Inspector General (EG) Javier C\u00e1ceres, el jefe del Complejo Penitenciario Centro Zona Sur inspector mayor (EG) Gustavo Rodr\u00edguez y la directora de la Unidad 27 prefecto mayor (EG) Natalia Medina.<\/p>\n\n\n\n<p><\/p>\n\n\n\n<p>Del acto conmemorativo tambi\u00e9n tomaron parte las juezas de Ejecuci\u00f3n Penal del Departamento Judicial de Azul Adriana Bianco y Silvia Torres, adem\u00e1s de autoridades provinciales y municipales, integrantes de la plana mayor del servicio penitenciario bonaerense, directores de unidades, personal penitenciario y comunidad en general.<\/p>\n\n\n\n<p><\/p>\n\n\n\n<figure class=\"wp-block-image aligncenter size-full\"><img data-recalc-dims=\"1\" loading=\"lazy\" decoding=\"async\" width=\"800\" height=\"452\" src=\"https:\/\/i0.wp.com\/cdnoticias.com\/wp-content\/uploads\/2024\/09\/wenser-sierra-chica-aniversario2.png?resize=800%2C452&#038;ssl=1\" alt=\"\" class=\"wp-image-126467\" srcset=\"https:\/\/i0.wp.com\/cdnoticias.com\/wp-content\/uploads\/2024\/09\/wenser-sierra-chica-aniversario2.png?w=898&amp;ssl=1 898w, https:\/\/i0.wp.com\/cdnoticias.com\/wp-content\/uploads\/2024\/09\/wenser-sierra-chica-aniversario2.png?resize=300%2C169&amp;ssl=1 300w, https:\/\/i0.wp.com\/cdnoticias.com\/wp-content\/uploads\/2024\/09\/wenser-sierra-chica-aniversario2.png?resize=768%2C434&amp;ssl=1 768w\" sizes=\"auto, (max-width: 800px) 100vw, 800px\" \/><\/figure>\n\n\n\n<p><\/p>\n\n\n\n<p>En la ocasi\u00f3n, Wesner expres\u00f3 que \u201c<strong>este acto no es solo protocolar sino que tiene mucho sentido y realidad en el desarrollo de cada una las unidades productivas que realizan un gran trabajo y capacitaci\u00f3n para brindar una verdadera inclusi\u00f3n para cada persona que se encuentra en un contexto de encierro\u201d.<\/strong><\/p>\n\n\n\n<p><\/p>\n\n\n\n<blockquote class=\"wp-block-quote is-layout-flow wp-block-quote-is-layout-flow\">\n<p>\u201cEste trabajo de unidad productiva y capacitaci\u00f3n, no solo le devuelve al Municipio un veh\u00edculo que es para beneficio de toda la comunidad, sino que tambi\u00e9n se arreglan los pupitres escolares y se avanza con el programa de la bloquera lo que significa un circulo virtuoso del Estado en el desarrollo de pol\u00edticas p\u00fablicas que impacten de manera positiva en distintos niveles\u201d asegur\u00f3 el Intendente.<\/p>\n<\/blockquote>\n\n\n\n<p><\/p>\n\n\n\n<figure class=\"wp-block-image aligncenter size-full\"><img data-recalc-dims=\"1\" loading=\"lazy\" decoding=\"async\" width=\"800\" height=\"446\" src=\"https:\/\/i0.wp.com\/cdnoticias.com\/wp-content\/uploads\/2024\/09\/wenser-sierra-chica-aniversario4.png?resize=800%2C446&#038;ssl=1\" alt=\"\" class=\"wp-image-126469\" srcset=\"https:\/\/i0.wp.com\/cdnoticias.com\/wp-content\/uploads\/2024\/09\/wenser-sierra-chica-aniversario4.png?w=898&amp;ssl=1 898w, https:\/\/i0.wp.com\/cdnoticias.com\/wp-content\/uploads\/2024\/09\/wenser-sierra-chica-aniversario4.png?resize=300%2C167&amp;ssl=1 300w, https:\/\/i0.wp.com\/cdnoticias.com\/wp-content\/uploads\/2024\/09\/wenser-sierra-chica-aniversario4.png?resize=768%2C428&amp;ssl=1 768w, https:\/\/i0.wp.com\/cdnoticias.com\/wp-content\/uploads\/2024\/09\/wenser-sierra-chica-aniversario4.png?resize=800%2C445&amp;ssl=1 800w\" sizes=\"auto, (max-width: 800px) 100vw, 800px\" \/><\/figure>\n\n\n\n<p><\/p>\n\n\n\n<p>Por su parte, el ministro de Justicia bonaerense, <strong>Juan Mart\u00edn Mena,<\/strong> puntualiz\u00f3 que \u201c<strong>trabajamos fuertemente en una nueva estructura del Servicio Penitenciario Bonaerense que acompa\u00f1e la tarea que todos los agentes llevan a cabo, porque creemos que es un imperativo no solo legal, sino moral y \u00e9tico, respaldar la tarea que los miembros de la instituci\u00f3n realizan d\u00eda a d\u00eda\u201d.<\/strong><\/p>\n\n\n\n<p><\/p>\n\n\n\n<blockquote class=\"wp-block-quote is-layout-flow wp-block-quote-is-layout-flow\">\n<p>\u201cNos enorgullece el trabajo conjunto del Municipio y el Servicio Penitenciario que posibilitan este programa y brindan herramientas para la inclusi\u00f3n de los internos y sus posibilidades de vida en sociedad para cuando recuperen la libertad&#8221;, remarc\u00f3 Mena.<\/p>\n<\/blockquote>\n\n\n\n<p><\/p>\n\n\n\n<p>Del mismo modo, la <strong>Directora de la Unidad Penitenciaria N\u00b0 27, Natalia Medina<\/strong>, asegur\u00f3 que \u201c<strong><em>entendemos que cada individuo tiene el potencial de cambiar, de aprender y de contribuir positivamente a la sociedad, desde un lugar de transformaci\u00f3n y esperanza\u201d.<\/em><\/strong><\/p>\n\n\n\n<p><\/p>\n\n\n\n<figure class=\"wp-block-image aligncenter size-full\"><img data-recalc-dims=\"1\" loading=\"lazy\" decoding=\"async\" width=\"800\" height=\"453\" src=\"https:\/\/i0.wp.com\/cdnoticias.com\/wp-content\/uploads\/2024\/09\/wenser-sierra-chica-aniversario.png?resize=800%2C453&#038;ssl=1\" alt=\"\" class=\"wp-image-126465\" srcset=\"https:\/\/i0.wp.com\/cdnoticias.com\/wp-content\/uploads\/2024\/09\/wenser-sierra-chica-aniversario.png?w=896&amp;ssl=1 896w, https:\/\/i0.wp.com\/cdnoticias.com\/wp-content\/uploads\/2024\/09\/wenser-sierra-chica-aniversario.png?resize=300%2C170&amp;ssl=1 300w, https:\/\/i0.wp.com\/cdnoticias.com\/wp-content\/uploads\/2024\/09\/wenser-sierra-chica-aniversario.png?resize=768%2C435&amp;ssl=1 768w\" sizes=\"auto, (max-width: 800px) 100vw, 800px\" \/><\/figure>\n\n\n\n<p><\/p>\n\n\n\n<p>\u201cLa inauguraci\u00f3n de este Parque de la Inclusi\u00f3n nos invita a reflexionar acerca de cu\u00e1l es nuestra misi\u00f3n como agentes penitenciario desde un trabajo tratamental como pilar esencial, implementado programas educativos, de capacitaci\u00f3n laboral, culturales, deportivos, religiosos y siempre con el apoyo psicol\u00f3gico y emocional necesarios\u201d, consider\u00f3 la prefecto mayor Medina.<\/p>\n\n\n\n<p><\/p>\n\n\n\n<p>Culminado el acto protocolar y el correspondiente corte de cintas al nuevo espacio en el que funcionar\u00e1 la oficina de inclusi\u00f3n <strong>se hizo entrega al Ejecutivo local de distintos elementos e insumos que fueron confeccionados en distintos espacios y unidades productivas <\/strong>de las c\u00e1rceles situadas en Sierra Chica.<\/p>\n\n\n\n<p><\/p>\n\n\n\n<figure class=\"wp-block-image aligncenter size-full\"><img data-recalc-dims=\"1\" loading=\"lazy\" decoding=\"async\" width=\"800\" height=\"455\" src=\"https:\/\/i0.wp.com\/cdnoticias.com\/wp-content\/uploads\/2024\/09\/wenser-sierra-chica-aniversario1.png?resize=800%2C455&#038;ssl=1\" alt=\"\" class=\"wp-image-126466\" srcset=\"https:\/\/i0.wp.com\/cdnoticias.com\/wp-content\/uploads\/2024\/09\/wenser-sierra-chica-aniversario1.png?w=895&amp;ssl=1 895w, https:\/\/i0.wp.com\/cdnoticias.com\/wp-content\/uploads\/2024\/09\/wenser-sierra-chica-aniversario1.png?resize=300%2C171&amp;ssl=1 300w, https:\/\/i0.wp.com\/cdnoticias.com\/wp-content\/uploads\/2024\/09\/wenser-sierra-chica-aniversario1.png?resize=768%2C437&amp;ssl=1 768w\" sizes=\"auto, (max-width: 800px) 100vw, 800px\" \/><\/figure>\n\n\n\n<p><\/p>\n","protected":false},"excerpt":{"rendered":"<p>Estuvo acompa\u00f1ado por el ministro de Justicia y Derechos Humanos de la Provincia de Buenos Aires, Juan Mart\u00edn Mena. Adem\u00e1s,<\/p>\n","protected":false},"author":6,"featured_media":126468,"comment_status":"closed","ping_status":"closed","sticky":false,"template":"","format":"standard","meta":{"_jetpack_memberships_contains_paid_content":false,"footnotes":""},"categories":[5,1],"tags":[],"class_list":["post-126461","post","type-post","status-publish","format-standard","has-post-thumbnail","hentry","category-informacion-general","category-portada"],"jetpack_featured_media_url":"https:\/\/i0.wp.com\/cdnoticias.com\/wp-content\/uploads\/2024\/09\/wenser-sierra-chica-aniversario3.png?fit=896%2C502&ssl=1","jetpack_sharing_enabled":true,"_links":{"self":[{"href":"https:\/\/cdnoticias.com\/index.php\/wp-json\/wp\/v2\/posts\/126461","targetHints":{"allow":["GET"]}}],"collection":[{"href":"https:\/\/cdnoticias.com\/index.php\/wp-json\/wp\/v2\/posts"}],"about":[{"href":"https:\/\/cdnoticias.com\/index.php\/wp-json\/wp\/v2\/types\/post"}],"author":[{"embeddable":true,"href":"https:\/\/cdnoticias.com\/index.php\/wp-json\/wp\/v2\/users\/6"}],"replies":[{"embeddable":true,"href":"https:\/\/cdnoticias.com\/index.php\/wp-json\/wp\/v2\/comments?post=126461"}],"version-history":[{"count":0,"href":"https:\/\/cdnoticias.com\/index.php\/wp-json\/wp\/v2\/posts\/126461\/revisions"}],"wp:featuredmedia":[{"embeddable":true,"href":"https:\/\/cdnoticias.com\/index.php\/wp-json\/wp\/v2\/media\/126468"}],"wp:attachment":[{"href":"https:\/\/cdnoticias.com\/index.php\/wp-json\/wp\/v2\/media?parent=126461"}],"wp:term":[{"taxonomy":"category","embeddable":true,"href":"https:\/\/cdnoticias.com\/index.php\/wp-json\/wp\/v2\/categories?post=126461"},{"taxonomy":"post_tag","embeddable":true,"href":"https:\/\/cdnoticias.com\/index.php\/wp-json\/wp\/v2\/tags?post=126461"}],"curies":[{"name":"wp","href":"https:\/\/api.w.org\/{rel}","templated":true}]}}