{"id":126451,"date":"2024-09-26T19:20:49","date_gmt":"2024-09-26T22:20:49","guid":{"rendered":"https:\/\/cdnoticias.com\/?p=126451"},"modified":"2024-09-26T21:10:27","modified_gmt":"2024-09-27T00:10:27","slug":"mena-bimestralmente-vamos-a-estar-entregando-mas-escrituras","status":"publish","type":"post","link":"https:\/\/cdnoticias.com\/index.php\/2024\/09\/26\/mena-bimestralmente-vamos-a-estar-entregando-mas-escrituras\/","title":{"rendered":"Mena: \u201cBimestralmente vamos a estar entregando m\u00e1s escrituras\u201d"},"content":{"rendered":"\n<p>El Ministro de Justicia reconoci\u00f3 que, hasta el momento, lograron avanzar en la gesti\u00f3n de 3 mil escrituras en la ciudad. La ministra de H\u00e1bitat, Silvina Batakis, dijo que \u201ces dif\u00edcil\u201d avanzar en planes de vivienda por la crisis.<\/p>\n\n\n\n<hr class=\"wp-block-separator aligncenter has-alpha-channel-opacity\"\/>\n\n\n\n<p><em>Foto: Gentileza En L\u00ednea Noticias<\/em><\/p>\n\n\n\n<p>En el marco de la entrega de escrituras durante un acto encabezado por el intendente Wesner y el ministro de Justicia, Juan Mart\u00edn Mena y su par de H\u00e1bitat, Silvina Batakis, hubo un di\u00e1logo con los medios donde repasaron el trabajo de gesti\u00f3n en el tema. Gesti\u00f3n de m\u00e1s de 3 mil escrituras y el intento de avanzar con planes de vivienda, aunque por la crisis es algo \u201cdif\u00edcil\u201d.<\/p>\n\n\n\n<figure class=\"wp-block-embed is-type-wp-embed is-provider-central-de-noticias-olavarr-a wp-block-embed-central-de-noticias-olavarr-a\"><div class=\"wp-block-embed__wrapper\">\n<blockquote class=\"wp-embedded-content\" data-secret=\"3SuBTJcvqe\"><a href=\"https:\/\/cdnoticias.com\/index.php\/2024\/09\/26\/estamos-a-disposicion-para-continuar-acompanandolos-desde-la-gestion-municipal\/\">\u201cEstamos a disposici\u00f3n para continuar acompa\u00f1\u00e1ndolos desde la gesti\u00f3n municipal\u201d<\/a><\/blockquote><iframe loading=\"lazy\" class=\"wp-embedded-content\" sandbox=\"allow-scripts\" security=\"restricted\" style=\"position: absolute; visibility: hidden;\" title=\"&#8220;\u201cEstamos a disposici\u00f3n para continuar acompa\u00f1\u00e1ndolos desde la gesti\u00f3n municipal\u201d&#8221; &#8212; Central de Noticias | Olavarr\u00eda\" src=\"https:\/\/cdnoticias.com\/index.php\/2024\/09\/26\/estamos-a-disposicion-para-continuar-acompanandolos-desde-la-gestion-municipal\/embed\/#?secret=vBe0mPuC3g#?secret=3SuBTJcvqe\" data-secret=\"3SuBTJcvqe\" width=\"600\" height=\"338\" frameborder=\"0\" marginwidth=\"0\" marginheight=\"0\" scrolling=\"no\"><\/iframe>\n<\/div><\/figure>\n\n\n\n<p>Mena indic\u00f3, en primera instancia, que<em><strong> \u201chasta el momento tenemos gestionadas en Olavarr\u00eda 3 mil escrituras. Ya hemos entregado 1.159 m\u00e1s las 250 que estamos entregando hoy\u201d.<\/strong><\/em> Por la demora en la entrega <em><strong>\u201chemos fijado una agenda con el Intendente para que bimestralmente, aproximadamente, vamos a estar entregando escrituras para que el pueblo bonaerense no sufra m\u00e1s las demoras de 10, 15, 20, 30 a\u00f1os que estamos levantando desde que el gobernador Axel Kicillof tom\u00f3 la decisi\u00f3n de crear programa Mi Escritura Mi Casa\u201d.<\/strong><\/em><\/p>\n\n\n\n<p>De hecho, en el acto del mediod\u00eda <em>\u201cuna familia de Olavarr\u00eda recibi\u00f3 una escritura despu\u00e9s de 22 a\u00f1os, otra despu\u00e9s de 28. Eso es inaceptable. El Gobernador tom\u00f3 una decisi\u00f3n que es poner la Escriban\u00eda de la provincia de Buenos Aires a trabajar para solucionar este problema para todos los vecinos y vecinas de la Provincia y eso estamos haciendo\u201d.<\/em> En este sentido, <em><strong>\u201cya gestionamos 130 mil escrituras en toda la provincia de Buenos Aires y estamos haciendo la entrega permanente para que las familias recuperen la seguridad jur\u00eddica de tener asegurado justamente el hogar sin que nadie se los pueda tocar\u201d.<\/strong><\/em><\/p>\n\n\n\n<p>Con respecto al avance de 100 viviendas del Barrio CECO III y la posibilidad de generar m\u00e1s casas en programas en Olavarr\u00eda, la ministra Batakis se\u00f1al\u00f3 que <em>\u201cestuvimos hablando con Maxi respecto a posibilidad de llevar adelante m\u00e1s viviendas\u201d.<\/em> Sin embargo,<em><strong> \u201clamentablemente la crisis econ\u00f3mica y financiera que ha generado este gobierno limita mucho las posibilidades que tiene la provincia\u201d.<\/strong><\/em><\/p>\n\n\n\n<figure class=\"wp-block-image size-large\"><img data-recalc-dims=\"1\" loading=\"lazy\" decoding=\"async\" width=\"800\" height=\"532\" src=\"https:\/\/i0.wp.com\/cdnoticias.com\/wp-content\/uploads\/2024\/09\/batakis-mena.jpeg?resize=800%2C532&#038;ssl=1\" alt=\"\" class=\"wp-image-126453\" srcset=\"https:\/\/i0.wp.com\/cdnoticias.com\/wp-content\/uploads\/2024\/09\/batakis-mena.jpeg?resize=1024%2C681&amp;ssl=1 1024w, https:\/\/i0.wp.com\/cdnoticias.com\/wp-content\/uploads\/2024\/09\/batakis-mena.jpeg?resize=300%2C200&amp;ssl=1 300w, https:\/\/i0.wp.com\/cdnoticias.com\/wp-content\/uploads\/2024\/09\/batakis-mena.jpeg?resize=768%2C511&amp;ssl=1 768w, https:\/\/i0.wp.com\/cdnoticias.com\/wp-content\/uploads\/2024\/09\/batakis-mena.jpeg?resize=272%2C182&amp;ssl=1 272w, https:\/\/i0.wp.com\/cdnoticias.com\/wp-content\/uploads\/2024\/09\/batakis-mena.jpeg?w=1400&amp;ssl=1 1400w\" sizes=\"auto, (max-width: 800px) 100vw, 800px\" \/><\/figure>\n\n\n\n<blockquote class=\"wp-block-quote is-layout-flow wp-block-quote-is-layout-flow\">\n<p>\u201cNo hay de ninguna forma, una provincia, un gobierno local que pueda suplir las pol\u00edticas que tiene que llevar adelante un gobierno nacional. Esto es imposible. S\u00ed el gobernador nos ha pedido que hagamos el m\u00e1ximo esfuerzo para llevar adelante todo lo que el gobierno nacional ha abandonado y estamos trabajando en eso, pero es dif\u00edcil\u201d admiti\u00f3.<\/p>\n<\/blockquote>\n\n\n\n<p>De todas maneras, en la reuni\u00f3n que mantuvieron con el intendente Wesner<em><strong> \u201cest\u00e1bamos empezando a explorar la posibilidad de hacer alg\u00fan tipo de convenio en donde entre los dos, asociados, articulados tambi\u00e9n con el Ministerio de Justicia podamos llevar adelante alg\u00fan tipo de obra. La vamos a seguir explorando y seguramente a la brevedad vamos a tener noticias\u201d<\/strong><\/em> agreg\u00f3.<\/p>\n\n\n\n<p>Finalmente, valor\u00f3 que del total de escrituras entregadas <em>\u201cel Intendente hoy me comentaba que 23 son del Plan Procrear, que fue un plan nacional que trataba de acercar cr\u00e9dito de una forma mucho m\u00e1s accesible a la clase media, 105 son a trav\u00e9s del Instituto de la Vivienda\u201d<\/em> y valor\u00f3, con ese ejemplo, <em><strong>\u201cel rol del Estado, que hoy est\u00e1 tan discutido desde el gobierno nacional pero cuando est\u00e1 presente brinda soluciones y eso es lo que hemos venido a hacer hoy ac\u00e1, en mucha articulaci\u00f3n y muy buena articulaci\u00f3n y coordinaci\u00f3n con el intendente\u201d<\/strong><\/em> cerr\u00f3.<\/p>\n","protected":false},"excerpt":{"rendered":"<p>El Ministro de Justicia reconoci\u00f3 que, hasta el momento, lograron avanzar en la gesti\u00f3n de 3 mil escrituras en la<\/p>\n","protected":false},"author":2,"featured_media":126460,"comment_status":"closed","ping_status":"closed","sticky":false,"template":"","format":"standard","meta":{"_jetpack_memberships_contains_paid_content":false,"footnotes":""},"categories":[4,1],"tags":[],"class_list":["post-126451","post","type-post","status-publish","format-standard","has-post-thumbnail","hentry","category-politica","category-portada"],"jetpack_featured_media_url":"https:\/\/i0.wp.com\/cdnoticias.com\/wp-content\/uploads\/2024\/09\/WhatsApp-Image-2024-09-26-at-19.14.41.jpeg?fit=1600%2C890&ssl=1","jetpack_sharing_enabled":true,"_links":{"self":[{"href":"https:\/\/cdnoticias.com\/index.php\/wp-json\/wp\/v2\/posts\/126451","targetHints":{"allow":["GET"]}}],"collection":[{"href":"https:\/\/cdnoticias.com\/index.php\/wp-json\/wp\/v2\/posts"}],"about":[{"href":"https:\/\/cdnoticias.com\/index.php\/wp-json\/wp\/v2\/types\/post"}],"author":[{"embeddable":true,"href":"https:\/\/cdnoticias.com\/index.php\/wp-json\/wp\/v2\/users\/2"}],"replies":[{"embeddable":true,"href":"https:\/\/cdnoticias.com\/index.php\/wp-json\/wp\/v2\/comments?post=126451"}],"version-history":[{"count":0,"href":"https:\/\/cdnoticias.com\/index.php\/wp-json\/wp\/v2\/posts\/126451\/revisions"}],"wp:featuredmedia":[{"embeddable":true,"href":"https:\/\/cdnoticias.com\/index.php\/wp-json\/wp\/v2\/media\/126460"}],"wp:attachment":[{"href":"https:\/\/cdnoticias.com\/index.php\/wp-json\/wp\/v2\/media?parent=126451"}],"wp:term":[{"taxonomy":"category","embeddable":true,"href":"https:\/\/cdnoticias.com\/index.php\/wp-json\/wp\/v2\/categories?post=126451"},{"taxonomy":"post_tag","embeddable":true,"href":"https:\/\/cdnoticias.com\/index.php\/wp-json\/wp\/v2\/tags?post=126451"}],"curies":[{"name":"wp","href":"https:\/\/api.w.org\/{rel}","templated":true}]}}