{"id":126447,"date":"2024-09-26T19:44:04","date_gmt":"2024-09-26T22:44:04","guid":{"rendered":"https:\/\/cdnoticias.com\/?p=126447"},"modified":"2024-09-26T19:44:06","modified_gmt":"2024-09-26T22:44:06","slug":"el-intendente-wesner-recorrio-el-avance-de-obra-del-cec-n-801","status":"publish","type":"post","link":"https:\/\/cdnoticias.com\/index.php\/2024\/09\/26\/el-intendente-wesner-recorrio-el-avance-de-obra-del-cec-n-801\/","title":{"rendered":"El intendente Wesner recorri\u00f3 el avance de obra del CEC N\u00b0 801"},"content":{"rendered":"\n<p>El establecimiento se encuentra en avenida Jun\u00edn y avenida Col\u00f3n y los trabajos se ejecutan en distintas etapas.<\/p>\n\n\n\n<hr class=\"wp-block-separator aligncenter has-alpha-channel-opacity\"\/>\n\n\n\n<p>En la ma\u00f1ana de este jueves, <strong>el intendente Maximiliano Wesner recorri\u00f3 las instalaciones del Centro de Educaci\u00f3n Complementaria N\u00ba 801;<\/strong> que se encuentra en obra, <strong>con un importante grado de avance.<\/strong><\/p>\n\n\n\n<p><\/p>\n\n\n\n<p>Tales obras fueron adjudicadas por v\u00eda licitatoria a la empresa PECMA S.R.L., y cuentan con la supervisi\u00f3n de la Secretar\u00eda de Obras, Infraestructura y Servicios P\u00fablicos de la Municipalidad.<\/p>\n\n\n\n<p><\/p>\n\n\n\n<p>Acompa\u00f1\u00f3 al Intendente el secretario de Obras, Infraestructura y Servicios P\u00fablicos Orfel Fari\u00f1a, junto a personal del \u00e1rea y referentes de la firma adjudicataria.<\/p>\n\n\n\n<p><\/p>\n\n\n\n<p>Los trabajos en este establecimiento educativo,<strong> ubicado en avenida Jun\u00edn y avenida Col\u00f3n, se ejecutan en distintas etapas;<\/strong> en las cuales se llevan a cabo arreglos en el frente, sector de galer\u00edas, en el techo y su estructura met\u00e1lica y tambi\u00e9n en el Sal\u00f3n de Usos M\u00faltiples.<\/p>\n\n\n\n<p><\/p>\n\n\n\n<figure class=\"wp-block-image aligncenter size-full\"><img data-recalc-dims=\"1\" loading=\"lazy\" decoding=\"async\" width=\"800\" height=\"420\" src=\"https:\/\/i0.wp.com\/cdnoticias.com\/wp-content\/uploads\/2024\/09\/obra-cec-wesner.png?resize=800%2C420&#038;ssl=1\" alt=\"\" class=\"wp-image-126448\" srcset=\"https:\/\/i0.wp.com\/cdnoticias.com\/wp-content\/uploads\/2024\/09\/obra-cec-wesner.png?w=893&amp;ssl=1 893w, https:\/\/i0.wp.com\/cdnoticias.com\/wp-content\/uploads\/2024\/09\/obra-cec-wesner.png?resize=300%2C158&amp;ssl=1 300w, https:\/\/i0.wp.com\/cdnoticias.com\/wp-content\/uploads\/2024\/09\/obra-cec-wesner.png?resize=768%2C403&amp;ssl=1 768w, https:\/\/i0.wp.com\/cdnoticias.com\/wp-content\/uploads\/2024\/09\/obra-cec-wesner.png?resize=390%2C205&amp;ssl=1 390w\" sizes=\"auto, (max-width: 800px) 100vw, 800px\" \/><\/figure>\n\n\n\n<p><\/p>\n\n\n\n<p>En detalle, las obras comprenden: en el frente, la demolici\u00f3n y reconstrucci\u00f3n del muro de cerramiento del frente del establecimiento con su port\u00f3n de acceso correspondiente.<\/p>\n\n\n\n<p><\/p>\n\n\n\n<p>Tambi\u00e9n se interviene el sector de galer\u00edas semicubiertas, con la construcci\u00f3n de un nuevo techo, piso y contrapiso y la reparaci\u00f3n de revoques da\u00f1ados tanto exterior como interior, para luego ser pintados.<\/p>\n\n\n\n<p><\/p>\n\n\n\n<p>Las tareas involucran adem\u00e1s importantes arreglos en el techo y su estructura met\u00e1lica, donde se efect\u00faa el recambio de chapas y cabriadas de maderas en mal estado.<\/p>\n\n\n\n<p><\/p>\n\n\n\n<p>Por \u00faltimo en el SUM se llevan adelante arreglos varios, se revoca y repara la totalidad de las cargas y se coloca membrana, tambi\u00e9n se provee y coloca la ca\u00f1er\u00eda de desag\u00fce vertical y boquilla en desag\u00fce de frente.<\/p>\n","protected":false},"excerpt":{"rendered":"<p>El establecimiento se encuentra en avenida Jun\u00edn y avenida Col\u00f3n y los trabajos se ejecutan en distintas etapas. En la<\/p>\n","protected":false},"author":6,"featured_media":126449,"comment_status":"closed","ping_status":"closed","sticky":false,"template":"","format":"standard","meta":{"_jetpack_memberships_contains_paid_content":false,"footnotes":""},"categories":[5,1],"tags":[],"class_list":["post-126447","post","type-post","status-publish","format-standard","has-post-thumbnail","hentry","category-informacion-general","category-portada"],"jetpack_featured_media_url":"https:\/\/i0.wp.com\/cdnoticias.com\/wp-content\/uploads\/2024\/09\/obra-cec-wesner1.png?fit=893%2C454&ssl=1","jetpack_sharing_enabled":true,"_links":{"self":[{"href":"https:\/\/cdnoticias.com\/index.php\/wp-json\/wp\/v2\/posts\/126447","targetHints":{"allow":["GET"]}}],"collection":[{"href":"https:\/\/cdnoticias.com\/index.php\/wp-json\/wp\/v2\/posts"}],"about":[{"href":"https:\/\/cdnoticias.com\/index.php\/wp-json\/wp\/v2\/types\/post"}],"author":[{"embeddable":true,"href":"https:\/\/cdnoticias.com\/index.php\/wp-json\/wp\/v2\/users\/6"}],"replies":[{"embeddable":true,"href":"https:\/\/cdnoticias.com\/index.php\/wp-json\/wp\/v2\/comments?post=126447"}],"version-history":[{"count":0,"href":"https:\/\/cdnoticias.com\/index.php\/wp-json\/wp\/v2\/posts\/126447\/revisions"}],"wp:featuredmedia":[{"embeddable":true,"href":"https:\/\/cdnoticias.com\/index.php\/wp-json\/wp\/v2\/media\/126449"}],"wp:attachment":[{"href":"https:\/\/cdnoticias.com\/index.php\/wp-json\/wp\/v2\/media?parent=126447"}],"wp:term":[{"taxonomy":"category","embeddable":true,"href":"https:\/\/cdnoticias.com\/index.php\/wp-json\/wp\/v2\/categories?post=126447"},{"taxonomy":"post_tag","embeddable":true,"href":"https:\/\/cdnoticias.com\/index.php\/wp-json\/wp\/v2\/tags?post=126447"}],"curies":[{"name":"wp","href":"https:\/\/api.w.org\/{rel}","templated":true}]}}